
{"id":5502,"date":"2019-07-15T23:16:14","date_gmt":"2019-07-15T21:16:14","guid":{"rendered":"https:\/\/passent.blog.polityka.pl\/?p=5502"},"modified":"2019-07-16T08:10:18","modified_gmt":"2019-07-16T06:10:18","slug":"z-taka-broszka-europie-nie-do-twarzy","status":"publish","type":"post","link":"https:\/\/blog.polityka.pl\/passent\/2019\/07\/15\/z-taka-broszka-europie-nie-do-twarzy\/","title":{"rendered":"Z tak\u0105 broszk\u0105 Europie nie do twarzy"},"content":{"rendered":"<p>Nie za to ojciec syna bi\u0142, \u017ce w karty gra\u0142, tylko za to, \u017ce si\u0119 odgrywa\u0142 \u2013 m\u00f3wi popularne przys\u0142owie. Dlaczego PiS si\u0119 odgrywa\u0142 i po dotkliwej pora\u017cce Beaty Szyd\u0142o ponownie wystawi\u0142 jej kandydatur\u0119 na przewodnicz\u0105c\u0105 Komisji Zatrudnienia i Spraw Socjalnych PE \u2013 trudno zrozumie\u0107.<br \/>\n<!--more--><br \/>\nPodobno PiS liczy\u0142, \u017ce jego g\u0142osy b\u0119d\u0105 potrzebne do przeforsowania kandydatury Ursuli von der Leyen na stanowisko przewodnicz\u0105cej Komisji Europejskiej. Polska, podobnie jak W\u0119gry, kandydatur\u0119 niemieckiej polityk ju\u017c popar\u0142a. <\/p>\n<p>Co b\u0119dzie teraz, po odrzuceniu Szyd\u0142o, to si\u0119 oka\u017ce we wtorek wieczorem, po wyborach. Ostatecznie poparcie mo\u017cna cofn\u0105\u0107, ale w zamian za co?<\/p>\n<p>Tak czy owak &#8211; ponowne wystawienie kandydatury by\u0142ej premier zaszkodzi\u0142o jej samej (upokorzenie, wizerunek polityczki \u201eniewybieralnej\u201d w Europie) i Polsce w og\u00f3le, kt\u00f3rej lata \u201edobrej zmiany\u201d g\u0142\u0119boko wry\u0142y si\u0119 w pami\u0119\u0107 Europy. Wiele wskazuje, \u017ce inna kandydatka PiS, np. El\u017cbieta Rafalska, zosta\u0142aby wybrana jako mniej identyfikowana z IV RP, nie oszukiwa\u0142a Parlamentu Europejskiego w 2015 r. w sprawie wymiaru sprawiedliwo\u015bci w Polsce,  a mo\u017ce jest nie mniej kompetentna, kto wie \u2013 mo\u017ce nawet zna jaki\u015b j\u0119zyk obcy?<\/p>\n<p>Uderzaj\u0105ca jest r\u00f3\u017cnica w poparciu kandydatury Beaty Szyd\u0142o w wyborach \u201edo Europy\u201d i w samej Europie. W Polsce sukces, w Europie &#8211; fiasko. W kraju zdoby\u0142a najwi\u0119cej g\u0142os\u00f3w spo\u015br\u00f3d wszystkich kandydat\u00f3w (-ek). W Europie \u2013 przeciwnie, du\u017co za ma\u0142o, \u017ceby zosta\u0107 przewodnicz\u0105c\u0105 komisji.<\/p>\n<p>Jak to obja\u015bni\u0107? Po pierwsze, w Polsce za \u201enasz\u0105 Beatk\u0105\u201d sta\u0142a  najwi\u0119ksza i najsilniejsza partia polityczna; w Unii Prawo i Sprawiedliwo\u015b\u0107 jest jedn\u0105 z wielu partii. Po drugie, takie atuty jak 500 plus i podobne \u015bwiadczenia kupuj\u0105 wyborc\u00f3w w Polsce, natomiast w Europie ma\u0142o kogo obchodzi polska kie\u0142basa wyborcza. Tam mniej licz\u0105 si\u0119 pieni\u0105dze, a wi\u0119cej warto\u015bci, takie jak sprawiedliwo\u015b\u0107, konstytucja, niezale\u017cne s\u0105downictwo. Podobnie jak w latach 80. ubieg\u0142ego wieku Zach\u00f3d solidaryzuje si\u0119 z obozem demokracji, a nie z autorytarn\u0105  w\u0142adz\u0105.<\/p>\n<p>Po trzecie, od czasu swojego niechlubnego wyst\u0105pienia w PE w 2015 r., a potem walki z kandydatur\u0105 Tuska Beata Szyd\u0142o sta\u0142a si\u0119 osob\u0105 rozpoznawaln\u0105 za granic\u0105, broszk\u0105 PiS. Z tak\u0105 broszk\u0105 Europie nie jest do twarzy.<\/p>\n<p><strong>Zaproszenie<\/strong><br \/>\nNaszym Go\u015bciem w TOK FM b\u0119dzie prof. Adam Daniel Rotfeld, wybitny znawca spraw mi\u0119dzynarodowych, by\u0142y dyrektor SIPRI i minister spraw zagranicznych. Niedziela 21 lipca, godzina 10:05. Zapraszam!<\/p>\n","protected":false},"excerpt":{"rendered":"<p>Jak to obja\u015bni\u0107?<\/p>\n","protected":false},"author":4,"featured_media":5508,"comment_status":"open","ping_status":"closed","sticky":false,"template":"","format":"standard","meta":{"footnotes":""},"categories":[1],"tags":[],"_links":{"self":[{"href":"https:\/\/blog.polityka.pl\/passent\/wp-json\/wp\/v2\/posts\/5502"}],"collection":[{"href":"https:\/\/blog.polityka.pl\/passent\/wp-json\/wp\/v2\/posts"}],"about":[{"href":"https:\/\/blog.polityka.pl\/passent\/wp-json\/wp\/v2\/types\/post"}],"author":[{"embeddable":true,"href":"https:\/\/blog.polityka.pl\/passent\/wp-json\/wp\/v2\/users\/4"}],"replies":[{"embeddable":true,"href":"https:\/\/blog.polityka.pl\/passent\/wp-json\/wp\/v2\/comments?post=5502"}],"version-history":[{"count":5,"href":"https:\/\/blog.polityka.pl\/passent\/wp-json\/wp\/v2\/posts\/5502\/revisions"}],"predecessor-version":[{"id":5509,"href":"https:\/\/blog.polityka.pl\/passent\/wp-json\/wp\/v2\/posts\/5502\/revisions\/5509"}],"wp:featuredmedia":[{"embeddable":true,"href":"https:\/\/blog.polityka.pl\/passent\/wp-json\/wp\/v2\/media\/5508"}],"wp:attachment":[{"href":"https:\/\/blog.polityka.pl\/passent\/wp-json\/wp\/v2\/media?parent=5502"}],"wp:term":[{"taxonomy":"category","embeddable":true,"href":"https:\/\/blog.polityka.pl\/passent\/wp-json\/wp\/v2\/categories?post=5502"},{"taxonomy":"post_tag","embeddable":true,"href":"https:\/\/blog.polityka.pl\/passent\/wp-json\/wp\/v2\/tags?post=5502"}],"curies":[{"name":"wp","href":"https:\/\/api.w.org\/{rel}","templated":true}]}}