
{"id":5510,"date":"2019-07-20T21:29:15","date_gmt":"2019-07-20T19:29:15","guid":{"rendered":"https:\/\/passent.blog.polityka.pl\/?p=5510"},"modified":"2019-07-20T22:20:13","modified_gmt":"2019-07-20T20:20:13","slug":"punkt-dla-kaczynskiego","status":"publish","type":"post","link":"https:\/\/blog.polityka.pl\/passent\/2019\/07\/20\/punkt-dla-kaczynskiego\/","title":{"rendered":"Punkt dla Kaczy\u0144skiego"},"content":{"rendered":"<p>W walce o praworz\u0105dno\u015b\u0107 w Polsce wa\u017cn\u0105 rol\u0119 odgrywaj\u0105 instytucje mi\u0119dzynarodowe, w tym unijne, i politycy tacy jak Frans Timmermans. Jeszcze kilka dni temu wydawa\u0142o si\u0119, \u017ce przewa\u017caj\u0105cy na Zachodzie sceptycyzm w stosunku do dzia\u0142a\u0144 PiS podziela nowa przewodnicz\u0105ca Komisji Europejskiej Ursula von der Leyen, kt\u00f3ra w pierwszych wypowiedziach podkre\u015bla\u0142a priorytet prawa i sprawiedliwo\u015bci (od ma\u0142ych liter) w jej agendzie.<br \/>\n<!--more--><br \/>\nTymczasem w ostatnich dniach pojawiaj\u0105 si\u0119 nowe akcenty. Okazuje si\u0119, \u017ce mia\u0142o miejsce zakulisowe porozumienie Berlin\u2013Warszawa, zgodnie z kt\u00f3rym Berlin poprze wyb\u00f3r Beaty Szyd\u0142o na przewodnicz\u0105c\u0105 komisji ds. zatrudnienia w PE, natomiast Warszawa wesprze wyb\u00f3r von der Leyen na przewodnicz\u0105c\u0105 Komisji Europejskiej. Podobno na temat takiego porozumienia polityk CDU Paul Ziemiak rozmawia\u0142 z prezesem Kaczy\u0144skim i rzecz zosta\u0142a dogadana.<\/p>\n<p>Kiedy mimo to kandydatura \u201enaszej Beaty\u201d zosta\u0142a zablokowana po raz drugi, Kaczy\u0144ski o\u015bwiadczy\u0142, \u017ce porozumienia nale\u017cy respektowa\u0107. Kanclerz Merkel telefonowa\u0142a do premiera, m\u00f3wi\u0105c, \u017ce jest zdumiona takim obrotem spraw i takich praktyk w Bundestagu nie ma. Mimo to europos\u0142owie rodem z PiS nie zablokowali kandydatury Niemki, nie unie\u015bli si\u0119 ura\u017con\u0105 ambicj\u0105, tylko j\u0105 poparli, praktycznie umo\u017cliwiaj\u0105c jej wyb\u00f3r na kluczowe stanowisko w PE. Zyskali uznanie za polityczny realizm, kt\u00f3ry wzi\u0105\u0142 g\u00f3r\u0119 nad emocjami (\u201enie b\u0119dzie Niemiec&#8230;, stoimy murem za Beat\u0105\u201d).<\/p>\n<p>Na pewno zrobi\u0142o to dobre wra\u017cenie w Niemczech, a duet Kaczy\u0144ski\u2013Morawiecki mo\u017ce twierdzi\u0107, \u017ce jest powa\u017cnym i wiarygodnym partnerem. Zap\u0142ata przysz\u0142a pr\u0119dzej, ni\u017c mo\u017cna by\u0142o oczekiwa\u0107. Ursula von der Leyen w kolejnym wyst\u0105pieniu zmieni\u0142a ju\u017c akcenty na temat praworz\u0105dno\u015bci w krajach Europy \u015arodkowo-Wschodniej.<\/p>\n<p>Dowiadujemy si\u0119, \u017ce idealnych rozwi\u0105za\u0144 nie ma, \u017ce wszyscy do nich d\u0105\u017cymy, a sankcje finansowe za gwa\u0142cenie praworz\u0105dno\u015bci by\u0142yby ostateczno\u015bci\u0105. Pani von der Leyen post\u0105pi\u0142a zgodnie z zasad\u0105, \u017ce kto szybko daje \u2013 dwa razy daje. Opozycji pozostaje inne przys\u0142owie niemieckie: raz to tyle co ani razu.<\/p>\n","protected":false},"excerpt":{"rendered":"<p>Duet Kaczy\u0144ski\u2013Morawiecki mo\u017ce twierdzi\u0107, \u017ce jest powa\u017cnym i wiarygodnym partnerem.<\/p>\n","protected":false},"author":4,"featured_media":5290,"comment_status":"open","ping_status":"closed","sticky":false,"template":"","format":"standard","meta":{"footnotes":""},"categories":[1],"tags":[],"_links":{"self":[{"href":"https:\/\/blog.polityka.pl\/passent\/wp-json\/wp\/v2\/posts\/5510"}],"collection":[{"href":"https:\/\/blog.polityka.pl\/passent\/wp-json\/wp\/v2\/posts"}],"about":[{"href":"https:\/\/blog.polityka.pl\/passent\/wp-json\/wp\/v2\/types\/post"}],"author":[{"embeddable":true,"href":"https:\/\/blog.polityka.pl\/passent\/wp-json\/wp\/v2\/users\/4"}],"replies":[{"embeddable":true,"href":"https:\/\/blog.polityka.pl\/passent\/wp-json\/wp\/v2\/comments?post=5510"}],"version-history":[{"count":5,"href":"https:\/\/blog.polityka.pl\/passent\/wp-json\/wp\/v2\/posts\/5510\/revisions"}],"predecessor-version":[{"id":5515,"href":"https:\/\/blog.polityka.pl\/passent\/wp-json\/wp\/v2\/posts\/5510\/revisions\/5515"}],"wp:featuredmedia":[{"embeddable":true,"href":"https:\/\/blog.polityka.pl\/passent\/wp-json\/wp\/v2\/media\/5290"}],"wp:attachment":[{"href":"https:\/\/blog.polityka.pl\/passent\/wp-json\/wp\/v2\/media?parent=5510"}],"wp:term":[{"taxonomy":"category","embeddable":true,"href":"https:\/\/blog.polityka.pl\/passent\/wp-json\/wp\/v2\/categories?post=5510"},{"taxonomy":"post_tag","embeddable":true,"href":"https:\/\/blog.polityka.pl\/passent\/wp-json\/wp\/v2\/tags?post=5510"}],"curies":[{"name":"wp","href":"https:\/\/api.w.org\/{rel}","templated":true}]}}