
{"id":5517,"date":"2019-07-26T16:52:06","date_gmt":"2019-07-26T14:52:06","guid":{"rendered":"https:\/\/passent.blog.polityka.pl\/?p=5517"},"modified":"2019-07-26T22:09:03","modified_gmt":"2019-07-26T20:09:03","slug":"widmo-krazy-po-polsce-2","status":"publish","type":"post","link":"https:\/\/blog.polityka.pl\/passent\/2019\/07\/26\/widmo-krazy-po-polsce-2\/","title":{"rendered":"Widmo kr\u0105\u017cy po Polsce\u2026"},"content":{"rendered":"<p>Faszyzm nie kojarzy si\u0119 z systemem autostrad, z robotami publicznymi i z korporacjonizmem, lecz przede wszystkim z totaln\u0105 w\u0142adz\u0105 jednego o\u015brodka, jednej partii, jednego przyw\u00f3dcy, z rasizmem, przemoc\u0105, ideologi\u0105 narodowo-socjalistyczn\u0105, ekspansj\u0105 terytorialn\u0105, zbrodniami przeciwko ludzko\u015bci, Holokaustem, systemem totalitarnym: jedno pa\u0144stwo, jedna partia, jeden fuhrer.<br \/>\n<!--more--><br \/>\nFaszyzm, w odr\u00f3\u017cnieniu od komunizmu, zosta\u0142 pokonany w czasie II wojny, ale jego pozosta\u0142o\u015bci przetrwa\u0142y i w sprzyjaj\u0105cych warunkach mog\u0105 od\u017cy\u0107.<\/p>\n<p>Pierwszy przyk\u0142ad to kwestia imigracji z po\u0142udnia na p\u00f3\u0142noc. Gdyby imigranci, nawet nielegalni, byli biali i byli chrze\u015bcijanami, sprawa wygl\u0105da\u0142aby inaczej. Nie by\u0142oby mowy o wojnie kulturowej czy cywilizacyjnej, kt\u00f3ra dzieli narody. W naszym kraju ju\u017c straszy si\u0119 Polak\u00f3w wojn\u0105 cywilizacyjn\u0105, zagro\u017ceniem chrze\u015bcija\u0144stwa, a przede wszystkim katolicyzmu &#8211; \u201enajbardziej prze\u015bladowanej religii na \u015bwiecie\u201d. Istniej\u0105 wi\u0119c okoliczno\u015bci sprzyjaj\u0105ce fanatykom.<\/p>\n<p>Miejsce \u017byd\u00f3w zajmuj\u0105 dzi\u015b osoby LGBT. Oczywi\u015bcie, nikt nie ka\u017ce im jeszcze nosi\u0107 r\u00f3\u017cowych opasek, ale kto wie, czy dla ich \u201ebezpiecze\u0144stwa\u201d nie wpadnie komu\u015b do g\u0142owy, aby za\u0142o\u017cyli opaski, \u017ceby policjanci mogli odr\u00f3\u017cni\u0107 ich od bandyt\u00f3w, kt\u00f3rzy ich atakuj\u0105.<\/p>\n<p>Pot\u0119pienie \u201epederast\u00f3w, zbocze\u0144c\u00f3w, ciot\u201d nie jest w Polsce karane ani rzadkie. Od prawicowych pi\u015bmide\u0142 po najbardziej pot\u0119\u017cnego cz\u0142owieka w Polsce. Wszak nie kto inny jak prezes Kaczy\u0144ski powiedzia\u0142 kilka dni temu, \u017ce nie musimy chodzi\u0107 pod t\u0119czowym sztandarem, mamy sw\u00f3j, bia\u0142o-czerwony.<\/p>\n<p>Czym\u017ce jest przeciwstawienie obu sztandar\u00f3w? Prezes uzna\u0142, \u017ce \u201eideologia\u201d (jaka?) LGBT stanowi zagro\u017cenie naszej to\u017csamo\u015bci i interesu narodowego (nie cytuj\u0119 dos\u0142ownie). Osi\u0142ki, bandyci, kt\u00f3rzy atakuj\u0105 marsz r\u00f3wno\u015bci, mog\u0105 s\u0105dzi\u0107, \u017ce broni\u0105 ojczyzny przed pederastami! S\u0105 spadkobiercami \u017bo\u0142nierzy Wykl\u0119tych i wszystkiego, co najlepsze w polskiej tradycji katolickiej.<\/p>\n<p>To dlatego publicznie dzi\u0119kuj\u0105 im duchowni, cho\u0107 episkopat bandyt\u00f3w pot\u0119pi\u0142. Warto przypomnie\u0107, \u017ce hitlerowska Rzesza traktowa\u0142a homoseksualist\u00f3w podobnie jak \u017byd\u00f3w \u2013 jedni i drudzy trafiali do pieca w pierwszej kolejno\u015bci. W Polsce powinien stan\u0105\u0107 pomnik homoseksualnych ofiar hitleryzmu.<\/p>\n<p>Wreszcie ostatnia moja uwaga dotyczy konfliktu hitlerowc\u00f3w z s\u0119dziami. Jeszcze zanim w 1933 r. NSDAP obj\u0119\u0142o w\u0142adz\u0119, mia\u0142 miejsce konflikt tej partii ze \u015brodowiskiem s\u0119dziowskim. Pisa\u0142 o tym m.in. prof. Franciszek Ryszka w pionierskiej ksi\u0105\u017cce \u201ePa\u0144stwo stanu wyj\u0105tkowego\u201d.<\/p>\n<p>Podsumowuj\u0105c: nie nale\u017cy szermowa\u0107 oskar\u017ceniami o faszyzm, ale warto i nale\u017cy mie\u0107 dobr\u0105 pami\u0119\u0107 i oczy otwarte.<\/p>\n<p><strong>Zaproszenie<\/strong><br \/>\nGo\u015bcie Plus b\u0119d\u0105 z nami w TOK FM &#8211; niedziela 28 lipca, godz. 10.05: Jerzy HASZCZY\u0143SKI, kierownik dzia\u0142u zagranicznego \u201eRzeczpospolitej\u201d, dr Katarzyna KASIA, filozofka, teoretyk sztuki, ASP (odkrycie komentatorskie sezonu!), i Micha\u0142 SUTOWSKI, publicysta, t\u0142umacz, sekretarz redakcji &#8222;Krytyki Politycznej&#8221;. B\u0105d\u017acie z nami!<\/p>\n","protected":false},"excerpt":{"rendered":"<p>Nie nale\u017cy szermowa\u0107 oskar\u017ceniami o faszyzm, ale warto i nale\u017cy mie\u0107 dobr\u0105 pami\u0119\u0107.<\/p>\n","protected":false},"author":4,"featured_media":5165,"comment_status":"open","ping_status":"closed","sticky":false,"template":"","format":"standard","meta":{"footnotes":""},"categories":[1],"tags":[],"_links":{"self":[{"href":"https:\/\/blog.polityka.pl\/passent\/wp-json\/wp\/v2\/posts\/5517"}],"collection":[{"href":"https:\/\/blog.polityka.pl\/passent\/wp-json\/wp\/v2\/posts"}],"about":[{"href":"https:\/\/blog.polityka.pl\/passent\/wp-json\/wp\/v2\/types\/post"}],"author":[{"embeddable":true,"href":"https:\/\/blog.polityka.pl\/passent\/wp-json\/wp\/v2\/users\/4"}],"replies":[{"embeddable":true,"href":"https:\/\/blog.polityka.pl\/passent\/wp-json\/wp\/v2\/comments?post=5517"}],"version-history":[{"count":3,"href":"https:\/\/blog.polityka.pl\/passent\/wp-json\/wp\/v2\/posts\/5517\/revisions"}],"predecessor-version":[{"id":5521,"href":"https:\/\/blog.polityka.pl\/passent\/wp-json\/wp\/v2\/posts\/5517\/revisions\/5521"}],"wp:featuredmedia":[{"embeddable":true,"href":"https:\/\/blog.polityka.pl\/passent\/wp-json\/wp\/v2\/media\/5165"}],"wp:attachment":[{"href":"https:\/\/blog.polityka.pl\/passent\/wp-json\/wp\/v2\/media?parent=5517"}],"wp:term":[{"taxonomy":"category","embeddable":true,"href":"https:\/\/blog.polityka.pl\/passent\/wp-json\/wp\/v2\/categories?post=5517"},{"taxonomy":"post_tag","embeddable":true,"href":"https:\/\/blog.polityka.pl\/passent\/wp-json\/wp\/v2\/tags?post=5517"}],"curies":[{"name":"wp","href":"https:\/\/api.w.org\/{rel}","templated":true}]}}