
{"id":5522,"date":"2019-07-29T18:42:05","date_gmt":"2019-07-29T16:42:05","guid":{"rendered":"https:\/\/passent.blog.polityka.pl\/?p=5522"},"modified":"2019-07-29T19:09:24","modified_gmt":"2019-07-29T17:09:24","slug":"na-gape","status":"publish","type":"post","link":"https:\/\/blog.polityka.pl\/passent\/2019\/07\/29\/na-gape\/","title":{"rendered":"Na gap\u0119"},"content":{"rendered":"<p>Druga osoba w pa\u0144stwie po\u0142aszczy\u0142a si\u0119 na 23 loty swojej rodziny rz\u0105dowym samolotem \u201ena gap\u0119\u201d. Najpierw nie chcia\u0142a (druga osoba) si\u0119 przyzna\u0107, ale nast\u0119pnie &#8211; po dw\u00f3ch dniach m\u0119czarni i bezpodstawnych, demagogicznych, medialnych oskar\u017ce\u0144, broni\u0105c si\u0119, jak mog\u0142a, w atmosferze skandalu, na sugesti\u0119 pierwszej osoby w pa\u0144stwie &#8211; wp\u0142aci\u0142a cz\u0119\u015b\u0107 \u201ezaoszcz\u0119dzonych\u201d pieni\u0119dzy na cele charytatywne, co umo\u017cliwi jej (to znaczy drugiej osobie) odliczenie tej kwoty od podatku.<br \/>\n<!--more--><br \/>\nKto jest pierwsz\u0105 osob\u0105 w pa\u0144stwie? Niew\u0105tpliwie Jaros\u0142aw Kaczy\u0144ski, ten sam, kt\u00f3ry ostrzega\u0142, \u017ce do polityki nie idzie si\u0119 po pieni\u0105dze. To on \u201esk\u0142oni\u0142\u201d marsza\u0142ka Sejmu Kuchci\u0144skiego do zwrotu pieni\u0119dzy, chocia\u017c ka\u017cde dziecko wie, \u017ce jazda tramwajem na gap\u0119 jest nieuczciwa i karalna. Do tego nie jest potrzebna pierwsza osoba pa\u0144stwowa. Wie to na pewno rodzina marsza\u0142ka, ale skoro tatu\u015b zaprasza, to trudno odm\u00f3wi\u0107, a samolot i tak leci, to nikomu nie dzieje si\u0119 krzywda.<\/p>\n<p>Tatu\u015b i ochrona te\u017c s\u0105 zadowoleni, bo zamiast \u201epodrzuca\u0107\u201d do Warszawy czy do Rzeszowa osoby obce, niesprawdzone, co wi\u0105za\u0142oby si\u0119 z pewnym ryzykiem, zabieraj\u0105 osoby bliskie i godne zaufania, \u017ce nikomu ani mru-mru.<\/p>\n<p>\u017beby druga osoba w pa\u0144stwie podwozi\u0142a za darmo swoj\u0105 rodzin\u0119, to si\u0119 z trudem mie\u015bci w g\u0142owach opozycji i peda\u0142\u00f3w, poniewa\u017c dla nich rodzina nie jest wa\u017cna, rodzina si\u0119 nie liczy, dla nich licz\u0105 si\u0119 tylko pieni\u0105dze. Oni nie wezm\u0105 dzieci na pok\u0142ad, bo ich nie kochaj\u0105, w g\u0142owie im tylko seks i inne \u015bwi\u0144stwa. Korupcja i kopulacja. Przecie\u017c jeszcze mamy w uszach zapewnienia Beaty Szyd\u0142o, \u017ce skromno\u015b\u0107, \u017ce pokora, \u017ce s\u0142u\u017cba, a nie tak jak w czasie szcz\u0119\u015bliwie minionych o\u015bmiu lat&#8230;<\/p>\n<p>Nie min\u0119\u0142y trzy lata, jak im si\u0119 te pieni\u0105dze \u201enale\u017ca\u0142y\u201d. Podobno natrafiono w Caritasie na 3 (s\u0142ownie trzy) wp\u0142aty. A gdzie reszta? Marsza\u0142kowi te\u017c si\u0119 nale\u017ca\u0142y. Kiedy ju\u017c wreszcie media prywatne zostan\u0105 \u201erestrukturyzowane, repolonizowane\u201d, czyli kiedy ju\u017c b\u0119dzie mo\u017cna bra\u0107, ile dusza zapragnie? Bo media \u201epubliczne\u201d nigdy, przenigdy by o Air Kuchci\u0144ski nie wspomnia\u0142y.<\/p>\n<p>Nie pierwszy to raz, kiedy prezes Kaczy\u0144ski ka\u017ce post\u0105pi\u0107 przyzwoicie (z malutkimi znaczkami zapytania, jak Srebrna!), ale przecie\u017c je\u017cd\u017cenie na gap\u0119 to nie jest sprawa na poziomie pierwszej osoby w du\u017cym pa\u0144stwie europejskim. Czasami s\u0142yszy si\u0119, \u017ce ludzie PiS zajmuj\u0105 milionowe posady w sp\u00f3\u0142kach skarbu pa\u0144stwa, \u201ebo prezes o tym nie wie\u201d. Bzdura. Prezes wie wszystko, nawet kto je\u017adzi na gap\u0119 przed wyborami. Przed wyborami!!! Gdyby to si\u0119 wyda\u0142o po wyborach, rok\u2013dwa lata temu, to co innego, ale przed wyborami? Kto to s\u0142ysza\u0142? Marsza\u0142ek Kuchci\u0144ski, w Sejmie taki akuratny, dok\u0142adnie odmierza ka\u017cd\u0105 jedn\u0105 minut\u0119 na wyst\u0105pienie poselskie, tym razem zapomnia\u0142 o wyborach i w og\u00f3le post\u0105pi\u0142 \u201epoza wszelkim trybem!\u201d.<\/p>\n<p>Co\u015b mi si\u0119 wydaje, \u017ce marsza\u0142ek nie jest \u201edrugom osobom\u201d w pa\u0144stwie, chocia\u017c tak stanowi konstytucja. \u201eDrugom osobom\u201d jest prezydent Duda Andrzej, chocia\u017c konstytucja stanowi itd. Jak trzeba, to prezydent interpretuje konstytucj\u0119 po swojemu i cho\u0107by przysz\u0142o tysi\u0105c Matczak\u00f3w, Rzepli\u0144skich, \u0141\u0119towskich, Sadurskich, Safjan\u00f3w i innych Biernat\u00f3w, to i tak pan prezydent, z pomoc\u0105 pana Piotrowicza, zrobi, co uwa\u017ca, bo wa\u017cniejsza ni\u017c prawo jest wola ludu, jak m\u00f3wi Kornel Morawiecki, kt\u00f3rego syn, Mateusz, jest chyba trzeci\u0105 osob\u0105 w pa\u0144stwie.<\/p>\n<p>M\u00f3j ranking: 1) Kaczy\u0144ski, 2) Duda, 3) Morawiecki. A Kuchci\u0144ski? \u2013 zapytaj\u0105 Pa\u0144stwo. A ten lekarz, kt\u00f3ry pe\u0142ni ostry \u2013 cz\u0119sto nocny \u2013 dy\u017cur w Senacie, czy on nie jest potrzebny? Jest, ale w s\u0142u\u017cbie zdrowia, tam lekarze s\u0105 na wag\u0119 z\u0142ota. Bo w polityce trzeba mie\u0107 g\u0142ow\u0119 do interes\u00f3w.<\/p>\n","protected":false},"excerpt":{"rendered":"<p>Bo w polityce trzeba mie\u0107 g\u0142ow\u0119 do interes\u00f3w.<\/p>\n","protected":false},"author":4,"featured_media":5526,"comment_status":"open","ping_status":"closed","sticky":false,"template":"","format":"standard","meta":{"footnotes":""},"categories":[1],"tags":[],"_links":{"self":[{"href":"https:\/\/blog.polityka.pl\/passent\/wp-json\/wp\/v2\/posts\/5522"}],"collection":[{"href":"https:\/\/blog.polityka.pl\/passent\/wp-json\/wp\/v2\/posts"}],"about":[{"href":"https:\/\/blog.polityka.pl\/passent\/wp-json\/wp\/v2\/types\/post"}],"author":[{"embeddable":true,"href":"https:\/\/blog.polityka.pl\/passent\/wp-json\/wp\/v2\/users\/4"}],"replies":[{"embeddable":true,"href":"https:\/\/blog.polityka.pl\/passent\/wp-json\/wp\/v2\/comments?post=5522"}],"version-history":[{"count":5,"href":"https:\/\/blog.polityka.pl\/passent\/wp-json\/wp\/v2\/posts\/5522\/revisions"}],"predecessor-version":[{"id":5528,"href":"https:\/\/blog.polityka.pl\/passent\/wp-json\/wp\/v2\/posts\/5522\/revisions\/5528"}],"wp:featuredmedia":[{"embeddable":true,"href":"https:\/\/blog.polityka.pl\/passent\/wp-json\/wp\/v2\/media\/5526"}],"wp:attachment":[{"href":"https:\/\/blog.polityka.pl\/passent\/wp-json\/wp\/v2\/media?parent=5522"}],"wp:term":[{"taxonomy":"category","embeddable":true,"href":"https:\/\/blog.polityka.pl\/passent\/wp-json\/wp\/v2\/categories?post=5522"},{"taxonomy":"post_tag","embeddable":true,"href":"https:\/\/blog.polityka.pl\/passent\/wp-json\/wp\/v2\/tags?post=5522"}],"curies":[{"name":"wp","href":"https:\/\/api.w.org\/{rel}","templated":true}]}}