
{"id":5529,"date":"2019-08-01T22:15:31","date_gmt":"2019-08-01T20:15:31","guid":{"rendered":"https:\/\/passent.blog.polityka.pl\/?p=5529"},"modified":"2019-08-03T17:50:34","modified_gmt":"2019-08-03T15:50:34","slug":"szambo-wybilo","status":"publish","type":"post","link":"https:\/\/blog.polityka.pl\/passent\/2019\/08\/01\/szambo-wybilo\/","title":{"rendered":"Szambo wybi\u0142o"},"content":{"rendered":"<p>Nie\u0142adnie pachnie, jak gdyby szambo wybi\u0142o, a niekt\u00f3rzy zachowuj\u0105 si\u0119, jak gdyby rozla\u0142y si\u0119 perfumy.<br \/>\n<!--more--><br \/>\nNie\u0142adnie pachnie sprawa marsza\u0142ka Sejmu Marka Kuchci\u0144skiego. Brawo dla niezale\u017cnych medi\u00f3w za to, \u017ce zatykaj\u0105c nos, dr\u0105\u017c\u0105 t\u0119 spraw\u0119. \u017beby marsza\u0142ek Sejmu, teoretycznie druga osoba w pa\u0144stwie, k\u0142ama\u0142 i zachowywa\u0142 si\u0119 jak uczniak przy\u0142apany na \u015bci\u0105ganiu lub z r\u0105czkami pod ko\u0142dr\u0105 \u2013 to wprost nie do wiary.<\/p>\n<p>Sprawa Kuchci\u0144skiego to przyk\u0142ad nies\u0142ychanej demoralizacji. Marsza\u0142ek bezwstydnie nadu\u017cywa swoich uprawnie\u0144, wykazuje zero wra\u017cliwo\u015bci, zero refleksji, ile jego uprawnienia i przywileje kosztuj\u0105 podatnika, w trybie HEAD leci na narty (!), w dodatku wszystko to ukrywa i kr\u0119ci.<\/p>\n<p>Kancelaria Sejmu powinna si\u0119 spali\u0107 ze wstydu! Owszem, przed Kuchci\u0144skim latali do domu i pracy inni, ale nie w trybie HEAD, nikt chyba tak nie kluczy\u0142 i nie k\u0142ama\u0142. Sprawa jest rozwojowa \u2013 jak m\u00f3wi\u0105 prokuratorzy, kt\u00f3rzy ju\u017c powinni bada\u0107 spraw\u0119, ale pr\u0119dzej im r\u0119ka uschnie, ni\u017c si\u0119 za ni\u0105 zabior\u0105.<\/p>\n<p>Zacz\u0119\u0142o si\u0119 od drobnego zarzutu, za tym posz\u0142o milczenie marsza\u0142ka i fa\u0142szywe komunikaty ze strony w\u0142adzy, potem sze\u015b\u0107, potem 23 loty. Do pionu usi\u0142owa\u0142 postawi\u0107 Kuchci\u0144skiego sam prezes, ten, kt\u00f3ry zapewnia\u0142, \u017ce dla pieni\u0119dzy nie idzie si\u0119 do polityki, wi\u0119c marsza\u0142ek \u0142askawie wysup\u0142a\u0142 15 tys. na cele charytatywne, ale koszty okaza\u0142y si\u0119 znacznie wy\u017csze.<\/p>\n<p>Ludzie nie s\u0105 tacy g\u0142upi, \u017ceby uznali, \u017ce 15 tys. zamyka spraw\u0119. Tylko dure\u0144 uwierzy, \u017ce loty by\u0142y pilne, sytuacje nadzwyczajne. Gdzie s\u0105 praca, pokora i umiar, kt\u00f3re zapowiada\u0142a premier Szyd\u0142o? Dymisja marsza\u0142ka? Na trzy miesi\u0105ce przed wyborami? Ma\u0142o prawdopodobne, raczej ob\u00f3z w\u0142adzy wyci\u0105gnie innego kr\u00f3lika z kapelusza, a Kuchci\u0144skiego b\u0119dzie chowa\u0107, ukrywa\u0107 za innymi, kt\u00f3rzy dadz\u0105 twarz.<\/p>\n<p>A jak brzydko pachn\u0105 nazwiska z listy poparcia dla kandydat\u00f3w do KRS? Wstydu nie maj\u0105, wyrok NSA maj\u0105 w pogardzie. Wida\u0107 jednak maj\u0105 powody do wstydu. Jakie? Tego wcze\u015bniej czy p\u00f3\u017aniej i tak si\u0119 dowiemy.<\/p>\n<p>W\u0142adza wymy\u015bli\u0142a kolejny wybieg, \u017ceby listy nie opublikowa\u0107, m.in. taki, \u017ce opozycja i internet b\u0119d\u0105 si\u0119 z os\u00f3b podpisanych na listach \u015bmia\u0107, drwi\u0107 i b\u0119dzie hejt jak st\u0105d do W\u0142adywostoku. No i \u201eochrona danych osobowych\u201d. Przed kim?<\/p>\n<p>S\u0119dziowie wstydz\u0105 si\u0119 w\u0142asnych podpis\u00f3w, a w\u0142adza ich kryje. Prawda, jaka ta w\u0142adza delikatna? Jaka kompromitacja kryje si\u0119 na tej li\u015bcie, \u017ce w\u0142adza nie chce jej opublikowa\u0107? Jaka to jest lista wstydu? Dla kogo jest taka zawstydzaj\u0105ca, \u017ce lepiej zap\u0142aci\u0107 cen\u0119 kr\u0119tactwa i pretekst\u00f3w, byle tylko nie ujrza\u0142a \u015bwiat\u0142a dziennego? Gdzie jest odwaga sygnatariuszy, kt\u00f3rzy mog\u0105 si\u0119 ujawni\u0107 sami?<\/p>\n<p>Zn\u00f3w nie\u0142adnie pachnie, ale to jeszcze nie koniec. \u017beby wujek Trump nie wiadomo ile razy przyje\u017cd\u017ca\u0142 do najbardziej proameryka\u0144skiego kraju w Europie, prezydent USA odjedzie, a my b\u0119dziemy \u0142apali si\u0119 za nos.<\/p>\n<p>Ta w\u0142adza latami nie jest w stanie zamkn\u0105\u0107 prostej sprawy wypadku kolumny samochodowej pani premier,  nie rusza afery z ulicy Srebrnej, boi si\u0119 postawi\u0107 przed s\u0105dem \u201ewieszatieli\u201d polityk\u00f3w z Wroc\u0142awia, miesi\u0105cami nie mianuje zwyci\u0119zcy konkursu na dyrektora Polin, za to cacka si\u0119 z neofaszystami, kt\u00f3rym  oddaje Warszaw\u0119 11 listopada, Rondo Dmowskiego 1 sierpnia, zaw\u0142aszcza centralny plac stolicy, bierze sobie Westerplatte, tuczy swoje media milionami ze sp\u00f3\u0142ek skarbu pa\u0144stwa &#8211; nie pomo\u017ce jej ani woda \u015bwi\u0119cona, ani perfumy.<\/p>\n<p><strong>Zaproszenie<\/strong><br \/>\nZnakomici go\u015bcie wezm\u0105 udzia\u0142 w naszym programie w TOK FM: dr Karolina WIGURA (UW i &#8222;Kultura Liberalna&#8221;, autorka imponuj\u0105cej ksi\u0105\u017cki \u201eWynalazek nowoczesnego serca. Filozoficzne \u017ar\u00f3d\u0142a my\u015blenia o emocjach\u201d), Micha\u0142 BRONIATOWSKI (jawny wsp\u00f3\u0142pracownik agencji Reuters i innych, obecnie Politico) oraz znany komentator Micha\u0142 SZU\u0141DRZY\u0143SKI (z-ca red. naczelnego &#8222;Rzeczpospolitej&#8221;). Niedziela 4 sierpnia o godz. 10:05. Zapraszam!<\/p>\n","protected":false},"excerpt":{"rendered":"<p>Ludzie nie s\u0105 tacy g\u0142upi.<\/p>\n","protected":false},"author":4,"featured_media":5137,"comment_status":"open","ping_status":"closed","sticky":false,"template":"","format":"standard","meta":{"footnotes":""},"categories":[1],"tags":[],"_links":{"self":[{"href":"https:\/\/blog.polityka.pl\/passent\/wp-json\/wp\/v2\/posts\/5529"}],"collection":[{"href":"https:\/\/blog.polityka.pl\/passent\/wp-json\/wp\/v2\/posts"}],"about":[{"href":"https:\/\/blog.polityka.pl\/passent\/wp-json\/wp\/v2\/types\/post"}],"author":[{"embeddable":true,"href":"https:\/\/blog.polityka.pl\/passent\/wp-json\/wp\/v2\/users\/4"}],"replies":[{"embeddable":true,"href":"https:\/\/blog.polityka.pl\/passent\/wp-json\/wp\/v2\/comments?post=5529"}],"version-history":[{"count":5,"href":"https:\/\/blog.polityka.pl\/passent\/wp-json\/wp\/v2\/posts\/5529\/revisions"}],"predecessor-version":[{"id":5535,"href":"https:\/\/blog.polityka.pl\/passent\/wp-json\/wp\/v2\/posts\/5529\/revisions\/5535"}],"wp:featuredmedia":[{"embeddable":true,"href":"https:\/\/blog.polityka.pl\/passent\/wp-json\/wp\/v2\/media\/5137"}],"wp:attachment":[{"href":"https:\/\/blog.polityka.pl\/passent\/wp-json\/wp\/v2\/media?parent=5529"}],"wp:term":[{"taxonomy":"category","embeddable":true,"href":"https:\/\/blog.polityka.pl\/passent\/wp-json\/wp\/v2\/categories?post=5529"},{"taxonomy":"post_tag","embeddable":true,"href":"https:\/\/blog.polityka.pl\/passent\/wp-json\/wp\/v2\/tags?post=5529"}],"curies":[{"name":"wp","href":"https:\/\/api.w.org\/{rel}","templated":true}]}}