
{"id":5544,"date":"2019-08-17T22:58:13","date_gmt":"2019-08-17T20:58:13","guid":{"rendered":"https:\/\/passent.blog.polityka.pl\/?p=5544"},"modified":"2019-08-17T23:28:11","modified_gmt":"2019-08-17T21:28:11","slug":"czy-mozna-obrazic-polityka","status":"publish","type":"post","link":"https:\/\/blog.polityka.pl\/passent\/2019\/08\/17\/czy-mozna-obrazic-polityka\/","title":{"rendered":"Czy mo\u017cna obrazi\u0107 polityka?"},"content":{"rendered":"<p>Politycy obra\u017caj\u0105 nas na ka\u017cdym kroku, obra\u017caj\u0105 nasze poczucie sprawiedliwo\u015bci, kiedy inkasuj\u0105 milionowe kwoty w sp\u00f3\u0142kach skarbu pa\u0144stwa, przepisuj\u0105 maj\u0105tek na swoj\u0105 ma\u0142\u017conk\u0119, \u017ceby samemu wygl\u0105da\u0107 skromniej, obra\u017caj\u0105 nasze poczucie prawdy, kiedy k\u0142ami\u0105 w \u017cywe oczy na temat historii Polski, czy te\u017c \u2013 jak to czyni\u0142a Beata Szyd\u0142o \u2013 w Parlamencie Europejskim. Bez k\u0142amstwa nie ma polityki.<br \/>\n<!--more--><br \/>\nAle czy mo\u017cna bezkarnie nazwa\u0107 polityka z\u0142odziejem i k\u0142amc\u0105? Mam na my\u015bli pos\u0142a Kuchci\u0144skiego. K\u0142ama\u0142? Jeszcze jak! Czy mo\u017cna wi\u0119c nazwa\u0107 go k\u0142amc\u0105? Jeszcze jak! \u017beby chocia\u017c wyduka\u0142 s\u0142owo \u201eprzepraszam\u201d.  Nie by\u0142 w stanie. I dosta\u0142 za to nagrod\u0119 od Kaczy\u0144skiego: pierwsze miejsce na li\u015bcie kandydat\u00f3w prawicy do Sejmu ze swojego okr\u0119gu! Trzeba nie mie\u0107 wstydu, \u017ceby takie wyr\u00f3\u017cnienie przyj\u0105\u0107.<\/p>\n<p>Kuchci\u0144ski obra\u017ca nasze poczucie wstydu, podobnie jak ten, kt\u00f3ry go na li\u015bcie umie\u015bci\u0142, podobnie jak tamten, kt\u00f3ry u\u0142askawi\u0142 partyjnego koleg\u0119 przed wyrokiem s\u0105du i jeszcze si\u0119 pyszni\u0142, \u017ce chcia\u0142 uwolni\u0107 s\u0105d od tej sprawy!<\/p>\n<p>Je\u017celi kilka ordynarnych oszustw wystarczy, \u017ceby zosta\u0107 kandydatem najwi\u0119kszej partii do Sejmu, to ile musia\u0142by nak\u0142ama\u0107 zwyk\u0142y przyzwoity cz\u0142owiek, \u017ceby trafi\u0142 na list\u0119 PiS?<\/p>\n<p>A teraz o kradzie\u017cy. \u201ePolska psuje si\u0119 od HEADA\u201d \u2013 jak napisa\u0142 pewien widz TVN 24. Loty nies\u0142awnego marsza\u0142ka kosztowa\u0142y ok. 4 mln z\u0142. Czy mo\u017cna utrzymywa\u0107, \u017ce marsza\u0142ek PiS te pieni\u0105dze ukrad\u0142? Chyba nie. Zatem czy z\u0142odziej? Chyba nie. Roztrwoni\u0142? Chyba tak. A wi\u0119c utracjusz. Ale \u201eutracjusz\u201d to za ma\u0142o jak na to, co marsza\u0142ek zrobi\u0142. Utracjusz trwoni swoje, Kuchci\u0144ski trwoni\u0142 nasze \u2013 wi\u0119c jak mamy go nazwa\u0107?<\/p>\n<p>Wiem jedno: Kuchci\u0144ski dosta\u0142 jedynk\u0119, \u017ceby nadal mia\u0142 immunitet. Bo w ka\u017cdym normalnym kraju&#8230; itd.<br \/>\nA teraz jego nast\u0119pczyni &#8211; marsza\u0142kini Witek El\u017cbieta. W jednym z pierwszych wyst\u0105pie\u0144, w duchu bardzo pojednawczym (taka jest teraz linia partii), powiedzia\u0142a, \u017ce wszyscy pos\u0142owie s\u0105 dla niej r\u00f3wni, bla, bla, bla, ale nie obieca\u0142a, \u017ce ujawni nazwiska protektor\u00f3w cz\u0142onk\u00f3w KRS. Zamiast tego powiedzia\u0142a, \u017ce obrazi\u0107 j\u0105 mo\u017ce tylko kto\u015b, kogo szanuje, z czyim zdaniem si\u0119 liczy.<\/p>\n<p>Je\u017celi tak m\u00f3wi marsza\u0142ek Sejmu, to kogo ma na my\u015bli jako pozosta\u0142ych \u2013 drugi sort, zdradzieckie mordy, gdzie oni wszyscy si\u0119 podziali?<\/p>\n<p>No i wreszcie m\u00f3j ulubieniec, pierwszy wicepremier, minister kultury itd., prof. doktor itd., Piotr Gli\u0144ski. Na wie\u015b\u0107 o tym, \u017ce Olga Tokarczuk dosta\u0142a najwy\u017csz\u0105 (poza Noblem&#8230;) Mi\u0119dzynarodow\u0105 Nagrod\u0119 Bookera, nasz cud-minister powiedzia\u0142: \u201eTo dobrze, \u017ce Polka otrzymuje presti\u017cow\u0105 nagrod\u0119. Dobrze by by\u0142o \u2013 czytajcie, czytajcie! (Pass.) \u2013 \u017ceby by\u0142a rozs\u0105dn\u0105 polsk\u0105 pisark\u0105, kt\u00f3ra by zrozumia\u0142a polskie spo\u0142ecze\u0144stwo i polsk\u0105 wsp\u00f3lnot\u0119\u201d.<\/p>\n<p>Hear! Hear! Wracaj\u0105 czasy, kiedy ministrowie pouczali pisarzy, jak maj\u0105 pisa\u0107. Jak m\u00f3wi\u0142 Anatolij \u0141unaczarski, komisarz do spraw o\u015bwiaty, cz\u0142owiek sk\u0105din\u0105d bardzo inteligentny \u2013 zadaniem sztuki cyrkowej jest pokazywa\u0107 pi\u0119kno cz\u0142owieka sowieckiego. Zrozumia\u0142e, towarzyszko Tokarczuk?<\/p>\n<p><strong>Zaproszenie<\/strong><br \/>\nW niedziel\u0119 18 sierpnia o godz. 10:05 naszymi go\u015b\u0107mi w TOK FM b\u0119d\u0105 senator Marek Borowski, prof. Ewa Marciniak i red. \u0141ukasz Lipi\u0144ski (red. nacz. Polityka.pl). Zapraszam!<\/p>\n","protected":false},"excerpt":{"rendered":"<p>Politycy obra\u017caj\u0105 nas na ka\u017cdym kroku.<\/p>\n","protected":false},"author":4,"featured_media":5526,"comment_status":"open","ping_status":"closed","sticky":false,"template":"","format":"standard","meta":{"footnotes":""},"categories":[1],"tags":[],"_links":{"self":[{"href":"https:\/\/blog.polityka.pl\/passent\/wp-json\/wp\/v2\/posts\/5544"}],"collection":[{"href":"https:\/\/blog.polityka.pl\/passent\/wp-json\/wp\/v2\/posts"}],"about":[{"href":"https:\/\/blog.polityka.pl\/passent\/wp-json\/wp\/v2\/types\/post"}],"author":[{"embeddable":true,"href":"https:\/\/blog.polityka.pl\/passent\/wp-json\/wp\/v2\/users\/4"}],"replies":[{"embeddable":true,"href":"https:\/\/blog.polityka.pl\/passent\/wp-json\/wp\/v2\/comments?post=5544"}],"version-history":[{"count":4,"href":"https:\/\/blog.polityka.pl\/passent\/wp-json\/wp\/v2\/posts\/5544\/revisions"}],"predecessor-version":[{"id":5549,"href":"https:\/\/blog.polityka.pl\/passent\/wp-json\/wp\/v2\/posts\/5544\/revisions\/5549"}],"wp:featuredmedia":[{"embeddable":true,"href":"https:\/\/blog.polityka.pl\/passent\/wp-json\/wp\/v2\/media\/5526"}],"wp:attachment":[{"href":"https:\/\/blog.polityka.pl\/passent\/wp-json\/wp\/v2\/media?parent=5544"}],"wp:term":[{"taxonomy":"category","embeddable":true,"href":"https:\/\/blog.polityka.pl\/passent\/wp-json\/wp\/v2\/categories?post=5544"},{"taxonomy":"post_tag","embeddable":true,"href":"https:\/\/blog.polityka.pl\/passent\/wp-json\/wp\/v2\/tags?post=5544"}],"curies":[{"name":"wp","href":"https:\/\/api.w.org\/{rel}","templated":true}]}}