
{"id":5551,"date":"2019-08-20T17:34:32","date_gmt":"2019-08-20T15:34:32","guid":{"rendered":"https:\/\/passent.blog.polityka.pl\/?p=5551"},"modified":"2019-08-20T18:03:28","modified_gmt":"2019-08-20T16:03:28","slug":"piebiak-jedynka-na-liscie","status":"publish","type":"post","link":"https:\/\/blog.polityka.pl\/passent\/2019\/08\/20\/piebiak-jedynka-na-liscie\/","title":{"rendered":"Piebiak &#8211; jedynk\u0105 na li\u015bcie?"},"content":{"rendered":"<p>Gangrena w pa\u0142acu sprawiedliwo\u015bci. Chrzanowski, Kuchci\u0144ski, Piebiak \u2013 kto nast\u0119pny?<br \/>\n<!--more--><br \/>\nWiceminister sprawiedliwo\u015bci (!), chyba ju\u017c trzeba pisa\u0107 od ma\u0142ej litery, \u0141ukasz Piebiak poda\u0142 si\u0119 do dymisji kilkana\u015bcie godzin po tym, jak Onet zamie\u015bci\u0142 sensacyjny materia\u0142 Ga\u0142czy\u0144skiej o haniebnej roli, jak\u0105 gra\u0142 w kampanii znies\u0142awiania ok. 20 cz\u0142onk\u00f3w stowarzyszenia s\u0119dzi\u00f3w Iustitia z jej przewodnicz\u0105cym prof. Markiewiczem na Czele.<\/p>\n<p>Piebiak by\u0142 do tego stopnia zaufanym Ziobry i sp\u00f3\u0142ki, \u017ce sta\u0142 (stoi?) na czele zespo\u0142u do spraw dyscyplinowania niepokornych s\u0119dzi\u00f3w. Onet ujawni\u0142 szambo, jakim jest farma trolli atakuj\u0105cych s\u0119dzi\u00f3w. Korzystano z adres\u00f3w prywatnych bezprawnie przekazywanych trollom. Produkowano i rozsy\u0142ano w sieci tysi\u0105ce znies\u0142awiaj\u0105cych \u201ewiadomo\u015bci\u201d, dotycz\u0105cych nawet \u017cycia prywatnego. Ministerstwo nie tylko nie zaprzeczy\u0142o rewelacjom Onetu, ale Piebiak poda\u0142 si\u0119 do dymisji. Wygl\u0105da na to, \u017ce proceder trolli by\u0142 op\u0142acany.<\/p>\n<p>Teraz b\u0119dzie si\u0119 m\u00f3wi\u0142o, \u017ce \u201eu nas, w Prawie i Sprawiedliwo\u015bci, panuj\u0105 \u017celazne zasady, zero tolerancji dla dzia\u0142a\u0144 niezgodnych z prawem\u201d, w odr\u00f3\u017cnieniu od naszych poprzednik\u00f3w, kt\u00f3rzy latami tolerowali&#8230; itd. Podobnie jak o niedawnym wypadku samochodowym p. Szyd\u0142o najpierw pisano, \u017ce najecha\u0142 na ni\u0105 sprawca zderzenia. A potem, \u017ce u nas wszyscy s\u0105 r\u00f3wni &#8211; i dosta\u0142a mandat oraz punkty karne.<\/p>\n<p>Bagno, jakie opisuje red. Ga\u0142czy\u0144ska, to nie jest miejsce pojedyncze ani przypadkowe \u2013 to kolejny etap w wojnie Kaczy\u0144skiego i z\u0142ej zmiany przeciwko s\u0119dziom, dyskredytacji ca\u0142ego \u015brodowiska, ohydnej kampanii szczucia i szkalowania. Post\u0119powanie tych ludzi budzi odraz\u0119 i smutek, jak nisko upada nasz kraj, \u017ce takich mamy ministr\u00f3w. Tutaj Piebiak i Ziobro id\u0105 r\u0119ka w r\u0119k\u0119 i obaj powinni odej\u015b\u0107 z rz\u0105du, ich wina powinna by\u0107 ustalona i ukarana. Niezale\u017cna (?) prokuratura (gdzie takiej szuka\u0107?) ju\u017c powinna zabezpiecza\u0107 dowody w gabinecie i mieszkaniu zainteresowanego. Pami\u0119tamy z licznych powt\u00f3rek w telewizji, jak dzielni komandosi potrafi\u0105 o 6 rano z hukiem wtargn\u0105\u0107 do mieszkania. Ciekawe, czy jutro obudz\u0105 Piebiaka?<\/p>\n<p>Moim zdaniem Piebiak mo\u017ce spa\u0107 spokojnie, mo\u017ce nawet \u2013 jak Marek Kuchci\u0144ski \u2013 dostanie \u201ejedynk\u0119\u201d na li\u015bcie kandydat\u00f3w Zjednoczonej Prawicy w wyborach. Jego zas\u0142ugi nie maj\u0105 sobie r\u00f3wnych. \u201eNiech go zweryfikuje suweren\u201d.<\/p>\n","protected":false},"excerpt":{"rendered":"<p>\u201eNiech go zweryfikuje suweren\u201d.<\/p>\n","protected":false},"author":4,"featured_media":5555,"comment_status":"open","ping_status":"closed","sticky":false,"template":"","format":"standard","meta":{"footnotes":""},"categories":[1],"tags":[],"_links":{"self":[{"href":"https:\/\/blog.polityka.pl\/passent\/wp-json\/wp\/v2\/posts\/5551"}],"collection":[{"href":"https:\/\/blog.polityka.pl\/passent\/wp-json\/wp\/v2\/posts"}],"about":[{"href":"https:\/\/blog.polityka.pl\/passent\/wp-json\/wp\/v2\/types\/post"}],"author":[{"embeddable":true,"href":"https:\/\/blog.polityka.pl\/passent\/wp-json\/wp\/v2\/users\/4"}],"replies":[{"embeddable":true,"href":"https:\/\/blog.polityka.pl\/passent\/wp-json\/wp\/v2\/comments?post=5551"}],"version-history":[{"count":4,"href":"https:\/\/blog.polityka.pl\/passent\/wp-json\/wp\/v2\/posts\/5551\/revisions"}],"predecessor-version":[{"id":5556,"href":"https:\/\/blog.polityka.pl\/passent\/wp-json\/wp\/v2\/posts\/5551\/revisions\/5556"}],"wp:featuredmedia":[{"embeddable":true,"href":"https:\/\/blog.polityka.pl\/passent\/wp-json\/wp\/v2\/media\/5555"}],"wp:attachment":[{"href":"https:\/\/blog.polityka.pl\/passent\/wp-json\/wp\/v2\/media?parent=5551"}],"wp:term":[{"taxonomy":"category","embeddable":true,"href":"https:\/\/blog.polityka.pl\/passent\/wp-json\/wp\/v2\/categories?post=5551"},{"taxonomy":"post_tag","embeddable":true,"href":"https:\/\/blog.polityka.pl\/passent\/wp-json\/wp\/v2\/tags?post=5551"}],"curies":[{"name":"wp","href":"https:\/\/api.w.org\/{rel}","templated":true}]}}