
{"id":5564,"date":"2019-08-24T11:51:37","date_gmt":"2019-08-24T09:51:37","guid":{"rendered":"https:\/\/passent.blog.polityka.pl\/?p=5564"},"modified":"2019-08-24T12:51:46","modified_gmt":"2019-08-24T10:51:46","slug":"szambo-wylalo","status":"publish","type":"post","link":"https:\/\/blog.polityka.pl\/passent\/2019\/08\/24\/szambo-wylalo\/","title":{"rendered":"Szambo wyla\u0142o"},"content":{"rendered":"<p>Ziobro powinien odwo\u0142a\u0107 si\u0119 sam. Zamiast cieszy\u0107 si\u0119, \u017ce pot\u0119\u017cna afera hejterska zosta\u0142a odkryta, mam ochot\u0119 za\u0142ama\u0107 r\u0119ce nad tym, co zobaczyli\u015bmy (a to dopiero pocz\u0105tek).<br \/>\n<!--more--><br \/>\nDo jakiego upadku doprowadzeni zostali ludzie, kt\u00f3rzy nami rz\u0105dz\u0105 lub si\u0119 im wys\u0142uguj\u0105? Jacy osobnicy awansuj\u0105, jak b\u0142yskawiczne s\u0105 kariery ludzi z\u0142ej zmiany, jak panoszy si\u0119 prostactwo, chamstwo, brak skrupu\u0142\u00f3w. Wiceminister sprawiedliwo\u015bci (!) udost\u0119pnia dane osobowe s\u0119dzi\u00f3w niech\u0119tnych \u201ereformie\u201d  jakiej\u015b pani, kt\u00f3ra ukrywa si\u0119 za pseudonimem Emi, r\u0119cznie sterowana, inspirowana i op\u0142acana przez wiceministra, a prywatnie zwi\u0105zana z jednym z s\u0119dzi\u00f3w i spiskowc\u00f3w, rozsy\u0142a oszczerstwa, kt\u00f3re maj\u0105 zniszczy\u0107 ludzi.<\/p>\n<p>W samym ministerstwie grono kilkunastu os\u00f3b, kt\u00f3rych nazwiska \u2013 wy\u0142\u0105cznie dzi\u0119ki wolnym mediom \u2013 s\u0105 ju\u017c znane, kontynuuje kampani\u0119 oszczerstw i znies\u0142awiania s\u0119dzi\u00f3w. Ba! Uczestnikami spisku, wykonawcami brudnej roboty, te\u017c s\u0105 s\u0119dziowie \u2013 tylko tacy, kt\u00f3rzy wybrali drog\u0119 awansu, zaci\u0105g Ziobry. Sami udaj\u0105 bohater\u00f3w, por\u00f3wnuj\u0105c si\u0119 do \u017co\u0142nierzy wykl\u0119tych.<\/p>\n<p>Ogl\u0105damy ich cz\u0119sto w telewizji TVN \u2013 na og\u00f3\u0142 m\u0142odzi, elokwentni, sprawni i cyniczni. Podobnie jak premier, kt\u00f3ry po dymisji Piebiaka uzna\u0142, \u017ce sprawa jest zamkni\u0119ta. To s\u0105 ludzie wykszta\u0142ceni, nierzadko pracuj\u0105cy lub urlopowani z uniwersytet\u00f3w, typ spotykany tak\u017ce w kancelarii marsza\u0142ka Sejmu (nieobce im jest k\u0142amstwo) i kancelarii prezydenta, a tak\u017ce w prorz\u0105dowych mediach.<\/p>\n<p>Je\u017celi marsza\u0142ek Sejmu, teoretycznie druga osoba w pa\u0144stwie, jest utracjuszem i trwoni miliony na loty (kt\u00f3re mu \u201esi\u0119 nale\u017c\u0105\u201d), ucieka przed dziennikarkami, k\u0142amie i wije si\u0119 jak piskorz, by wreszcie \u2013 ewidentnie pod naciskiem szefa wszystkich szef\u00f3w &#8211; poda\u0107 si\u0119 do dymisji, to jaki on daje przyk\u0142ad m\u0142odzie\u017cy, jakie \u015bwiadectwo wystawia Sejmowi i Polsce w og\u00f3le?<\/p>\n<p>Przecie\u017c nie m\u00f3wimy o aferze w Koziej W\u00f3lce, tylko w stolicy kraju, kt\u00f3ry jest \u201esercem Europy\u201d (gdzie jest kardiolog?) i aspiruje do roli drogowskazu dla innych. Tymczasem k\u0142amca i kr\u0119tacz na otarcie \u0142ez dostaje \u201ejedynk\u0119\u201d w nadchodz\u0105cych wyborach do Sejmu.<\/p>\n<p>Panie Prezesie Kaczy\u0144ski \u2013 to ma by\u0107 kara czy nagroda, degradacja czy awans? Jest wysoce prawdopodobne, \u017ce \u201esuweren\u201d wybierze Kuchci\u0144skiego ponownie. Co to b\u0119dzie znaczy\u0142o? Albo \u017ce jest niewinny (absurd!), albo \u017ce w Polsce prawo nie dzia\u0142a, w\u0142a\u015bcicielom Polski wszystko wolno.<\/p>\n<p>Sp\u00f3jrzmy na poziom umys\u0142owy i etyczny Piebiaka i sp\u00f3\u0142ki. S\u0105 \u017co\u0142nierzami w brudnej wojnie przeciwko  s\u0119dziom. Celem tej wojny jest wykazanie Polsce i \u015bwiatu, \u017ce polscy s\u0119dziowie s\u0105 kast\u0105 nierob\u00f3w, spadkobiercami komunistycznego systemu represji, z\u0142odziejami itd. Na t\u0119 operacj\u0119 szczucia i opluwania pa\u0144stwo polskie okrada swoich obywateli. Z pieni\u0119dzy przeznaczonych na obron\u0119 wizerunku i dobrego imienia naszego kraju czerpie miliony na kampani\u0119 &#8222;Sprawiedliwe s\u0105dy&#8221;, billboardy opluwaj\u0105ce s\u0119dzi\u00f3w pojawiaj\u0105 si\u0119 w ca\u0142ym kraju, nie m\u00f3wi\u0105c o medialnych hyclach wy\u0142apuj\u0105cych przedstawicieli trzeciej w\u0142adzy.<\/p>\n<p>R\u00f3wnolegle przy Ministerstwie Sprawiedliwo\u015bci otrzymujemy zdumiewaj\u0105c\u0105 lekcj\u0119 ob\u0142udy. Z jednej strony istnieje tam komisja do spraw zwalczania hejtu, z drugiej dzia\u0142a fabryka hejtu \u2013 obie z udzia\u0142em co najmniej tego samego s\u0119dziego, wylanego ju\u017c z resortu, gdy\u017c \u2013 jak wiemy \u2013 w\u0142adza kieruje si\u0119 zasad\u0105 \u201ezero tolerancji\u201d dla czyn\u00f3w i ludzi, kt\u00f3rzy na pob\u0142a\u017canie nie zas\u0142uguj\u0105.<\/p>\n<p>W\u0142adza zrzuca z sa\u0144 kolejnych pasa\u017cer\u00f3w, byle sama przetrwa\u0142a. Konia z rz\u0119dem temu, kto udowodni, \u017ce \u201eszef\u201d, o kt\u00f3rym wspomina Piebiak w korespondenci z Emi, nic o tym wszystkim nie wie. Plugawy j\u0119zyk, chamskie metody w rodzaju poczt\u00f3wek \u201ewyp&#8230;daj\u201d do p. prof. Ma\u0142gorzaty Gersdorf, pierwszej prezes S\u0105du Najwy\u017cszego, \u201edojeb&#8230;\u201d s\u0119dziemu, przewodnicz\u0105cemu najwi\u0119kszej organizacji s\u0119dzi\u00f3w, pieni\u0105\u017cki na \u201edrobiazgi\u201d dla zaprzyja\u017anionych dziennikarzy \u2013 wszystko to w normalnym kraju by\u0142oby przedmiotem \u015bledztwa, na wyniki kt\u00f3rego \u2013 jak na Nixona &#8211; czeka\u0142by \u015bmig\u0142owiec, \u017ceby odwie\u017a\u0107 kogo trzeba tam, gdzie jego miejsce.<\/p>\n<p><strong>Zaproszenie<\/strong><br \/>\nSenator Aleksander POCIEJ (PO) \u2013 spadkobierca znanego rodu prawnik\u00f3w, Ewa SIEDLECKA \u2013 kr\u00f3lowa publicystyki prawnej (&#8222;Polityka&#8221;) i Pawe\u0142 WRO\u0143SKI (&#8222;GW&#8221;) &#8211; znakomity publicysta &#8211; b\u0119d\u0105 naszymi go\u015b\u0107mi w TOK FM, niedziela 25 sierpnia, godz. 10:05. Zapraszam!<\/p>\n","protected":false},"excerpt":{"rendered":"<p>Ziobro powinien odwo\u0142a\u0107 si\u0119 sam.<\/p>\n","protected":false},"author":4,"featured_media":5569,"comment_status":"open","ping_status":"closed","sticky":false,"template":"","format":"standard","meta":{"footnotes":""},"categories":[1],"tags":[],"_links":{"self":[{"href":"https:\/\/blog.polityka.pl\/passent\/wp-json\/wp\/v2\/posts\/5564"}],"collection":[{"href":"https:\/\/blog.polityka.pl\/passent\/wp-json\/wp\/v2\/posts"}],"about":[{"href":"https:\/\/blog.polityka.pl\/passent\/wp-json\/wp\/v2\/types\/post"}],"author":[{"embeddable":true,"href":"https:\/\/blog.polityka.pl\/passent\/wp-json\/wp\/v2\/users\/4"}],"replies":[{"embeddable":true,"href":"https:\/\/blog.polityka.pl\/passent\/wp-json\/wp\/v2\/comments?post=5564"}],"version-history":[{"count":5,"href":"https:\/\/blog.polityka.pl\/passent\/wp-json\/wp\/v2\/posts\/5564\/revisions"}],"predecessor-version":[{"id":5570,"href":"https:\/\/blog.polityka.pl\/passent\/wp-json\/wp\/v2\/posts\/5564\/revisions\/5570"}],"wp:featuredmedia":[{"embeddable":true,"href":"https:\/\/blog.polityka.pl\/passent\/wp-json\/wp\/v2\/media\/5569"}],"wp:attachment":[{"href":"https:\/\/blog.polityka.pl\/passent\/wp-json\/wp\/v2\/media?parent=5564"}],"wp:term":[{"taxonomy":"category","embeddable":true,"href":"https:\/\/blog.polityka.pl\/passent\/wp-json\/wp\/v2\/categories?post=5564"},{"taxonomy":"post_tag","embeddable":true,"href":"https:\/\/blog.polityka.pl\/passent\/wp-json\/wp\/v2\/tags?post=5564"}],"curies":[{"name":"wp","href":"https:\/\/api.w.org\/{rel}","templated":true}]}}