
{"id":557,"date":"2009-04-01T10:07:25","date_gmt":"2009-04-01T09:07:25","guid":{"rendered":"http:\/\/passent.blog.polityka.pl\/?p=557"},"modified":"2009-04-01T10:07:25","modified_gmt":"2009-04-01T09:07:25","slug":"kurtyka-przestal-udawac","status":"publish","type":"post","link":"https:\/\/blog.polityka.pl\/passent\/2009\/04\/01\/kurtyka-przestal-udawac\/","title":{"rendered":"Kurtyka przesta\u0142 udawa\u0107"},"content":{"rendered":"<p><strong>Prezes IPN, Janusz Kurtyka, przesta\u0142 udawa\u0107, \u017ce jest powa\u017cnym uczonym na powa\u017cnym stanowisku<\/strong>.<\/p>\n<p>Zdenerwowany nieustaj\u0105c\u0105 krytyk\u0105 Instytutu oraz skandalem z powodu <a href=\"http:\/\/www.polityka.pl\/wyprawki-o-walesie\/Lead121,1830,286719,18\/\" target=\"_blank\"><strong>publikacji Paw\u0142a Zyzaka o Wa\u0142\u0119sie<\/strong><\/a>, Kurtyka da\u0142 g\u0142os w dzienniku \u201ePolska\u201d. Powiedzia\u0142 m.in., \u017ce Aleksander Kwa\u015bniewski, kt\u00f3ry okre\u015bli\u0142 IPN jako \u201eInstytut K\u0142amstwa Narodowego\u201d, nie ma prawa tak m\u00f3wi\u0107, poniewa\u017c by\u0142 komunistycznym aparatczykiem, wiecznie m\u0142odym przyw\u00f3dc\u0105 przybud\u00f3wki partii, przed 1990 r. gwarantuj\u0105cej Sowietom przynale\u017cno\u015b\u0107 Polski do ich imperium zewn\u0119trznego\u201d, a w latach 1983-89 \u201eby\u0142 rejestrowany przez MSW jako TW &#8222;Alek\u201d. Na dodatek prof. Kurtyka powiedzia\u0142, \u017ce (uznany niedawno za zabytek \u2013 D.P.) Pa\u0142ac Kultury powinien zosta\u0107 zburzony, jako symbol dominacji sowieckiej, a na jego miejscu powinno stan\u0105\u0107 muzeum walki narodu polskiego.<\/p>\n<p>Wypowiedzi te \u015bwiadcz\u0105 o silnym wzburzeniu Prezesa Profesora. Po pierwsze, to nie Kwa\u015bniewski i partia gwarantowa\u0142y przynale\u017cno\u015b\u0107 Polski do zewn\u0119trznego imperium sowieckiego \u2013 gwarantami byli Roosevelt, Churchill, Teheran, Ja\u0142ta, Poczdam, a u zarania tej tragedii \u2013 Hitler. Gdyby nie znale\u017ali si\u0119 polscy komuni\u015bci do zarz\u0105dzania sowieckim dominium, ch\u0119tni do obrony po swojemu sowieckich interes\u00f3w w Polsce, nasz kraj podzieli\u0142by by\u0107 mo\u017ce los Litwy, \u0141otwy, Bia\u0142orusi, Ukrainy. Chyba \u017ce Stalin powiedzia\u0142by: \u201eJe\u017celi panu Kurtyce to si\u0119 nie podoba, to prosz\u0119 bardzo \u2013 zwracamy Polsce niepodleg\u0142o\u015b\u0107\u201d. Szkoda, \u017ce kiedy komuni\u015bci szli na ewidentn\u0105 kolaboracj\u0119 z Moskw\u0105, ale jednak daj\u0105c\u0105 Polsce inny status ni\u017c mia\u0142y \u201erepubliki rad\u201d, nie by\u0142o w pobli\u017cu Kurtyki \u2013 on by temu zapobieg\u0142, tak jak zapobiegli m\u0119czennicy Podziemia.<\/p>\n<p>W prawdziwym stylu IPN, prezes lekcewa\u017cy Kwa\u015bniewskiego, traktuje go jak p\u0119taka, a nie jak by\u0142ego prezydenta, uznawanego dotychczas za najlepszego po 1989 r., powtarza za to, \u017ce Kwa\u015bniewski by\u0142 TW, mimo \u017ce proces lustracyjny tego nie potwierdzi\u0142. Kurtyka pod\u0105\u017c\u0105 tu \u015bladem lustracji a la PiS i IPN, kt\u00f3rej najnowszy przyk\u0142ad do ksi\u0105dz Henryk Jankowski. \u201eOkaza\u0142o si\u0119\u201d, \u017ce nie wiedzia\u0142, ale te\u017c by\u0142. IPN wie lepiej \u2013 ta zasada jest wyznawana przez zwolennik\u00f3w lustracji, w\u0142\u0105cznie z takimi powa\u017cnymi lud\u017ami jak Marsza\u0142ek Borusewicz, kt\u00f3ry powiedzia\u0142 mi kiedy\u015b, \u017ce s\u0105d swoje, a my wiemy swoje. Tak IPN post\u0105pi\u0142 np. w sprawie Ma\u0142gorzaty Niezabitowskiej, kt\u00f3ra wygra\u0142a proces z IPN, udowodni\u0142a fa\u0142szerstwo, a IPN od procesu si\u0119 odwo\u0142uje. Dla tych ludzi domniemanie niewinno\u015bci nie istnieje, a Wa\u0142\u0119s\u0119 by ukrzy\u017cowali.<\/p>\n<p>Nie ma powodu nie wierzy\u0107 prezesowi Kurtyce, \u017ce praca mgr. Zyzaka powsta\u0142a poza IPN, ale faktem te\u017c jest, \u017ce sw\u00f3j do swego ci\u0105gnie. Promotor znany z ultraprawicowych pogl\u0105d\u00f3w, autor i recenzenci zatrudnieni w IPN \u2013 to wszystko chyba o czym\u015b \u015bwiadczy.<\/p>\n<p>Wreszcie &#8211; nieszcz\u0119sny Pa\u0142ac Kultury. By\u0142 zaplanowany jako symbol dominacji radzieckiej w Polsce \u2013 to prawa, ale imi\u0119 Stalina zosta\u0142o wyskrobane, a pa\u0142ac sta\u0142 si\u0119 jednym z symboli stolicy, ulubionym przez mieszka\u0144c\u00f3w, niezwykle u\u017cytecznym. Dzi\u015b Maja Komorowska gra tam Becketta, a Stalin przewraca si\u0119 w grobie. Niech wi\u0119c prezes Kurtyka te\u017c \u015bpi spokojnie, bo \u015bni\u0105 mu si\u0119 koszmary. Zapewne \u015bni o tym, \u017ce Pa\u0142ac zostanie zamieniony na meczet, z kt\u00f3rego wie\u017cyczki co godzin\u0119 mgr Zyzak (b\u0105d\u017a inny mu\u0142\u0142a z IPN) b\u0119dzie og\u0142asza\u0142 kolejne prawdy historyczne, a wszyscy b\u0119d\u0105 wtedy pada\u0107 na kolana<\/p>\n","protected":false},"excerpt":{"rendered":"<p>Prezes IPN, Janusz Kurtyka, przesta\u0142 udawa\u0107, \u017ce jest powa\u017cnym uczonym na powa\u017cnym stanowisku. Zdenerwowany nieustaj\u0105c\u0105 krytyk\u0105 Instytutu oraz skandalem z powodu publikacji Paw\u0142a Zyzaka o Wa\u0142\u0119sie, Kurtyka da\u0142 g\u0142os w dzienniku \u201ePolska\u201d. Powiedzia\u0142 m.in., \u017ce Aleksander Kwa\u015bniewski, kt\u00f3ry okre\u015bli\u0142 IPN jako \u201eInstytut K\u0142amstwa Narodowego\u201d, nie ma prawa tak m\u00f3wi\u0107, poniewa\u017c by\u0142 komunistycznym aparatczykiem, wiecznie m\u0142odym [&hellip;]<\/p>\n","protected":false},"author":4,"featured_media":0,"comment_status":"open","ping_status":"open","sticky":false,"template":"","format":"standard","meta":{"footnotes":""},"categories":[1],"tags":[],"_links":{"self":[{"href":"https:\/\/blog.polityka.pl\/passent\/wp-json\/wp\/v2\/posts\/557"}],"collection":[{"href":"https:\/\/blog.polityka.pl\/passent\/wp-json\/wp\/v2\/posts"}],"about":[{"href":"https:\/\/blog.polityka.pl\/passent\/wp-json\/wp\/v2\/types\/post"}],"author":[{"embeddable":true,"href":"https:\/\/blog.polityka.pl\/passent\/wp-json\/wp\/v2\/users\/4"}],"replies":[{"embeddable":true,"href":"https:\/\/blog.polityka.pl\/passent\/wp-json\/wp\/v2\/comments?post=557"}],"version-history":[{"count":0,"href":"https:\/\/blog.polityka.pl\/passent\/wp-json\/wp\/v2\/posts\/557\/revisions"}],"wp:attachment":[{"href":"https:\/\/blog.polityka.pl\/passent\/wp-json\/wp\/v2\/media?parent=557"}],"wp:term":[{"taxonomy":"category","embeddable":true,"href":"https:\/\/blog.polityka.pl\/passent\/wp-json\/wp\/v2\/categories?post=557"},{"taxonomy":"post_tag","embeddable":true,"href":"https:\/\/blog.polityka.pl\/passent\/wp-json\/wp\/v2\/tags?post=557"}],"curies":[{"name":"wp","href":"https:\/\/api.w.org\/{rel}","templated":true}]}}