
{"id":5580,"date":"2019-08-30T16:50:48","date_gmt":"2019-08-30T14:50:48","guid":{"rendered":"https:\/\/passent.blog.polityka.pl\/?p=5580"},"modified":"2019-08-30T18:51:44","modified_gmt":"2019-08-30T16:51:44","slug":"pan-bog-nas-nie-lubi","status":"publish","type":"post","link":"https:\/\/blog.polityka.pl\/passent\/2019\/08\/30\/pan-bog-nas-nie-lubi\/","title":{"rendered":"Pan B\u00f3g nas nie lubi?"},"content":{"rendered":"<p>Katastrofa za katastrof\u0105. Chronologicznie: katastrofa hejterska w Ministerstwie Sprawiedliwo\u015bci. Tu\u017c pod bokiem szeryfa Ziobry dzia\u0142a(\u0142a?) szajka produkuj\u0105ca hejt internetowy na niepokornych s\u0119dzi\u00f3w, kt\u00f3rzy zwalczali \u201ereform\u0119 wymiaru sprawiedliwo\u015bci\u201d, pos\u0142uguj\u0105c si\u0119 nielegalnie ich danymi osobistymi, plugawym j\u0119zykiem (\u201ewyp\u2026\u201d do pierwszej prezes S\u0105du Najwy\u017cszego), plotkami, insynuacjami itd.<br \/>\n<!--more--><br \/>\nKto by\u0142 szefem \u2013 nie wiadomo, aczkolwiek mo\u017cna si\u0119 domy\u015bla\u0107. Hersztem by\u0142 wiceminister, prawa r\u0119ka Ziobry, kt\u00f3ry oczywi\u015bcie niczego nie wiedzia\u0142 i natychmiast \u201epodj\u0105\u0142 decyzje personalne\u201d (ale nie wobec siebie). Bohaterskie s\u0142u\u017cby i prokuratura zwleka\u0142y kilka dni (!) z zabezpieczeniem dowod\u00f3w. Ujawniona przez niezale\u017cne media afera jest rozwojowa, cho\u0107 premier uwa\u017ca spraw\u0119 za zamkni\u0119t\u0105.<\/p>\n<p>Katastrofa kanalizacyjna. Z niewiadomych na razie przyczyn rozszczelni\u0142y si\u0119, a mo\u017ce i gorzej, dwa ogromne kolektory \u015bciek\u00f3w, kt\u00f3re \u2013 podobnie jak przed budow\u0105 obecnego systemu \u2013 trafiaj\u0105 teraz bezpo\u015brednio do Wis\u0142y. Do brudnych \u015bciek\u00f3w wlewaj\u0105 si\u0119 brudne chwyty polityk\u00f3w. Minister Suski m\u00f3wi o Czarnobylu, inni z PiS \u2013 o katastrofie ekologicznej, prezydent Warszawy Rafa\u0142 Trzaskowski woli m\u00f3wi\u0107 o \u201ewielkiej katastrofie, kt\u00f3rej nikt nie lekcewa\u017cy\u201d.<\/p>\n<p>Wojsko B\u0142aszczaka zaoferowa\u0142o pomoc, za kt\u00f3r\u0105 stolica podzi\u0119kowa\u0142a i nie skorzysta\u0142a, co wywo\u0142a\u0142o rozgoryczenie w koszarach. Na szcz\u0119\u015bcie po pierwszej wymianie strza\u0142\u00f3w u premiera Morawieckiego spotka\u0142 si\u0119 sztab z udzia\u0142em ministr\u00f3w i Trzaskowskiego. Rozwa\u017cana jest budowa przez wojsko mostu pontonowego, kt\u00f3ry umo\u017cliwi \u201etransport\u201d  \u015bciek\u00f3w na prawy brzeg Wis\u0142y, a stamt\u0105d do oczyszczalni Czajka. Rz\u0105d jest bardzo aktywny, jeszcze kilka dni temu premier by\u0142 u st\u00f3p Giewontu, gdzie mia\u0142a miejsce inna, piorunuj\u0105ca katastrofa. Katastrofy mog\u0105 odsun\u0105\u0107 afer\u0119 hejtersk\u0105 w ministerstwie Ziobry na dalszy plan.<\/p>\n<p>Trzecia katastrofa: Trump nie przyje\u017cd\u017ca na obchody 80. rocznicy wybuchu II wojny \u015bwiatowej, zamiast niego zaszczyci nas wiceprezydent Mike Pence. Polityk \u2013 w odr\u00f3\u017cnieniu od Trumpa &#8211; raczej bezbarwny i szalenie konserwatywny, wr\u0119cz fundamentalista religijny, na prawo od Iwana Gro\u017anego. Tak panowie zostali dobrani: jeden barwny utracjusz, grzesznik i sybaryta, a obok niego cnotliwy i bogobojny asceta.<\/p>\n<p>Oficjalnie powodem odwo\u0142ania (prze\u0142o\u017cenia na inny termin) wizyty jest zbli\u017caj\u0105cy si\u0119 od Po\u0142udnia USA gro\u017any huragan Dorian. W po\u0142udniowych Stanach huragany wyrz\u0105dzaj\u0105 wielkie szkody, kt\u00f3re corocznie ogl\u0105damy w TV. By\u0142oby niezr\u0119czne i kosztowne politycznie, gdyby prezydent bawi\u0142 wtedy w Europie, zamiast w trudnych chwilach by\u0107 z narodem. Rachunek wyborczy jest prosty. America first. Elektorat first.<\/p>\n<p>Druga przyczyna: Dania odpad\u0142a, bo nie chce sprzeda\u0107 Grenlandii, wi\u0119c po co traci\u0107 czas na taki ma\u0142y kraj? Trzecia: szczyt G7 w Biarritz nie by\u0142 sukcesem prezydenta USA \u2013 Berlin, Pary\u017c nie ukrywaj\u0105 dystansu. Czwarta: Polska nie zaj\u0105c, nie ucieknie. Stosunki s\u0105 intensywne, Duda and Co. byli niedawno z oficjaln\u0105 wizyt\u0105 w USA i zapowiedzieli du\u017ce zakupy, nowe miejsca dla dalszych \u017co\u0142nierzy ameryka\u0144skich, samoloty F-35, infrastruktura i za wszystko p\u0142ac\u0105. Niebawem maj\u0105 wybory. Po co mam robi\u0107 komu\u015b kampani\u0119 albo ingerowa\u0107 w sprawy polskie? Lepiej poczeka\u0107 na nowy rz\u0105d. Duda na pewno na mnie poczeka. <em>Last but not least<\/em> &#8211; po co si\u0119 m\u0119czy\u0107 i zn\u00f3w lecie\u0107 przez Atlantyk. <em>God, bless America<\/em>.<\/p>\n<p><strong>PS Zaproszenie<\/strong><br \/>\nProf. Pawe\u0142 KOWAL (PAN, historyk i polityk), Katarzyna PIEKARSKA (za\u0142o\u017cycielka i dyrektorka Europejskiej Akademii Dyplomatycznej) oraz Wojciech SZACKI (Polityka Insight) b\u0119d\u0105 naszymi go\u015b\u0107mi w TOK FM, niedziela 1 wrze\u015bnia o godz. 10:05. Zapraszam!<\/p>\n","protected":false},"excerpt":{"rendered":"<p>Dania odpad\u0142a, bo nie chce sprzeda\u0107 Grenlandii, wi\u0119c po co traci\u0107 czas na taki ma\u0142y kraj?<\/p>\n","protected":false},"author":4,"featured_media":5585,"comment_status":"open","ping_status":"closed","sticky":false,"template":"","format":"standard","meta":{"footnotes":""},"categories":[1],"tags":[],"_links":{"self":[{"href":"https:\/\/blog.polityka.pl\/passent\/wp-json\/wp\/v2\/posts\/5580"}],"collection":[{"href":"https:\/\/blog.polityka.pl\/passent\/wp-json\/wp\/v2\/posts"}],"about":[{"href":"https:\/\/blog.polityka.pl\/passent\/wp-json\/wp\/v2\/types\/post"}],"author":[{"embeddable":true,"href":"https:\/\/blog.polityka.pl\/passent\/wp-json\/wp\/v2\/users\/4"}],"replies":[{"embeddable":true,"href":"https:\/\/blog.polityka.pl\/passent\/wp-json\/wp\/v2\/comments?post=5580"}],"version-history":[{"count":6,"href":"https:\/\/blog.polityka.pl\/passent\/wp-json\/wp\/v2\/posts\/5580\/revisions"}],"predecessor-version":[{"id":5587,"href":"https:\/\/blog.polityka.pl\/passent\/wp-json\/wp\/v2\/posts\/5580\/revisions\/5587"}],"wp:featuredmedia":[{"embeddable":true,"href":"https:\/\/blog.polityka.pl\/passent\/wp-json\/wp\/v2\/media\/5585"}],"wp:attachment":[{"href":"https:\/\/blog.polityka.pl\/passent\/wp-json\/wp\/v2\/media?parent=5580"}],"wp:term":[{"taxonomy":"category","embeddable":true,"href":"https:\/\/blog.polityka.pl\/passent\/wp-json\/wp\/v2\/categories?post=5580"},{"taxonomy":"post_tag","embeddable":true,"href":"https:\/\/blog.polityka.pl\/passent\/wp-json\/wp\/v2\/tags?post=5580"}],"curies":[{"name":"wp","href":"https:\/\/api.w.org\/{rel}","templated":true}]}}