
{"id":5588,"date":"2019-09-04T15:36:46","date_gmt":"2019-09-04T13:36:46","guid":{"rendered":"https:\/\/passent.blog.polityka.pl\/?p=5588"},"modified":"2019-09-06T10:34:55","modified_gmt":"2019-09-06T08:34:55","slug":"opozycja-ruszyla-glowa","status":"publish","type":"post","link":"https:\/\/blog.polityka.pl\/passent\/2019\/09\/04\/opozycja-ruszyla-glowa\/","title":{"rendered":"Opozycja ruszy\u0142a g\u0142ow\u0105"},"content":{"rendered":"<p>Zapowied\u017a, \u017ce w razie wygrania wybor\u00f3w kandydatk\u0105 Koalicji Obywatelskiej na premiera b\u0119dzie Ma\u0142gorzata Kidawa-B\u0142o\u0144ska, przyj\u0105\u0142em z ulg\u0105. Uff! Nie mog\u0142em si\u0119 przekona\u0107 do Schetyny, kt\u00f3ry ma liczne zalety  poza charyzm\u0105, wiarygodno\u015bci\u0105, charmem, tym czym\u015b, co przyci\u0105ga ludzi i buduje popularno\u015b\u0107 w narodzie. Popularno\u015b\u0107 nie tylko osobist\u0105, ale przede wszystkim obozu, w tym przypadku opozycji, na czele kt\u00f3rej si\u0119 znajduje.<br \/>\n<!--more--><br \/>\nTo, \u017ce Schetyna jest kulaw\u0105 kaczk\u0105 i obci\u0105\u017ceniem dla swojego obozu, by\u0142o wiadomo co najmniej od kilku miesi\u0119cy. Po stronie opozycji panowa\u0142 jednak szanta\u017c: \u201ekrytyka Schetyny to dzia\u0142anie na rzecz w\u0142adzy\u201d \u2013 m\u00f3wili \u201e\u017cyczliwi\u201d.<\/p>\n<p>Fakt, jest to polityk o ogromnym do\u015bwiadczeniu, m.in. by\u0142y minister spraw wewn\u0119trznych i spraw zagranicznych, polityk, kt\u00f3ry ma tward\u0105 sk\u00f3r\u0119, ale co z tego? Nie ka\u017cdy, nawet najlepszy aktor mo\u017ce gra\u0107 amanta. Do tego trzeba mie\u0107 tzw. warunki. Tego nie mo\u017cna kupi\u0107 za \u017cadne pieni\u0105dze, tak\u017ce w PiS.<\/p>\n<p>Kidawa-B\u0142o\u0144ska to dobry pomys\u0142, acz sp\u00f3\u017aniony. \u201e\u017be my\u015bmy na to nie wpadli wcze\u015bniej!\u201d \u2013 m\u00f3wi nie bez racji Schetyna, cho\u0107 mo\u017ce to i jego wina, mo\u017ce zbyt d\u0142ugo nie przyjmowa\u0142 do wiadomo\u015bci, \u017ce to rola nie dla niego. Kidawa-B\u0142o\u0144ska to do\u015bwiadczona polityk, by\u0142a rzeczniczka rz\u0105d\u00f3w, wieloletnia pos\u0142anka, prawnuczka prezydenta Wojciechowskiego i premiera Grabskiego, osoba nieskompromitowana, umiarkowana,  inteligentna, wykszta\u0142cona, kulturalna, ze \u015brodowiska inteligencji warszawskiej. \u201eWie, czym kaczka wod\u0119 pije\u201d. To kandydatka dla wyborcy wielkomiejskiego, lepiej sytuowanego.<\/p>\n<p>Jej zalety nie musz\u0105 przemawia\u0107 do ludu, z kt\u00f3rym \u0142atwy kontakt nawi\u0105zywa\u0142a \u201enasza Beatka\u201d, s\u0105siadka ka\u017cdego wyborcy w O\u015bwi\u0119cimiu czy Brzeszczach, do\u015bwiadczona polityczka, pos\u0142anka czterech kadencji, absolwentka Uniwersytetu Jagiello\u0144skiego, dzia\u0142aczka samorz\u0105dowa na niwie kultury, typ kobiety charakterystyczny dla mniejszych miast, twarda, niestrudzona, wiceprzewodnicz\u0105ca Prawa i Sprawiedliwo\u015bci, odporna na trudy polityki, potrafi m\u0119\u017cnie znie\u015b\u0107 pora\u017ck\u0119 1:27, stan\u0105\u0107 w k\u0142amstwie przed Parlamentem Europejskim i broni\u0107 \u201edobrej zmiany\u201d, sfotografowa\u0107 si\u0119 na tle rzekomej fabryki w ruinie i broni\u0107 sowitych nagr\u00f3d dla siebie i dla swoich ministr\u00f3w, bo \u201eim si\u0119 nale\u017c\u0105\u201d.<\/p>\n<p>W nagrod\u0119 wys\u0142ana do Parlamentu Europejskiego, gdzie Czarnecki i Legutko ch\u0119tnie jej wyt\u0142umacz\u0105, o co chodzi. W odr\u00f3\u017cnieniu od Kidawy-B\u0142o\u0144skiej potrafi podnie\u015b\u0107 g\u0142os i zapali\u0107 si\u0119, jak prezydent Duda, kt\u00f3rego kampanii by\u0142a szefow\u0105.<\/p>\n<p>Najwa\u017cniejsze, \u017ce Kidawa-B\u0142o\u0144ska dysponuje zaletami, jakich Schetyna nie ma: na pierwszej linii jest stosunkowo nowa, bo mimo d\u0142ugiego sta\u017cu nie zd\u0105\u017cy\u0142a si\u0119 opatrzy\u0107, nie generuje uczu\u0107 negatywnych, nie ma na koncie drastycznych i brutalnych wypowiedzi, nie jest obci\u0105\u017ceniem dla opozycji, a na ile jest atutem, to si\u0119 wkr\u00f3tce oka\u017ce.<\/p>\n<p>Na pewno wskazanie na ni\u0105 i pewne odsuni\u0119cie Schetyny zrobi opozycji dobrze, to krok we w\u0142a\u015bciwym kierunku (<em>notabene<\/em> powt\u00f3rzenie manewru Kaczy\u0144skiego z Szyd\u0142o). Atuty Kidawy-B\u0142o\u0144skiej, kultura, takt, umiar &#8211; mog\u0105 jednak okaza\u0107 si\u0119 s\u0142abo\u015bciami w \u015bwiecie brutalnej polityki.<\/p>\n<p>W ka\u017cdym razie opozycja ruszy\u0142a g\u0142ow\u0105, przerwa\u0142a dryf ku kl\u0119sce, wykona\u0142a dobry ruch, tchn\u0119\u0142a troch\u0119 optymizmu w szeregi swoich zwolennik\u00f3w i wahaj\u0105cych si\u0119.<\/p>\n<p>ZAPROSZENIE<br \/>\nprof. Roman Ku\u017aniar (UW), red. Zuzanna D\u0105browska (Rzeczpospolita) i red. Andrzej Stankiewicz (ONET) b\u0119d\u0105 naszymi go\u015b\u0107mi w Radiu TOK FM, niedziela, 8 wrze\u015bnia, godz. 10.05<\/p>\n","protected":false},"excerpt":{"rendered":"<p>Opozycja ruszy\u0142a g\u0142ow\u0105 i przerwa\u0142a dryf ku kl\u0119sce.<\/p>\n","protected":false},"author":4,"featured_media":5594,"comment_status":"open","ping_status":"closed","sticky":false,"template":"","format":"standard","meta":{"footnotes":""},"categories":[1],"tags":[],"_links":{"self":[{"href":"https:\/\/blog.polityka.pl\/passent\/wp-json\/wp\/v2\/posts\/5588"}],"collection":[{"href":"https:\/\/blog.polityka.pl\/passent\/wp-json\/wp\/v2\/posts"}],"about":[{"href":"https:\/\/blog.polityka.pl\/passent\/wp-json\/wp\/v2\/types\/post"}],"author":[{"embeddable":true,"href":"https:\/\/blog.polityka.pl\/passent\/wp-json\/wp\/v2\/users\/4"}],"replies":[{"embeddable":true,"href":"https:\/\/blog.polityka.pl\/passent\/wp-json\/wp\/v2\/comments?post=5588"}],"version-history":[{"count":7,"href":"https:\/\/blog.polityka.pl\/passent\/wp-json\/wp\/v2\/posts\/5588\/revisions"}],"predecessor-version":[{"id":5598,"href":"https:\/\/blog.polityka.pl\/passent\/wp-json\/wp\/v2\/posts\/5588\/revisions\/5598"}],"wp:featuredmedia":[{"embeddable":true,"href":"https:\/\/blog.polityka.pl\/passent\/wp-json\/wp\/v2\/media\/5594"}],"wp:attachment":[{"href":"https:\/\/blog.polityka.pl\/passent\/wp-json\/wp\/v2\/media?parent=5588"}],"wp:term":[{"taxonomy":"category","embeddable":true,"href":"https:\/\/blog.polityka.pl\/passent\/wp-json\/wp\/v2\/categories?post=5588"},{"taxonomy":"post_tag","embeddable":true,"href":"https:\/\/blog.polityka.pl\/passent\/wp-json\/wp\/v2\/tags?post=5588"}],"curies":[{"name":"wp","href":"https:\/\/api.w.org\/{rel}","templated":true}]}}