
{"id":559,"date":"2009-04-10T08:45:03","date_gmt":"2009-04-10T06:45:03","guid":{"rendered":"http:\/\/passent.blog.polityka.pl\/?p=559"},"modified":"2009-04-10T08:45:03","modified_gmt":"2009-04-10T06:45:03","slug":"nie-wyrzucajcie-zaryna-na-smietnik","status":"publish","type":"post","link":"https:\/\/blog.polityka.pl\/passent\/2009\/04\/10\/nie-wyrzucajcie-zaryna-na-smietnik\/","title":{"rendered":"Nie wyrzucajcie \u017baryna na \u015bmietnik"},"content":{"rendered":"<p><strong>Nieoczekiwanie prezes Kurtyka po\u015bwi\u0119ci\u0142 jednego ze swoich najbardziej zaufanych pretorian\u00f3w.<\/strong><\/p>\n<p>Kilka lat temu, kiedy w sercu Warszawy ods\u0142aniano pomnik Romana Dmowskiego,\u00a0 ukaza\u0142 si\u0119 protest podpisany przez prof. Mari\u0119 Janion i Marka Edelmana. Z apologi\u0105 Dmowskiego wyst\u0105pi\u0142 w\u00f3wczas\u00a0 nie byle kto, tylko Jan \u017baryn, doktor habilitowany, profesor Uniwersytetu Kardyna\u0142a Stefana Wyszy\u0144skiego i PAN, a przede wszystkim dyrektor\u00a0 pot\u0119\u017cnego Biura Edukacji Publicznej IPN. \u201eNie wyrzucajmy Dmowskiego na \u015bmietnik\u201d, pisa\u0142 \u017baryn, dodaj\u0105c, \u017ce Janion i Edelman zrozumieli z Dmowskiego \u201etylko tyle\u201d, \u017ce by\u0142 antysemit\u0105.<\/p>\n<p>\u017baryn sta\u0142 do wczoraj, do momentu niespodziewanego odwo\u0142ania go przez prezesa Kurtyk\u0119 ze stanowiska, na czele\u00a0 prawdziwego ministerstwa prawdy, albo ministerstwa\u00a0 polityki historycznej. Dysponuj\u0105c setkami pracownik\u00f3w i milionami z\u0142ot\u00f3wek, dr\u00a0 \u017baryn mia\u0142 za zadanie prostowanie zwoj\u00f3w m\u00f3zgowych dzieci szkolnych, dla kt\u00f3rych pisano nowe, s\u0142usznie ideowo i narodowo podr\u0119czniki, a\u00a0\u00a0 i emeryt\u00f3w, kt\u00f3rym podczas spacer\u00f3w do \u0141azienek podsuwano pod nos podobizny oprawc\u00f3w w ramach akcji wystawowej\u00a0 \u201eTwarze bezpieki\u201d.<\/p>\n<p>Dr \u017baryn nasta\u0142 w IPN wkr\u00f3tce po pojawieniu si\u0119 prezesa Kurtyki, kiedy instytucja ta skr\u0119ci\u0142a ostro w stron\u0119 polityki a la PiS. Panowie doktorzy Cenckiewicz, Musia\u0142, Majchrzak i inni ochoczo zabrali si\u0119 do przerabiania historii na prawid\u0142ow\u0105, obna\u017cania Lecha Wa\u0142\u0119sy, knowa\u0144 niemieckich i dzia\u0142a\u0144 antypolskich. Dr \u017baryn doskonale nadawa\u0142 si\u0119 na szefa. Da\u0142 si\u0119 pozna\u0107, kiedy wybuch\u0142 skandal z dystrybucja jego broszury historycznej przez MSZ. Broszura, napisana w duchu IV RP,\u00a0 dyskredytowa\u0142a III RP jako okres kl\u0119ski i korupcji. Gdy, pod wp\u0142ywem protest\u00f3w, oficjalny kolporta\u017c wstrzymano, \u201eGazeta Polska\u201d pisa\u0142a, \u017ce \u017baryn jest \u201epierwszym wi\u0119\u017aniem politycznym Wolnej Polski\u201d.<\/p>\n<p>Kiedy Ojciec Salij wyra\u017ca\u0142 w\u0105tpliwo\u015bci wobec galopuj\u0105cej lustracji,\u00a0 dr \u017baryn go ucisza\u0142 \u201eP\u00f3ki Ojciec niczego nie wie, niech Ojciec milczy\u201d. Kiedy Niemcy chcieli wsp\u00f3\u0142pracy w odszukiwaniu i poszanowaniu bojownik\u00f3w antyhitlerowskich, powo\u0142uj\u0105c si\u0119 na mjr Stauffenberga, dyr. \u017baryn przestrzega\u0142, \u017ce \u201etrwa walka o wra\u017cliwo\u015b\u0107 i pami\u0119\u0107 ca\u0142ego Starego Kontynentu\u201d, \u201etrwa narzucanie w\u0142asnego dziedzictwa przez poszczeg\u00f3lne, silne na og\u00f3\u0142, narody\u201d, trwa \u201eeksport niemieckich ustale\u0144\u201d, dla Niemc\u00f3w \u2013 pisa\u0142 \u2013 \u201enie ma prostego podzia\u0142u na histori\u0119 narodow\u0105 i\u00a0 powszechn\u0105\u201d.<\/p>\n<p>Kiedy ksi\u0105\u017cka Grossa \u201eStrach\u201d wstrz\u0105sa\u0142a sumieniami w Polsce, naczelny historyk IV RP. dyr.\u00a0 \u017baryn opowiedzia\u0142 si\u0119 zdecydowanie po stronie wydanej przez IPN propagandowej ksi\u0105\u017cki Jana Chodakiewicza, na kt\u00f3rej powa\u017cni historycy nie zostawili suchej nitki. Gross (wedle \u017baryna) \u201epos\u0142uguje si\u0119 wybranymi \u017ar\u00f3d\u0142ami\u201d, celem udowodnienia \u201ek\u0142amliwych tez\u201d, i przeprowadza \u201eoperacj\u0119 na \u015bwiadomo\u015bci Polak\u00f3w\u201d, \u017ceby zostali \u201ewyleczeni z antysemityzmu\u201d,\u00a0 natomiast bezinteresowny\u00a0 Chodakiewicz \u201eho\u0142duje starej szkole empirycznej, krok po kroku\u201d i \u201enie ma innych cel\u00f3w ni\u017c poznawcze\u201d.<\/p>\n<p>Dyr. \u017baryn tez nie ma innych cel\u00f3w ni\u017c poznawcze. Jest autorem wielu rewelacyjnych sentencji, np. \u201eWiarygodny b\u0105d\u017a nie jest zatem czytelnik, a nie \u017ar\u00f3d\u0142o\u201d, a tak\u017ce \u201eKwerendy nigdy si\u0119 nie ko\u0144cz\u0105\u201d, czytaj: Nawet cz\u0142owiek uniewinniony przez s\u0105d\u00a0 nie mo\u017ce by\u0107 pewny dnia ani godziny, poniewa\u017c grzebanie w dokumentach nigdy si\u0119 nie ko\u0144czy. Najlepszymi tego przyk\u0142adami s\u0105\u00a0 Lech Wa\u0142\u0119sa i Aleksander Kwa\u015bniewski, cho\u0107 uniewinnieni przez s\u0105dy,\u00a0 w oczach (i w ustach\u2026) IPN byli agentami. Wie to prezes Kurtyka, wie tak\u017ce dr \u017baryn. Nazajutrz po odznaczeniu ich przez prezydenta, dr \u017baryn powiedzia\u0142, \u017ce IPN Kurtyki odziedziczy\u0142 po IPN Kieresa wrz\u00f3d (!) , jakim by\u0142o przyznanie Wa\u0142\u0119sie statusu pokrzywdzonego wbrew faktom i niezgodnie z prawem. Wrz\u00f3d ten panowie Kurtyka i \u017baryn przeci\u0119li. Za t\u0119 walk\u0119 z Wa\u0142\u0119s\u0105 i z III RP dost\u0105pili najwy\u017cszych odznacze\u0144. Wypowiedzi PP. Kurtyki i \u017baryna, a tak\u017ce fakt ich odznaczenia przez prezydenta Kaczy\u0144skiego, wywo\u0142a\u0142y wiele protest\u00f3w, m.in. Ewa Milewicz, zas\u0142u\u017cona dzia\u0142aczka opozycji demokratycznej, odes\u0142a\u0142a prezydentowi otrzymane ode\u0144 odznaczenie.<\/p>\n<p>Odwo\u0142anie \u017baryna przez Kurtyk\u0119 jest zaskakuj\u0105ce, poniewa\u017c jeszcze dwa dni temu panowie \u015bwi\u0119towali w Pa\u0142acu Prezydenckim sukces swojej polityki lustracyjnej, historycznej i propagandowej. Nieoczekiwanie prezes Kurtyka po\u015bwi\u0119ci\u0142 jednego ze swoich najbardziej zaufanych pretorian\u00f3w. Prawdopodobnie prezes my\u015bli ju\u017c o swojej dalszej karierze, kiedy przestanie by\u0107 prezesem (na drug\u0105 kadencj\u0119 nie mo\u017ce liczy\u0107) i zostanie politykiem pe\u0142n\u0105 g\u0119b\u0105. A dr \u017baryn, z Krzy\u017cem Kawalerskim na szyi i w aureoli m\u0119czennika, b\u0119dzie cierpia\u0142 jako ofiara tego oportunisty, prezesa Kurtyki, oraz nie\u015bmiertelnego\u00a0 uk\u0142adu. Prawica, jak jeden m\u0105\u017c, wyst\u0105pi w jego obronie. Ciekawe, czy b\u0119dzie manifestacja przed siedzib\u0105 IPN. Czy zagrzmi Antoni Macierewicz (te\u017c historyk) i \u201eGazeta Polska\u201d. I co napisz\u0105 panowie Semka, Wildstein, Zaremba. \u0141zy polej\u0105 si\u0119 gorzkie.<\/p>\n","protected":false},"excerpt":{"rendered":"<p>Nieoczekiwanie prezes Kurtyka po\u015bwi\u0119ci\u0142 jednego ze swoich najbardziej zaufanych pretorian\u00f3w. Kilka lat temu, kiedy w sercu Warszawy ods\u0142aniano pomnik Romana Dmowskiego,\u00a0 ukaza\u0142 si\u0119 protest podpisany przez prof. Mari\u0119 Janion i Marka Edelmana. Z apologi\u0105 Dmowskiego wyst\u0105pi\u0142 w\u00f3wczas\u00a0 nie byle kto, tylko Jan \u017baryn, doktor habilitowany, profesor Uniwersytetu Kardyna\u0142a Stefana Wyszy\u0144skiego i PAN, a przede wszystkim [&hellip;]<\/p>\n","protected":false},"author":4,"featured_media":0,"comment_status":"open","ping_status":"open","sticky":false,"template":"","format":"standard","meta":{"footnotes":""},"categories":[1],"tags":[],"_links":{"self":[{"href":"https:\/\/blog.polityka.pl\/passent\/wp-json\/wp\/v2\/posts\/559"}],"collection":[{"href":"https:\/\/blog.polityka.pl\/passent\/wp-json\/wp\/v2\/posts"}],"about":[{"href":"https:\/\/blog.polityka.pl\/passent\/wp-json\/wp\/v2\/types\/post"}],"author":[{"embeddable":true,"href":"https:\/\/blog.polityka.pl\/passent\/wp-json\/wp\/v2\/users\/4"}],"replies":[{"embeddable":true,"href":"https:\/\/blog.polityka.pl\/passent\/wp-json\/wp\/v2\/comments?post=559"}],"version-history":[{"count":0,"href":"https:\/\/blog.polityka.pl\/passent\/wp-json\/wp\/v2\/posts\/559\/revisions"}],"wp:attachment":[{"href":"https:\/\/blog.polityka.pl\/passent\/wp-json\/wp\/v2\/media?parent=559"}],"wp:term":[{"taxonomy":"category","embeddable":true,"href":"https:\/\/blog.polityka.pl\/passent\/wp-json\/wp\/v2\/categories?post=559"},{"taxonomy":"post_tag","embeddable":true,"href":"https:\/\/blog.polityka.pl\/passent\/wp-json\/wp\/v2\/tags?post=559"}],"curies":[{"name":"wp","href":"https:\/\/api.w.org\/{rel}","templated":true}]}}