
{"id":560,"date":"2009-04-15T12:09:47","date_gmt":"2009-04-15T10:09:47","guid":{"rendered":"http:\/\/passent.blog.polityka.pl\/?p=560"},"modified":"2009-04-15T12:18:42","modified_gmt":"2009-04-15T10:18:42","slug":"ciszej-nad-ta-trumna","status":"publish","type":"post","link":"https:\/\/blog.polityka.pl\/passent\/2009\/04\/15\/ciszej-nad-ta-trumna\/","title":{"rendered":"Ciszej nad t\u0105 trumn\u0105"},"content":{"rendered":"<p><strong>&#8211; Panie Passent, co pan s\u0105dzi o trzydniowej \u017ca\u0142obie narodowej og\u0142oszonej przez prezydenta po tragedii w Kamieniu Pomorskim?<\/strong><\/p>\n<p>&#8211; Nie wydaje mi si\u0119 to w\u0142a\u015bciwe, poniewa\u017c trzydniowa \u017ca\u0142oba rozmija si\u0119 z odczuciem spo\u0142ecze\u0144stwa i przez to staje si\u0119 fikcj\u0105. Mo\u017cna to by\u0142o rozwi\u0105za\u0107 inaczej, np. og\u0142osi\u0107 \u017ca\u0142ob\u0119 jednodniow\u0105 lub zwr\u00f3ci\u0107 z apelem do stacji radiowych i telewizyjnych, by dostosowa\u0142y program do smutnych okoliczno\u015bci. Pan prezydent pospiesznie og\u0142asza \u017ca\u0142ob\u0119 i s\u0105dzi, \u017ce nastrojami mo\u017cna kierowa\u0107 z najwy\u017cszego szczebla, \u017ce mo\u017cna w ten spos\u00f3b nar\u00f3d po\u0142\u0105czy\u0107 w smutku wok\u00f3\u0142 najwy\u017cszego urz\u0119du.<\/p>\n<p><strong>&#8211; A co pan s\u0105dzi o tym, \u017ce premier nie zawiadomi\u0142 natychmiast prezydenta o tragedii?<\/strong><\/p>\n<p>&#8211; \u0179le s\u0105dz\u0119, ale prezydent nie powinien robi\u0107 z tego sprawy. Kancelaria prezydenta zatrudnia setki os\u00f3b i nie mog\u0119 sobie wyobrazi\u0107, \u017ceby nikt nie dowiedzia\u0142 si\u0119  medi\u00f3w o takim po\u017carze. Tak\u017ce kancelaria premiera lub inna instytucja administracji pa\u0144stwowej mog\u0142a zawiadomi\u0107 kancelari\u0119 prezydenta. Jednak robienie z tego\u00a0 sprawy uwa\u017cam za niestosowne. Wypowied\u017a min. Grasia, \u017ce prezydent m\u00f3g\u0142 dowiedzie\u0107 si\u0119 z telewizji, by\u0142a arogancka i niestosowna. Dobrze, \u017ce za ni\u0105 przeprosi\u0142. Mam nadziej\u0119, \u017ce sprawa jest zamkni\u0119ta. Ciszej nad trumn\u0105.<\/p>\n<p><strong>&#8211; Ciszej? A co pan s\u0105dzi o samym po\u017carze?<\/strong><\/p>\n<p>&#8211; Chcia\u0142bym podkre\u015bli\u0107 kontekst cywilizacyjny. Tragedie zdarzaj\u0105 si\u0119 wsz\u0119dzie, ale w Polsce zbyt cz\u0119sto, z powodu niskiego poziomu cywilizacyjnego. Nowy i sprawny samolot Casa, na pok\u0142adzie kt\u00f3rego by\u0142o dow\u00f3dztwo si\u0142 powietrznych, run\u0105\u0142 z powodu, og\u00f3lnie m\u00f3wi\u0105c, \u201epolskich porz\u0105dk\u00f3w\u201d. Niedawno, prawdopodobnie z podobnych przyczyn spad\u0142 helikopter. Polski autokar z pielgrzymami run\u0105\u0142 w przepa\u015b\u0107 w pobli\u017cu Grenoble. Zabezpieczenie przeciwpo\u017carowe jest cz\u0119sto fikcj\u0105. Przejazdy kolejowe z braku szlaban\u00f3w stanowi\u0105 zagro\u017cenie, podobnie jak pijani dr\u00f3\u017cnicy i kierowcy. Na drogach szaleje dzicz \u2013 policja nie jest w stanie zmusi\u0107 kierowc\u00f3w do przestrzegania  przepis\u00f3w. Czasami sytuacja na drogach przypomina t\u0119 w Trzecim \u015awiecie. \u017badna \u017ca\u0142oba tego nie zmieni, potrzebna jest praca od postaw.<\/p>\n<p><strong>&#8211; A co pan sadzi o kolejnej wojence na szczycie? Prezydent nie podpisuje list\u00f3w uwierzytelniaj\u0105cych ambasadorom, poniewa\u017c obawia si\u0119, \u017ce min. Sikorski sabotuje kandydatur\u0119 Anny Fotygi na sta\u0142ego przedstawiciela Polski w ONZ.<\/strong><\/p>\n<p>&#8211; \u017benada, skutek \u017ca\u0142osnej kohabitacji. Ka\u017cdy ambasador, kt\u00f3ry jedzie obj\u0105\u0107 plac\u00f3wk\u0119, powinien mie\u0107 ze sob\u0105 listy uwierzytelniaj\u0105ce od naszego prezydenta, kt\u00f3re wr\u0119czy g\u0142owie pa\u0144stwa. Dopiero wtedy mo\u017ce by\u0107 ambasadorem pe\u0142na g\u0119b\u0105. Bez z\u0142o\u017cenia list\u00f3w mo\u017ce dzia\u0142a\u0107 tylko na p\u00f3\u0142 gazu, nie b\u0119dzie zapraszany na wa\u017cne spotkania. Pozbawianie list\u00f3w uwierzytelniaj\u0105cych jest dzia\u0142aniem szkodliwym. Poniewa\u017c prezydent nie darzy zaufaniem ministra Sikorskiego, ani premiera Tuska, powsta\u0142a jaka\u015b polityka \u201etransakcyjna\u201d \u2013 Iksi\u0144ski do Tunezji w zamian za Igrekowskiego do Maroka. To ma\u0142e interesy. Je\u017celi jest prawd\u0105, \u017ce prezydent celowo nie podpisuje list\u00f3w uwierzytelniaj\u0105cych, to jest to forma nacisku, szanta\u017cu, kt\u00f3ry godzi w dzia\u0142anie naszej dyplomacji. Lepiej, \u017ceby minister Kownacki czy Kami\u0144ski powiedzieli jasno: Pan prezydent oczekuje jasnej deklaracji min. Sikorskiego w sprawie p. Fotygi. Nie chc\u0119 si\u0119 dalej rozwodzi\u0107 nad wojenk\u0105 pa\u0142ac\u00f3w, s\u0105dz\u0119, \u017ce prezydent na wszelkie sposoby usi\u0142uje ratowa\u0107 spadaj\u0105ce  notowania PIS.<\/p>\n<p><strong>&#8211; A co pan s\u0105dzi o sensacjach na temat wsp\u00f3\u0142pracy wywiad\u00f3w Polski i USA, tajnego lotniska w Szymanach, pobytu na polskim terytorium rzekomych terroryst\u00f3w?<\/strong><\/p>\n<p>&#8211; Od czasu pojawienia si\u0119  oskar\u017ce\u0144 pod adresem Polski by\u0142o jasne, \u017ce co\u015b jest na rzeczy. Ekipa Kwa\u015bniewskiego i Millera nie bardzo mog\u0142a odm\u00f3wi\u0107 wsp\u00f3\u0142pracy Amerykanom. Terroryzm to nasz wsp\u00f3lny wr\u00f3g, a Stany Zjednoczone \u2013 najwa\u017cniejszy sojusznik. Pami\u0119tajmy, \u017ce by\u0142o to wkr\u00f3tce po 11. wrze\u015bnia, a lewicowy rz\u0105d nie bardzo m\u00f3g\u0142 powiedzie\u0107 \u201enie\u201d. Zaprzeczenia ze strony w\u0142adz polskich by\u0142y zreszt\u0105 enigmatyczne, bez przekonania, mi\u0119dzy wierszami mo\u017cna by\u0142o wyczyta\u0107, \u017ce co\u015b by\u0142o na rzeczy.  \u017baden rz\u0105d polski nie odm\u00f3wi\u0142by w\u00f3wczas Amerykanom.<\/p>\n<p><strong>&#8211; Dzi\u0119kuje panu za rozmow\u0119.<\/strong><\/p>\n<p>&#8211; Zawsze do us\u0142ug bloga \u201een passant\u201d.<\/p>\n","protected":false},"excerpt":{"rendered":"<p>&#8211; Panie Passent, co pan s\u0105dzi o trzydniowej \u017ca\u0142obie narodowej og\u0142oszonej przez prezydenta po tragedii w Kamieniu Pomorskim? &#8211; Nie wydaje mi si\u0119 to w\u0142a\u015bciwe, poniewa\u017c trzydniowa \u017ca\u0142oba rozmija si\u0119 z odczuciem spo\u0142ecze\u0144stwa i przez to staje si\u0119 fikcj\u0105. Mo\u017cna to by\u0142o rozwi\u0105za\u0107 inaczej, np. og\u0142osi\u0107 \u017ca\u0142ob\u0119 jednodniow\u0105 lub zwr\u00f3ci\u0107 z apelem do stacji radiowych [&hellip;]<\/p>\n","protected":false},"author":4,"featured_media":0,"comment_status":"open","ping_status":"open","sticky":false,"template":"","format":"standard","meta":{"footnotes":""},"categories":[1],"tags":[],"_links":{"self":[{"href":"https:\/\/blog.polityka.pl\/passent\/wp-json\/wp\/v2\/posts\/560"}],"collection":[{"href":"https:\/\/blog.polityka.pl\/passent\/wp-json\/wp\/v2\/posts"}],"about":[{"href":"https:\/\/blog.polityka.pl\/passent\/wp-json\/wp\/v2\/types\/post"}],"author":[{"embeddable":true,"href":"https:\/\/blog.polityka.pl\/passent\/wp-json\/wp\/v2\/users\/4"}],"replies":[{"embeddable":true,"href":"https:\/\/blog.polityka.pl\/passent\/wp-json\/wp\/v2\/comments?post=560"}],"version-history":[{"count":0,"href":"https:\/\/blog.polityka.pl\/passent\/wp-json\/wp\/v2\/posts\/560\/revisions"}],"wp:attachment":[{"href":"https:\/\/blog.polityka.pl\/passent\/wp-json\/wp\/v2\/media?parent=560"}],"wp:term":[{"taxonomy":"category","embeddable":true,"href":"https:\/\/blog.polityka.pl\/passent\/wp-json\/wp\/v2\/categories?post=560"},{"taxonomy":"post_tag","embeddable":true,"href":"https:\/\/blog.polityka.pl\/passent\/wp-json\/wp\/v2\/tags?post=560"}],"curies":[{"name":"wp","href":"https:\/\/api.w.org\/{rel}","templated":true}]}}