
{"id":5607,"date":"2019-09-13T14:48:38","date_gmt":"2019-09-13T12:48:38","guid":{"rendered":"https:\/\/passent.blog.polityka.pl\/?p=5607"},"modified":"2019-09-13T15:45:37","modified_gmt":"2019-09-13T13:45:37","slug":"kto-zyw-na-ratunek","status":"publish","type":"post","link":"https:\/\/blog.polityka.pl\/passent\/2019\/09\/13\/kto-zyw-na-ratunek\/","title":{"rendered":"Kto \u017cyw, na ratunek"},"content":{"rendered":"<p>Coraz gro\u017aniejsza i bardziej ponura perspektywa utrwalenia si\u0119 re\u017cimu Kaczy\u0144skiego na nast\u0119pne co najmniej cztery lata powoduje mobilizacj\u0119 jego przeciwnik\u00f3w. \u015awiadcz\u0105 o tym dwa listy &#8211; apele z dw\u00f3ch odleg\u0142ych i przeciwstawnych biegun\u00f3w naszej sceny politycznej. Wszystkie r\u0119ce na pok\u0142ad.<br \/>\n<!--more--><br \/>\nZ jednej strony prof. Maciej Giertych (dendrolog), syn J\u0119drzeja i ojciec Romana, nestor (83 lata) narodowej prawicy. Napisa\u0142 list otwarty (&#8222;Gazeta Wyborcza&#8221;, 13 wrze\u015bnia), w kt\u00f3rym \u201eostrzega wszystkich swoich Rodak\u00f3w przed oddaniem w tych wyborach g\u0142osu na PiS\u201d. Wierny syn Ko\u015bcio\u0142a katolickiego pisze: \u201eG\u0142osowanie na PiS to pewna droga do zniszczenia Ko\u015bcio\u0142a Polskiego i pewna droga do nieszcz\u0119\u015b\u0107 dla Polski\u201d.<\/p>\n<p>&#8222;Cz\u0119\u015b\u0107 spo\u0142ecze\u0144stwa, kt\u00f3ra nie popiera PiS (a jest to ponad po\u0142owa), masowo odchodzi od Ko\u015bcio\u0142a. Wida\u0107 to po spadku uczestnictwa w mszach \u015bwi\u0119tych \u2013 pisze Giertych. Sojusz tronu z o\u0142tarzem os\u0142abia duchowo o\u0142tarz i powoduje gwa\u0142towny spadek powo\u0142a\u0144. Jednocze\u015bnie narastaj\u0105 nastroje antykatolickie w sytuacji, gdy \u201edokonywany jest zamach na konstytucj\u0119 RP\u201d \u2013 pisze Maciej Giertych. Przytrzyma\u0107 przy Ko\u015bciele mo\u017ce wierz\u0105cy, modl\u0105cy si\u0119 ksi\u0105dz, kt\u00f3ry m\u00f3wi kazania o Bogu.<\/p>\n<p>\u201ePatrz\u0119 z przera\u017ceniem na hipokryzj\u0119 tych, kt\u00f3rzy ka\u017cdy b\u0142\u0105d i grzech opozycji g\u0142o\u015bno krytykuj\u0105, a gdy widzimy jawne naruszanie podstawowej uczciwo\u015bci i prawa przez organizowanie oszczerczych nagonek na s\u0119dzi\u00f3w, gdy widzimy jawne z\u0142odziejstwo (loty rz\u0105dowymi samolotami \u2013 Pass.), gdy widzimy wreszcie nieustaj\u0105ce k\u0142amstwo TVP za pieni\u0105dze publiczne, to milcz\u0105\u201d.<\/p>\n<p>W konkluzji prof. Giertych pisze: \u201eJe\u017celi po tych czterech latach, gdy ju\u017c wida\u0107, \u017ce intencj\u0105 PiS jest w\u0142adza autorytarna, oddacie g\u0142os na t\u0119 partie, to zaszkodzicie zar\u00f3wno Polsce, jak i Ko\u015bcio\u0142owi. Bardzo zaszkodzicie i wielu z Was b\u0119dzie tego do ko\u0144ca \u017cycia \u017ca\u0142owa\u0107\u201d.<\/p>\n<p>Z drugiej, ale nie zawsze przeciwnej, lewej strony pochodzi pe\u0142en temperamentu g\u0142os prof. Jana Hartmana na Jego blogu w Polityce.pl. &#8222;Trudno o co\u015b podlejszego ni\u017c okradanie narodu i karmienie zdeprawowanego kleru miliardami (sam Rydzyk dosta\u0142 blisko \u0107wier\u0107 miliarda!), by kupi\u0107 za ich spraw\u0105 g\u0142osy wyborc\u00f3w&#8221; \u2013 pisze Hartman. &#8222;Trudno o co\u015b bardziej cynicznego ni\u017c obstawianie si\u0119 najgorszego autoramentu szumowinami (autor chyba mia\u0142 na my\u015bli hejter\u00f3w z Ministerstwa Sprawiedliwo\u015bci, kt\u00f3rzy pisali &#8222;wypier&#8230;&#8221; do pierwsze prezes S\u0105du Najwy\u017cszego) i wulgarnymi karierowiczami z czas\u00f3w PRL na przemian z m\u0142odymi faszystami&#8221;.<\/p>\n<p>G\u0142os Macieja Giertycha przypomina niez\u0142omn\u0105 postaw\u0119 prof. Adama Strzembosza (1989), by\u0142ego pierwszego prezesa SN i przewodnicz\u0105cego Trybuna\u0142u Konstytucyjnego, kt\u00f3ry nie szcz\u0119dzi wysi\u0142k\u00f3w w obronie wymiaru sprawiedliwo\u015bci przed \u201edobr\u0105 zmian\u0105\u201d. Kto \u017cyw (w tym t\u0119gie g\u0142owy), biegnie Polsce na ratunek. Do\u0142\u0105cz do nich!<\/p>\n<p><strong>PS Zaproszenie<\/strong><br \/>\nKlaus Bachmann, profesor, publicysta, znawca naszego (i nie tylko naszego) kraju, red. Ewa Siedlecka (&#8222;Polityka&#8221;), niekoronowana kr\u00f3lowa publicystyki prawnej, oraz Jaros\u0142aw Guga\u0142a (Polsat), publicysta, dyplomata, iberysta i w wolnych chwilach artysta, b\u0119d\u0105 naszymi go\u015b\u0107mi w TOK FM, niedziela 15 wrze\u015bnia, godz. 10:05. Zapraszam!<\/p>\n","protected":false},"excerpt":{"rendered":"<p>Wszystkie r\u0119ce na pok\u0142ad.<\/p>\n","protected":false},"author":4,"featured_media":4104,"comment_status":"open","ping_status":"closed","sticky":false,"template":"","format":"standard","meta":{"footnotes":""},"categories":[1],"tags":[],"_links":{"self":[{"href":"https:\/\/blog.polityka.pl\/passent\/wp-json\/wp\/v2\/posts\/5607"}],"collection":[{"href":"https:\/\/blog.polityka.pl\/passent\/wp-json\/wp\/v2\/posts"}],"about":[{"href":"https:\/\/blog.polityka.pl\/passent\/wp-json\/wp\/v2\/types\/post"}],"author":[{"embeddable":true,"href":"https:\/\/blog.polityka.pl\/passent\/wp-json\/wp\/v2\/users\/4"}],"replies":[{"embeddable":true,"href":"https:\/\/blog.polityka.pl\/passent\/wp-json\/wp\/v2\/comments?post=5607"}],"version-history":[{"count":5,"href":"https:\/\/blog.polityka.pl\/passent\/wp-json\/wp\/v2\/posts\/5607\/revisions"}],"predecessor-version":[{"id":5612,"href":"https:\/\/blog.polityka.pl\/passent\/wp-json\/wp\/v2\/posts\/5607\/revisions\/5612"}],"wp:featuredmedia":[{"embeddable":true,"href":"https:\/\/blog.polityka.pl\/passent\/wp-json\/wp\/v2\/media\/4104"}],"wp:attachment":[{"href":"https:\/\/blog.polityka.pl\/passent\/wp-json\/wp\/v2\/media?parent=5607"}],"wp:term":[{"taxonomy":"category","embeddable":true,"href":"https:\/\/blog.polityka.pl\/passent\/wp-json\/wp\/v2\/categories?post=5607"},{"taxonomy":"post_tag","embeddable":true,"href":"https:\/\/blog.polityka.pl\/passent\/wp-json\/wp\/v2\/tags?post=5607"}],"curies":[{"name":"wp","href":"https:\/\/api.w.org\/{rel}","templated":true}]}}