
{"id":561,"date":"2009-04-20T00:00:57","date_gmt":"2009-04-19T22:00:57","guid":{"rendered":"http:\/\/passent.blog.polityka.pl\/?p=561"},"modified":"2009-04-20T00:00:57","modified_gmt":"2009-04-19T22:00:57","slug":"ach-ci-polacy","status":"publish","type":"post","link":"https:\/\/blog.polityka.pl\/passent\/2009\/04\/20\/ach-ci-polacy\/","title":{"rendered":"Ach, ci Polacy!"},"content":{"rendered":"<p><strong>ROZKRADN\u0104 ZANIM ZBUDUJ\u0104 <\/strong><\/p>\n<p>Niedawno przeczyta\u0142em, \u017ce budowa prowizorycznego \u201ewiaduktu gda\u0144skiego\u201d (kt\u00f3rego zamkni\u0119cie jest zmor\u0105 tysi\u0119cy warszawiak\u00f3w), mog\u0142a rozpocz\u0105\u0107 si\u0119 przed Wielkanoc\u0105, ale firma obawia\u0142a si\u0119 (s\u0142uchajcie! s\u0142uchajcie!), \u017ce w trakcie \u015bwi\u0105t elementy stalowe zostan\u0105 rozkradzione (!), a zatrudnienie ochrony podnios\u0142oby koszty. Nie wiadomo co bardziej podziwia\u0107:\u00a0 z\u0142odziei, kt\u00f3rzy potrafi\u0105 rozkra\u015b\u0107 nawet ci\u0119\u017ckie elementy stalowe,\u00a0 firm\u0119, kt\u00f3ra nie ma z\u0142udze\u0144 co do mieszka\u0144c\u00f3w stolicy, czy wreszcie rodak\u00f3w. Podczas gdy jedni przygotowuj\u0105 \u015bwi\u0119cone i przestrzegaj\u0105 \u015bwi\u0105tecznych obyczaj\u00f3w, inni ukradn\u0105 nawet Most Kierbedzia. Nie jakie\u015b drobiazgi, ale elementy stalowe! Kilka lat temu odwiedzi\u0142em osob\u0119 chor\u0105 w szpitalu na Woli. Pacjentka poprosi\u0142a o troch\u0119 wody. Kiedy wszed\u0142em do \u0142azienki, okaza\u0142o si\u0119, \u017ce nad umywalk\u0105\u00a0 nie by\u0142o kranu. \u2013 Co, zn\u00f3w ukradli? Przecie\u017c wczoraj by\u0142 za\u0142o\u017cony! \u2013 odpowiedzia\u0142a mi piel\u0119gniarka zapytana o wod\u0119. I to wszystko dzia\u0142o si\u0119 ju\u017c w III RP, kiedy armatura by\u0142a w ka\u017cdym sklepie. Czasami nie mog\u0119 wyj\u015b\u0107 z podziwu nad naszym narodem, kt\u00f3ry od \u015bwi\u0119ta wype\u0142nia ko\u015bcio\u0142y i zapala \u015bwieczki, a na co dzie\u0144 jest a\u017c nadto zapobiegliwy i praktyczny.<\/p>\n<p><strong>GARBI\u0104 PLECY PRZED NIEMCAMI <\/strong><\/p>\n<p>We wczorajszej \u201eRz.\u201d zainteresowa\u0142 mnie niewielki reporta\u017c pod tytu\u0142em: \u201ePOLACY ZN\u00d3W ZRYWAJ\u0104 SZPARAGI\u201d. Podtytu\u0142: \u201eNasi rodacy garbi\u0105 plecy, wygrzebuj\u0105c w pocie czo\u0142a cenne warzywa z niemieckiej ziemi. Spadek warto\u015bci z\u0142otego sprawi\u0142, \u017ce to zaj\u0119cie zn\u00f3w sta\u0142o si\u0119 atrakcyjne\u201d. Wzruszony losem Polak\u00f3w, kt\u00f3rzy zn\u00f3w musz\u0105 zgina\u0107 karki pod niemieckim butem, przeczyta\u0142em niewielki reporta\u017c, z kt\u00f3rego wynika, \u017ce Niemcy s\u0105 pot\u0119g\u0105 szparagow\u0105 (pozazdro\u015bci\u0107!), ale bez polskich kark\u00f3w\u00a0 nie mog\u0105 si\u0119 oby\u0107, ch\u0119tnych Rumun\u00f3w jest za ma\u0142o. Z tekstu wynika, \u017ce \u201ePolacy nie narzekaj\u0105\u201d, poniewa\u017c za schylanie karku w pocie czo\u0142a zarabiaj\u0105\u00a0 8 euro za godzin\u0119. Wychodzi na to, \u017ce Polacy lubi\u0105 m\u0119czy\u0107 si\u0119 na niemieckiej ziemi i trzeba si\u0119 cieszy\u0107, \u017ce ci\u0119\u017cko pracuj\u0105c mo\u017cna u nich zarobi\u0107. W dodatku rz\u0105d niemiecki do tego dop\u0142aca.\u00a0 Wi\u0119c po co by\u0142 ten alarm, ten \u201epot z czo\u0142a\u201d i ta \u201eniemiecka ziemia\u201d?<\/p>\n<p><strong><\/strong><\/p>\n<p><strong>POKRZYWDZENI PRZEZ STEREOTYPY<\/strong><\/p>\n<p>Staraniem naszego konsulatu w Nowym Jorku, naro\u017cnik ulic w pobli\u017cu polskiego przedstawicielstwa zosta\u0142 nazwany imieniem Jana Karskiego \u2013 bohaterskiego kuriera z Warszawy, kt\u00f3ry podczas II wojny stara\u0142 si\u0119 wstrz\u0105sn\u0105\u0107 sumieniami zachodnich aliant\u00f3w w obliczu Holocaustu. Jan Karski to pi\u0119kna posta\u0107 w dziejach Polski i Stan\u00f3w Zjednoczonych.\u00a0 Konsulatowi w N.Y.C.\u00a0 gratuluj\u0119, wiem, jak trudno tak\u0105 inicjatyw\u0119 przeprowadzi\u0107, zw\u0142aszcza za granic\u0105. Przy okazji jednak konsul generalny w N.Y., Krzysztof Kasprzyk (kt\u00f3rego t\u0105 drog\u0105 pozdrawiam, gdy\u017c wiem, \u017ce nale\u017cy do naszych blogowicz\u00f3w) powiedzia\u0142 m.in.: \u201eNie mo\u017ce by\u0107 tak, \u017ce symbolem ratowania \u017byd\u00f3w jest \u2018dobry Niemiec\u2019 \u2013 Oskar Schindler\u201d.\u00a0 Co to \u2013 to nie,\u00a0 Panie Konsulu. Dlaczego \u201edobry Niemiec\u201d Schindler ma by\u0107 w cudzys\u0142owie? Poza tym, mnie nie przeszkadza, \u017ce dla kogo\u015b dobry\u00a0 Niemiec jest symbolem Dobra. Nie jestem przekonany do walki na symbole. Nie odpowiada nam, \u017ce upadek muru berli\u0144skiego jest dla niekt\u00f3rych symbolem upadku\u00a0 komunizmu, a teraz zn\u00f3w nie podoba nam si\u0119 Schindler. Innym zn\u00f3w razem nie podoba nam si\u0119, \u017ce Stauffenberg s\u0142u\u017cy za symbol opozycji antyhitlerowskiej w Wehrmachcie, bo niekt\u00f3rzy bior\u0105 go za symbol w og\u00f3le. Rodacy, przesta\u0144my walczy\u0107 na symbole! Oddawajmy ho\u0142d\u00a0\u00a0 bohaterom, ale pozw\u00f3lmy innym mie\u0107 swoich bohater\u00f3w. Zamiast odwo\u0142ywa\u0107 si\u0119 do ugi\u0119tych plec\u00f3w na niemieckiej ziemi, cieszmy si\u0119, \u017ce Polacy \u2013 ju\u017c dobrowolnie \u2013 mog\u0105 pracowa\u0107 u niemieckiego Bauera. Tw\u00f3rzmy dobre fakty, a symbole przyjd\u0105 same.<br \/>\n<strong><\/strong><\/p>\n<p><strong>NAR\u00d3D NIE KUMA <\/strong><\/p>\n<p>Prof. Zbigniew Krasnod\u0119bski,\u00a0 kt\u00f3ry m\u0119czy si\u0119 na niemieckim uniwersytecie w Bremie, a prostuje ko\u015bci na Uniwersytecie Stefana Kardyna\u0142a Wyszy\u0144skiego w III RP, nie jest zadowolony z naszego narodu. W pamflecie na \u201eRewolucj\u0119 Tuska\u201d (\u201eRz.), kt\u00f3ry zyska\u0142 ju\u017c pewien rezonans na naszym blogu, czo\u0142owy Tuskojad ma wyra\u017anie narodowi za z\u0142e, \u017ce zamiast Kaczy\u0144skiego wybra\u0142 Tuska. Nar\u00f3d bowiem \u2013 jak m\u00f3wi m\u0142odzie\u017c\u00a0 &#8211; nie kuma. \u201eCzego wi\u0119c Polacy oczekuj\u0105 od rz\u0105du? \u2013 pyta profesor. Po pierwsze, \u017ceby dobrze wypada\u0142 i dobrze ich reprezentowa\u0142 i nie przynosi\u0142 im wstydu (\u2026) Po drugie, \u017ceby zostawi\u0142 ich w spokoju (\u2026) A po trzecie, by zapewni\u0142 im rozrywk\u0119 przez gn\u0119bienie i pi\u0119tnowanie tych, kt\u00f3rzy zostali uznani za wrog\u00f3w publicznych\u201d. Z dalszej cz\u0119\u015bci tekstu wynika, \u017ce nar\u00f3d nic nie rozumie. \u201ePolacy nie maj\u0105 poj\u0119cia o polityce \u015bwiatowej, nie interesuj\u0105 si\u0119 ni\u0105.(\u2026) Dlatego tak \u0142atwo przychodzi rz\u0105dowi chwali\u0107 si\u0119\u00a0 rzekomymi sukcesami\u201d. Panuje wr\u0119cz \u201eNiech\u0119\u0107 do wysi\u0142ku intelektualnego i politycznego\u2026\u201d Ta niech\u0119\u0107 do wysi\u0142ku intelektualnego i politycznego nie dotyczy jednak Profesora, kt\u00f3ry wysili\u0142 si\u0119 i bije na alarm z powodu Platformy, \u017ce buduje parti\u0119 szerokiego spectrum, \u201etraktuje Polak\u00f3w nie jak obywateli, lecz jako manipulowan\u0105 mas\u0119\u201d, d\u0105\u017cy do zniszczenia PiS, lekcewa\u017cy wolno\u015b\u0107 s\u0142owa, bada\u0144 naukowych i uniwersytet\u00f3w (Zyzak!), stanowi najwi\u0119ksze od 1989 r. zagro\u017cenie wolno\u015bci i suwerenno\u015bci Polak\u00f3w. Pan Profesor mo\u017ce mie\u0107 takie pogl\u0105dy, ja te\u017c nie jestem entuzjast\u0105 PO (z innych przyczyn), ale dlaczego si\u0119 dziwi, \u017ce partia Tuska traktuje ludzi jak mas\u0119, skoro \u2013 jego zdaniem &#8211; rozleniwiony nar\u00f3d nic nie kuma?<\/p>\n","protected":false},"excerpt":{"rendered":"<p>ROZKRADN\u0104 ZANIM ZBUDUJ\u0104 Niedawno przeczyta\u0142em, \u017ce budowa prowizorycznego \u201ewiaduktu gda\u0144skiego\u201d (kt\u00f3rego zamkni\u0119cie jest zmor\u0105 tysi\u0119cy warszawiak\u00f3w), mog\u0142a rozpocz\u0105\u0107 si\u0119 przed Wielkanoc\u0105, ale firma obawia\u0142a si\u0119 (s\u0142uchajcie! s\u0142uchajcie!), \u017ce w trakcie \u015bwi\u0105t elementy stalowe zostan\u0105 rozkradzione (!), a zatrudnienie ochrony podnios\u0142oby koszty. Nie wiadomo co bardziej podziwia\u0107:\u00a0 z\u0142odziei, kt\u00f3rzy potrafi\u0105 rozkra\u015b\u0107 nawet ci\u0119\u017ckie elementy stalowe,\u00a0 firm\u0119, [&hellip;]<\/p>\n","protected":false},"author":4,"featured_media":0,"comment_status":"open","ping_status":"open","sticky":false,"template":"","format":"standard","meta":{"footnotes":""},"categories":[1],"tags":[],"_links":{"self":[{"href":"https:\/\/blog.polityka.pl\/passent\/wp-json\/wp\/v2\/posts\/561"}],"collection":[{"href":"https:\/\/blog.polityka.pl\/passent\/wp-json\/wp\/v2\/posts"}],"about":[{"href":"https:\/\/blog.polityka.pl\/passent\/wp-json\/wp\/v2\/types\/post"}],"author":[{"embeddable":true,"href":"https:\/\/blog.polityka.pl\/passent\/wp-json\/wp\/v2\/users\/4"}],"replies":[{"embeddable":true,"href":"https:\/\/blog.polityka.pl\/passent\/wp-json\/wp\/v2\/comments?post=561"}],"version-history":[{"count":0,"href":"https:\/\/blog.polityka.pl\/passent\/wp-json\/wp\/v2\/posts\/561\/revisions"}],"wp:attachment":[{"href":"https:\/\/blog.polityka.pl\/passent\/wp-json\/wp\/v2\/media?parent=561"}],"wp:term":[{"taxonomy":"category","embeddable":true,"href":"https:\/\/blog.polityka.pl\/passent\/wp-json\/wp\/v2\/categories?post=561"},{"taxonomy":"post_tag","embeddable":true,"href":"https:\/\/blog.polityka.pl\/passent\/wp-json\/wp\/v2\/tags?post=561"}],"curies":[{"name":"wp","href":"https:\/\/api.w.org\/{rel}","templated":true}]}}