
{"id":562,"date":"2009-04-23T23:19:00","date_gmt":"2009-04-23T21:19:00","guid":{"rendered":"http:\/\/passent.blog.polityka.pl\/?p=562"},"modified":"2009-04-23T23:19:43","modified_gmt":"2009-04-23T21:19:43","slug":"kaczynski-jak-nixon","status":"publish","type":"post","link":"https:\/\/blog.polityka.pl\/passent\/2009\/04\/23\/kaczynski-jak-nixon\/","title":{"rendered":"Kaczy\u0144ski jak Nixon"},"content":{"rendered":"<p><strong>O podobie\u0144stwie Braci i by\u0142ego prezydenta USA<\/strong><\/p>\n<p>Obecne wydarzenia polityczne s\u0105 tak mia\u0142kie, \u017ce nie warto si\u0119 nimi zajmowa\u0107. Pani min. Fotyga czuje si\u0119 \u2018poraniona\u2019 kiedy my\u015bli o naszej\u00a0 polityce zagranicznej. My\u015bl\u0119, \u017ce wykorzysta\u0142a gr\u0119 s\u0142\u00f3w, chodzi\u0142o jej o to, \u017ce ta polityka jest \u2018poroniona\u2019, ale to tylko m\u00f3j domys\u0142. Z ca\u0142ej jej wypowiedzi media wychwyci\u0142y tylko to poranienie, z czego wynika, \u017ce albo b. minister nie powiedzia\u0142a niczego m\u0105drzejszego, albo media s\u0105 zbyt mia\u0142kie, \u017ceby skupi\u0107 si\u0119 na sprawie powa\u017cnej. Niestety, w sprawach polityki zagranicznej media maj\u0105 niewiele do powiedzenia. Ma\u0142e konflikty, plotki i smaczne drobiazgi \u2013 tak, powa\u017cna debata \u2013 nie.\u00a0 S\u0105 w Polsce znakomici komentatorzy i publicy\u015bci, ale nie w sprawach mi\u0119dzynarodowych. W ojczy\u017anie Giedrojcia i Mieroszewskiego, a pod panowaniem\u00a0 systemu \u2013 Oma\u0144czyka, Stommy, Rakowskiego, dzi\u015b nie ma t\u0119gich g\u0142\u00f3w w sprawach mi\u0119dzynarodowych. S\u0105 wybitni publicy\u015bci i profesorowie, kt\u00f3rzy maj\u0105 co\u015b do powiedzenia w sprawach III i IV RP, Ko\u015bcio\u0142a, polityki historycznej, lustracji, jest polifonia g\u0142os\u00f3w, ale w sprawach mi\u0119dzynarodowych takich autorytet\u00f3w nie wida\u0107. Tylko prof.\u00a0 \u0141agowski potrafi spojrze\u0107 oryginalnie i odwa\u017cnie.<\/p>\n<p>Zmieniam wi\u0119c temat, \u017ceby przypomnie\u0107, \u017ce kiedy do w\u0142adzy doszli bracia Kaczy\u0144scy, ich polityka by\u0142a czasami okre\u015blana jako paranoiczna (ksi\u0105\u017cka o paranoi politycznej zrobi\u0142a wtedy karier\u0119, r\u00f3wnie\u017c na tym blogu). Starszym z nas, Bracia przypominaj\u0105 by\u0142ego prezydenta USA &#8211; Richarda Nixona. Potwierdzaj\u0105 to m.in.\u00a0 wspomnienia s\u0142awnej dziennikarki, Barbary Walters (kr\u00f3lowa telewizji ameryka\u0144skiej, pierwsza dziennikarka elektroniczna , kt\u00f3ra robi\u0142a wywiady z prezydentami USA i zagranic\u0105, w\u0142\u0105cznie z Bre\u017cniewem, Castro i\u00a0 Jaruzelskim, pod pewnymi wzgl\u0119dami przypomina\u0142a Orian\u0119 Fallaci, ale mniej politycznie zaanga\u017cowana, bardziej \u2018konfekcyjna\u2019).<\/p>\n<p>W ksi\u0105\u017cce \u201eEgzamin \u017cycia\u201d, kt\u00f3ra ukaza\u0142a si\u0119 niedawno i w Polsce, autorka wspomina wywiad z Nixonem. Zebra\u0142a si\u0119 w sobie (w owych czasach dystans pomi\u0119dzy prezydentem a dziennikark\u0105 by\u0142 ogromny) i zapyta\u0142a: \u201e\u2019Panie prezydencie, m\u00f3wi si\u0119 du\u017co o pa\u0144skim wizerunku i o tym, \u017ce spo\u0142ecze\u0144stwo ameryka\u0144skie uwa\u017ca pana za do\u015b\u0107 sztywnego i ma\u0142o sympatycznego cz\u0142owieka. Czy nie niepokoi pana ten wizerunek?\u2019<\/p>\n<p>Otworzy\u0142am puszk\u0119 Pandory. Prezydent zacz\u0105\u0142 powtarza\u0107 bez ko\u0144ca,\u00a0 \u017ce nie interesuje si\u0119 swoim wizerunkiem, sonda\u017cami i artyku\u0142ami prasowymi, kt\u00f3rych jakoby nigdy nie czyta. \u2018Prezydenci, kt\u00f3rzy to robi\u0105, o\u015bwiadczy\u0142, s\u0105 jak sportowcy, futboli\u015bci i inni tacy, kt\u00f3rzy tak bardzo interesuj\u0105 si\u0119 tym, co si\u0119 o nich pisze, \u017ce przestaj\u0105 dobrze gra\u0107. (\u2026) Kto\u015b, kto mierzy sobie temperatur\u0119 za pomoc\u0105 sonda\u017cu Gallupa, nie b\u0119dzie dobrym przyw\u00f3dc\u0105.\u201d<\/p>\n<p>\u201eBob\u201d Haldeman, szef personelu Nixona, i jego prawa r\u0119ka, kt\u00f3ry te\u017c poleg\u0142 w aferze Watergate, powiedzia\u0142 Barbarze Walters: \u201eLudzie, kt\u00f3rzy sprzeciwiaj\u0105 si\u0119 temu, co robi prezydent, mimowolnie opowiadaj\u0105 si\u0119 za polityk\u0105, kt\u00f3rej \u017cycz\u0105 sobie wrogowie. Aby nie pozostawi\u0107 w\u0105tpliwo\u015bci, Haldeman o\u015bwiadczy\u0142, \u017ce krytycy Richarda Nixona \u2018\u015bwiadomie pomagaj\u0105 nieprzyjacielowi. Kr\u00f3tko m\u00f3wi\u0105c, s\u0105 zdrajcami.\u201d<\/p>\n<p>By\u0142 to rok 1971, trwa\u0142a wojna wietnamska, i ludzie Nixona usi\u0142owali przy pomocy patriotycznych frazes\u00f3w zamkn\u0105\u0107\u00a0 usta krytykom. \u201ePodobnie jak George Bush\u201d \u2013 dodaje Barbara Walters.<\/p>\n<p>Jeszcze jedno\u00a0 podobie\u0144stwo\u00a0 (J.) Kaczy\u0144skiego do Nixona: Nixon te\u017c bojkotowa\u0142 jedn\u0105 z najwi\u0119kszych stacji telewizyjnych \u2013 ABC. Kiedy ABC zdecydowa\u0142a si\u0119 emitowa\u0107 film nakr\u0119cony w oparciu o ksi\u0105\u017ck\u0119 Bernsteina i Woodwarda, Nixon si\u0119 obrazi\u0142. \u201eKiedy p\u00f3\u017aniej poprosi\u0142am go o wywiad, odm\u00f3wi\u0142. Powiedzia\u0142, \u017ce\u00a0 mnie lubi, ale przecie\u017c pracuj\u0119 w ABC\u201d.\u00a0\u00a0\u00a0<\/p>\n<p>Pozostawmy to bez komentarzy.<\/p>\n","protected":false},"excerpt":{"rendered":"<p>O podobie\u0144stwie Braci i by\u0142ego prezydenta USA Obecne wydarzenia polityczne s\u0105 tak mia\u0142kie, \u017ce nie warto si\u0119 nimi zajmowa\u0107. Pani min. Fotyga czuje si\u0119 \u2018poraniona\u2019 kiedy my\u015bli o naszej\u00a0 polityce zagranicznej. My\u015bl\u0119, \u017ce wykorzysta\u0142a gr\u0119 s\u0142\u00f3w, chodzi\u0142o jej o to, \u017ce ta polityka jest \u2018poroniona\u2019, ale to tylko m\u00f3j domys\u0142. Z ca\u0142ej jej wypowiedzi media [&hellip;]<\/p>\n","protected":false},"author":4,"featured_media":0,"comment_status":"open","ping_status":"open","sticky":false,"template":"","format":"standard","meta":{"footnotes":""},"categories":[1],"tags":[],"_links":{"self":[{"href":"https:\/\/blog.polityka.pl\/passent\/wp-json\/wp\/v2\/posts\/562"}],"collection":[{"href":"https:\/\/blog.polityka.pl\/passent\/wp-json\/wp\/v2\/posts"}],"about":[{"href":"https:\/\/blog.polityka.pl\/passent\/wp-json\/wp\/v2\/types\/post"}],"author":[{"embeddable":true,"href":"https:\/\/blog.polityka.pl\/passent\/wp-json\/wp\/v2\/users\/4"}],"replies":[{"embeddable":true,"href":"https:\/\/blog.polityka.pl\/passent\/wp-json\/wp\/v2\/comments?post=562"}],"version-history":[{"count":0,"href":"https:\/\/blog.polityka.pl\/passent\/wp-json\/wp\/v2\/posts\/562\/revisions"}],"wp:attachment":[{"href":"https:\/\/blog.polityka.pl\/passent\/wp-json\/wp\/v2\/media?parent=562"}],"wp:term":[{"taxonomy":"category","embeddable":true,"href":"https:\/\/blog.polityka.pl\/passent\/wp-json\/wp\/v2\/categories?post=562"},{"taxonomy":"post_tag","embeddable":true,"href":"https:\/\/blog.polityka.pl\/passent\/wp-json\/wp\/v2\/tags?post=562"}],"curies":[{"name":"wp","href":"https:\/\/api.w.org\/{rel}","templated":true}]}}