
{"id":5625,"date":"2019-09-26T17:44:15","date_gmt":"2019-09-26T15:44:15","guid":{"rendered":"https:\/\/passent.blog.polityka.pl\/?p=5625"},"modified":"2019-09-26T18:12:53","modified_gmt":"2019-09-26T16:12:53","slug":"felietonisci-murem-za-pis","status":"publish","type":"post","link":"https:\/\/blog.polityka.pl\/passent\/2019\/09\/26\/felietonisci-murem-za-pis\/","title":{"rendered":"Felietoni\u015bci murem za PiS"},"content":{"rendered":"<p>Felietoni\u015bci murem za PiS? Tak mi si\u0119 wydaje. To naj\u015bmieszniejsza partia na scenie politycznej. Wystarczy przymkn\u0105\u0107 oczy i przywo\u0142a\u0107 z pami\u0119ci obraz prezydenta ta\u0144cz\u0105cego na tle gospody\u0144 wiejskich w strojach ludowych albo jednej gospodyni miejskiej (ale jakiej!), mgr Julii Przy\u0142\u0119bskiej, jak wydaje obiadek prezesowi Kaczy\u0144skiemu.<br \/>\n<!--more--><br \/>\nAlbo (by\u0142ego) ministra obrony Antoniego Macierewicza, jak kupuje \u015bmig\u0142owce z dostaw\u0105 na cito, czyli nigdy. Jak minister Marek Suski \u201enie ma pe\u0142nego zaufania\u201d do s\u0142u\u017cb, kt\u00f3re nie wykry\u0142y w por\u0119 w\u0105tpliwych interes\u00f3w \u00e0 la plac Pigalle. Prezesa NIK &#8211; kryszta\u0142owej uczciwo\u015bci Mariana Banasia, bo tam jest jeszcze wielu ludzi z poprzedniej ekipy (czyli wina Tuska). Jak (by\u0142a ju\u017c) minister o\u015bwiaty p. Zalewska nie mog\u0142a sobie przypomnie\u0107, kto kogo mordowa\u0142 w Jedwabnem. Jak ma\u0142\u017conka premiera ch\u0119tnie ujawni sw\u00f3j maj\u0105tek, ale kiedy b\u0119dzie odpowiednie prawo. Jak zamiast debatowa\u0107 z niezale\u017cnymi mediami \u2013 wytyka im si\u0119 ich zagranicznych w\u0142a\u015bcicieli.<\/p>\n<p>Jak poprowadzi\u0107 wywiad z prezesem Banasiem, nie wspomniawszy s\u0142owem o aferze z jego udzia\u0142em. Jak wspiera\u0107 pluralizm, likwiduj\u0105c zespo\u0142y filmowe. Jak zrobi\u0107 z premiera g\u00f3rnika, a z g\u00f3rnika ofiar\u0119 zachodniej ofensywy klimatycznej. Jak wzmacnia\u0107 wizerunek Polski, p\u0142ywaj\u0105c jachtem Polskiej Fundacji Narodowej, kt\u00f3ry zawinie do stu port\u00f3w w stulecie odzyskania niepodleg\u0142o\u015bci. Oraz jak Fundacja potrafi za 5 mln dol. stworzy\u0107 pi\u0119ciominutow\u0105 reklam\u0119 naszego kraju ze wsparciem duchownych r\u00f3\u017cnych Ko\u015bcio\u0142\u00f3w.<\/p>\n<p>Jak przez 10 lat wyja\u015bnia\u0107 tragedi\u0119 lotnicz\u0105, a przez trzy lata \u2013 wypadek samochodowy. Jak dzia\u0142a akademia szkolenia kierowc\u00f3w w S\u0142u\u017cbie Ochrony Pa\u0144stwa. Jak prawa r\u0119ka aptekarza z \u0141omianek zostaje praw\u0105 r\u0119k\u0105 ministra obrony. Jak nie spos\u00f3b wyja\u015bni\u0107, dlaczego zabito cz\u0142owieka w trakcie przes\u0142uchania, i czyje nagrania jeszcze ma Falenta. Jak minister Zero m\u00f3g\u0142 nie wiedzie\u0107, \u017ce jego viceZero kieruje fabryk\u0105 trolli.<\/p>\n<p>Jak mo\u017cna \u201ezagubi\u0107\u201d dowody w sprawie wypadku drogowego z udzia\u0142em pani premier. Jak k\u0142amczuszek Kuchci\u0144ski mo\u017ce unikn\u0105\u0107 sprawiedliwo\u015bci. Jak mo\u017cna ukrywa\u0107 nazwiska os\u00f3b, kt\u00f3re popiera\u0142y cz\u0142onk\u00f3w Krajowej Rady S\u0105downictwa. Dok\u0105d odlecia\u0142 \u015bmig\u0142owiec produkcji polsko-ukrai\u0144skiej. Jak d\u0142ugo mo\u017cna trzyma\u0107 w zawieszeniu dyrektora muzeum, kt\u00f3ry nie jest koszerny dla ministra, a jak d\u0142ugo odk\u0142ada\u0107 przes\u0142uchanie kluczowego \u015bwiadka w aferze Srebrnej. Jak uzna\u0107 wynik 1:27 za zwyci\u0119stwo i jak z takim baga\u017cem wygra\u0107 wybory.<\/p>\n<p>Chyba tylko g\u0142osami felietonist\u00f3w.<\/p>\n<p><strong>Zaproszenie<\/strong><br \/>\nRozmowa na szczeblu redaktor\u00f3w naczelnych \u2013 Bogus\u0142aw Chrabota (&#8222;Rzeczpospolita&#8221;) i Bartosz W\u0119glarczyk (Onet) b\u0119d\u0105 naszymi go\u015b\u0107mi w TOK FM w niedziel\u0119 29 wrze\u015bnia o godz. 10:05. Zapraszam!<\/p>\n","protected":false},"excerpt":{"rendered":"<p>Felietoni\u015bci murem za PiS? Tak mi si\u0119 wydaje.<\/p>\n","protected":false},"author":4,"featured_media":5632,"comment_status":"open","ping_status":"closed","sticky":false,"template":"","format":"standard","meta":{"footnotes":""},"categories":[1],"tags":[],"_links":{"self":[{"href":"https:\/\/blog.polityka.pl\/passent\/wp-json\/wp\/v2\/posts\/5625"}],"collection":[{"href":"https:\/\/blog.polityka.pl\/passent\/wp-json\/wp\/v2\/posts"}],"about":[{"href":"https:\/\/blog.polityka.pl\/passent\/wp-json\/wp\/v2\/types\/post"}],"author":[{"embeddable":true,"href":"https:\/\/blog.polityka.pl\/passent\/wp-json\/wp\/v2\/users\/4"}],"replies":[{"embeddable":true,"href":"https:\/\/blog.polityka.pl\/passent\/wp-json\/wp\/v2\/comments?post=5625"}],"version-history":[{"count":7,"href":"https:\/\/blog.polityka.pl\/passent\/wp-json\/wp\/v2\/posts\/5625\/revisions"}],"predecessor-version":[{"id":5633,"href":"https:\/\/blog.polityka.pl\/passent\/wp-json\/wp\/v2\/posts\/5625\/revisions\/5633"}],"wp:featuredmedia":[{"embeddable":true,"href":"https:\/\/blog.polityka.pl\/passent\/wp-json\/wp\/v2\/media\/5632"}],"wp:attachment":[{"href":"https:\/\/blog.polityka.pl\/passent\/wp-json\/wp\/v2\/media?parent=5625"}],"wp:term":[{"taxonomy":"category","embeddable":true,"href":"https:\/\/blog.polityka.pl\/passent\/wp-json\/wp\/v2\/categories?post=5625"},{"taxonomy":"post_tag","embeddable":true,"href":"https:\/\/blog.polityka.pl\/passent\/wp-json\/wp\/v2\/tags?post=5625"}],"curies":[{"name":"wp","href":"https:\/\/api.w.org\/{rel}","templated":true}]}}