
{"id":563,"date":"2009-04-26T23:21:32","date_gmt":"2009-04-26T21:21:32","guid":{"rendered":"http:\/\/passent.blog.polityka.pl\/?p=563"},"modified":"2009-04-26T23:21:32","modified_gmt":"2009-04-26T21:21:32","slug":"trzy-razy-nie","status":"publish","type":"post","link":"https:\/\/blog.polityka.pl\/passent\/2009\/04\/26\/trzy-razy-nie\/","title":{"rendered":"Trzy razy NIE"},"content":{"rendered":"<p><strong>NIE DLA AMBASADORA PiS PRZY ONZ.\u00a0 <\/strong><\/p>\n<p>Je\u017celi prawd\u0105 jest, \u017ce by\u0142a\u00a0 minister, p. Fotyga, jako kandydatka na sta\u0142ego przedstawiciela Polski przy ONZ,\u00a0 podczas przes\u0142uchania w komisji sejmowej, wyst\u0105pi\u0142a z krytyk\u0105 polityki zagranicznej obecnego rz\u0105du, i apologi\u0105 rz\u0105du poprzedniego, to pope\u0142ni\u0142a powa\u017cny b\u0142\u0105d. By\u0142a minister mia\u0142a setki okazji, \u017ceby zdystansowa\u0107 si\u0119 od polityki Tuska \u2013 Sikorskiego. Na znak protestu mog\u0142a, a nawet powinna by\u0142a, nie przyjmowa\u0107 propozycji zostania ambasadorem przy tym rz\u0105dzie. Zak\u0142adaj\u0105c nawet, \u017ce nalega\u0142 na ni\u0105 prezydent, kt\u00f3ry pragnie j\u0105 wynagrodzi\u0107 i mie\u0107 swoj\u0105 osob\u0119 w ONZ, to i jemu mog\u0142a odm\u00f3wi\u0107, sugeruj\u0105c, \u017ce obejmie to stanowisko, ale nie przy rz\u0105dzie Platformy. Podczas obrad komisji sejmowej, jako osoba desygnowana na stanowisko, Anna Fotyga powinna by\u0142a sta\u0107 murem za polityk\u0105 rz\u0105du, kt\u00f3remu w du\u017cym stopniu\u00a0 mia\u0142aby\u00a0 podlega\u0107. Pani min. Fotyga mo\u017ce mie\u0107 swoje pogl\u0105dy, mog\u0142a je artyku\u0142owa\u0107 w niezliczonych wyst\u0105pieniach, ale skoro zgodzi\u0142a si\u0119 zosta\u0107 ambasadorem przy ONZ, czyli w codziennej pracy podlega\u0107 instrukcjom MSZ i prezydenta, to nie mo\u017ce si\u0119 dystansowa\u0107, i m\u00f3wi\u0107, \u017ce jest \u201eporaniona\u201d obecn\u0105 polityk\u0105 zagraniczn\u0105, skar\u017cy\u0107 si\u0119, jak \u017ale by\u0142a traktowana przez swoich krytyk\u00f3w, kiedy by\u0142a (nieudolnym)\u00a0 ministrem, i sugerowa\u0107, \u017ce od biedy tylko w ONZ b\u0119dzie si\u0119 mog\u0142a realizowa\u0107. Polska nie mo\u017ce mie\u0107 w ONZ (ani nigdzie indziej) ambasadora, kt\u00f3ry nie jest w lojalny wobec prezydenta, premiera i ministra. Prywatnie pani minister mo\u017ce sobie my\u015ble\u0107 co chce, ale skoro godzi si\u0119 na stanowisko, to nie mo\u017ce demonstrowa\u0107 niech\u0119ci i dystansu wobec polityki swojego kraju. Nie jest to takie trudne, trzeba tylko porzuci\u0107 partyjny punkt widzenia. Kiedy ja, na swoim skromnym stanowisku\u00a0 ambasadora w Chile mia\u0142em zaszczyt wsp\u00f3\u0142pracowa\u0107 z pp. Alicj\u0105 Grze\u015bkowiak, Jerzym Buzkiem, Aleksandrem Kwa\u015bniewskim i innymi politykami r\u00f3\u017cnej ma\u015bci \u2013 nie pozwala\u0142em sobie na \u017cadne fochy, a co sobie my\u015bla\u0142em, opisa\u0142em po zako\u0144czeniu misji. Je\u015bli pani Fotyga\u00a0 chce by\u0107 ambasadorem PiS przy ONZ, to powinna zaczeka\u0107 na powr\u00f3t PiS do w\u0142adzy.<\/p>\n<p><strong>NIE DLA SPOTU PiS, TAK DLA WYROKU S\u0104DU. <\/strong><\/p>\n<p>Wyrok s\u0105du, kt\u00f3ry nakaza\u0142 PiS przeprosi\u0107 za spot, wywo\u0142a\u0142 zrozumia\u0142a krytyk\u0119 ze strony zwolennik\u00f3w tej partii. Marek Migalski (politolog i publicysta, kandydat PiS w wyborach do P.E.) uzna\u0142 wyrok za \u201eskandaliczny\u201d, taki, kt\u00f3ry \u201erozsierdzi Polak\u00f3w\u201d, przyk\u0142ad \u201earogancji w\u0142adzy s\u0105downiczej\u201d. Piotr Zaremba\u00a0 uzna\u0142, \u017ce s\u0105d przekroczy\u0142 granice swojego powo\u0142ania, zaj\u0105\u0142 si\u0119 nie swoimi sprawami, wmiesza\u0142 si\u0119 w spory polityczne. Jestem innego zdania. Dla mnie skandaliczny by\u0142 spot PiS, kt\u00f3ry by\u0142 przyk\u0142adem post\u0119puj\u0105cego upadku obyczaj\u00f3w politycznych. Mo\u017cna krytykowa\u0107 parti\u0119 rz\u0105dz\u0105c\u0105, rz\u0105d, prezydenta Warszawy, by\u0142ego senatora Platformy i korupcj\u0119 w aparacie w\u0142adzy, nawet gdy s\u0105d (jak w przypadku Jacka Karnowskiego) jej jeszcze nie stwierdzi\u0142. Ale nie mo\u017cna twierdzi\u0107, \u017ce sen. Misiak przyw\u0142aszczy\u0142 sobie 40 mln z woli rz\u0105dz\u0105cych. Ta sk\u0142onno\u015b\u0107 do kompromitowania przeciwnik\u00f3w przypomina prowokacj\u0119 CBA wobec Leppera. Trzeba by\u0142o poczeka\u0107, a\u017c Lepper si\u0119 pod\u0142o\u017cy, a nie szy\u0107 mu buty. Trzeba by\u0142o czeka\u0107, a\u017c Misiak ukradnie i wtedy drze\u0107 z niego pasy. W tej sprawie s\u0105d ma racj\u0119, tak jak j\u0105 mia\u0142 w sprawie Kurskiego i rzekomego finansowania billbord\u00f3w Platformy przez PZU. S\u0105dy powinny sta\u0107 na stra\u017cy prawdy i dobrych obyczaj\u00f3w. Kiedy w obszernych esejach publicy\u015bci, Paradowska, Zaremba, \u017bakowski, krytykuj\u0105 rz\u0105d \u2013 jestem \u201eza\u201d, kiedy kto\u015b zamiast krytyki \u2013 k\u0142amie, m\u00f3wi\u0119 \u201eNie\u201d.<\/p>\n<p><strong>NIE DLA kampanii w obronie PP. Czaba\u0144skiego i\u00a0 Skowro\u0144skiego. <\/strong><\/p>\n<p>Trwa kampania w obronie Krzysztofa Skowro\u0144skiego zwolnionego ze stanowiska szefa Radiowej Tr\u00f3jki. Ja w \u017cadne zarzuty natury finansowej wobec Skowro\u0144skiego nie wierz\u0119. Jestem przekonany, \u017ce jest to cz\u0142owiek uczciwy. Ale wzi\u0105\u0142 udzia\u0142 w desancie PiS na media publiczne, wyl\u0105dowa\u0142 na stanowisku razem z pp. Wildsteinem, Czaba\u0144skim i wieloma innymi, od PAP po lokalne o\u015brodki i rozg\u0142o\u015bnie. Podj\u0105\u0142\u00a0 ryzyko polityczne, nie zawodowe, i dotychczas tego nie poj\u0105\u0142. W obszernym artykule na lamach \u201eRz.\u201d, pt. \u201eOdwo\u0142any ze szczeg\u00f3lnym okrucie\u0144stwem\u201d, K. Skowro\u0144ski buduje sobie pomnik, wystawia sobie jak najlepsze \u015bwiadectwo, jest dumny ze swoich osi\u0105gni\u0119\u0107, chwali si\u0119 bez umiaru: Organizowali\u015bmy, nadawali\u015bmy, pomagali\u015bmy, uda\u0142o si\u0119, reporta\u017c odzyska\u0142 swoje miejsce, \u201ePo p\u00f3\u0142tora roku mojego dzia\u0142ania Tr\u00f3jka by\u0142a ju\u017c autorskim radiem\u201d itd. itp. Wszystko to pi\u0119knie, i wierz\u0119, \u017ce tak by\u0142o, zreszt\u0105 potwierdzili to sygnatariusze protestu przeciwko zwolnieniu Skowro\u0144skiego. Ale buduj\u0105c pomnik prezesowi Czaba\u0144skiemu (kt\u00f3rego K.S. wynosi od niebiosa) i sobie samemu, Krzysztof Skowro\u0144ski ani jednym s\u0142owem nie odnosi si\u0119 do stawianych mu zarzut\u00f3w, \u017ce by\u0142 z partyjnego rozdania, \u017ce forowa\u0142 ludzi my\u015bl\u0105cych tak jak on \u2013 a la PiS, a la PP. Wildstein, Michalkiewicz i \u201eGazeta Polska\u201d. Skoro red. Skowro\u0144ski wzi\u0105\u0142 udzia\u0142 w ofensywie PiS na media, to teraz nie powinien on, ani jego obro\u0144cy, dziwi\u0107 si\u0119, \u017ce przysz\u0142a kolej na kolejn\u0105 czystk\u0119. Redaktor Skowro\u0144ski wiedzia\u0142 przecie\u017c, \u017ce PiS zwalnia z medi\u00f3w publicznych setki ludzi, ze szczeg\u00f3lnym okrucie\u0144stwem. Kto mieczem wojuje \u2013 ten od miecza ginie. Mam zreszt\u0105 nadziej\u0119, \u017ce K.S. nie \u201ezginie\u201d, bo by\u0142 dobrym dziennikarzem, i powr\u00f3ci do zawodu.<\/p>\n","protected":false},"excerpt":{"rendered":"<p>NIE DLA AMBASADORA PiS PRZY ONZ.\u00a0 Je\u017celi prawd\u0105 jest, \u017ce by\u0142a\u00a0 minister, p. Fotyga, jako kandydatka na sta\u0142ego przedstawiciela Polski przy ONZ,\u00a0 podczas przes\u0142uchania w komisji sejmowej, wyst\u0105pi\u0142a z krytyk\u0105 polityki zagranicznej obecnego rz\u0105du, i apologi\u0105 rz\u0105du poprzedniego, to pope\u0142ni\u0142a powa\u017cny b\u0142\u0105d. By\u0142a minister mia\u0142a setki okazji, \u017ceby zdystansowa\u0107 si\u0119 od polityki Tuska \u2013 Sikorskiego. [&hellip;]<\/p>\n","protected":false},"author":4,"featured_media":0,"comment_status":"open","ping_status":"open","sticky":false,"template":"","format":"standard","meta":{"footnotes":""},"categories":[1],"tags":[],"_links":{"self":[{"href":"https:\/\/blog.polityka.pl\/passent\/wp-json\/wp\/v2\/posts\/563"}],"collection":[{"href":"https:\/\/blog.polityka.pl\/passent\/wp-json\/wp\/v2\/posts"}],"about":[{"href":"https:\/\/blog.polityka.pl\/passent\/wp-json\/wp\/v2\/types\/post"}],"author":[{"embeddable":true,"href":"https:\/\/blog.polityka.pl\/passent\/wp-json\/wp\/v2\/users\/4"}],"replies":[{"embeddable":true,"href":"https:\/\/blog.polityka.pl\/passent\/wp-json\/wp\/v2\/comments?post=563"}],"version-history":[{"count":0,"href":"https:\/\/blog.polityka.pl\/passent\/wp-json\/wp\/v2\/posts\/563\/revisions"}],"wp:attachment":[{"href":"https:\/\/blog.polityka.pl\/passent\/wp-json\/wp\/v2\/media?parent=563"}],"wp:term":[{"taxonomy":"category","embeddable":true,"href":"https:\/\/blog.polityka.pl\/passent\/wp-json\/wp\/v2\/categories?post=563"},{"taxonomy":"post_tag","embeddable":true,"href":"https:\/\/blog.polityka.pl\/passent\/wp-json\/wp\/v2\/tags?post=563"}],"curies":[{"name":"wp","href":"https:\/\/api.w.org\/{rel}","templated":true}]}}