
{"id":564,"date":"2009-04-30T17:27:57","date_gmt":"2009-04-30T15:27:57","guid":{"rendered":"http:\/\/passent.blog.polityka.pl\/?p=564"},"modified":"2009-04-30T17:27:57","modified_gmt":"2009-04-30T15:27:57","slug":"panowie-w-palacu-cygara-palili","status":"publish","type":"post","link":"https:\/\/blog.polityka.pl\/passent\/2009\/04\/30\/panowie-w-palacu-cygara-palili\/","title":{"rendered":"Panowie w pa\u0142acu cygara palili"},"content":{"rendered":"<p>Do czego to dosz\u0142o \u2013 europejska elita, w tym i chadecja, zbiera si\u0119 w Pa\u0142acu Kultury i Nauki (dawniej im. J\u00f3zefa Stalina). A nie tak dawno czyta\u0142em wywiad z ministrem Kultury, B. Zdrojewskim, kt\u00f3ry m\u00f3wi\u0142, \u017ce prywatnie (!) to on jest zwolennikiem zburzenia pa\u0142acu! Na szcz\u0119\u015bcie pa\u0142ac zosta\u0142 niedawno uznany za zabytek i nawet minister do iglicy nie podskoczy. Jest przecie\u017c co\u015b symbolicznego w tym, \u017ce pa\u0142ac, kt\u00f3ry s\u0142u\u017cy\u0142 jako pomnik i symbol dominacji ZSRR, teraz  go\u015bci kraje zwyci\u0119skiej demokracji. Co prawda dominacja Brukseli nie wszystkim si\u0119 podoba (vide demonstruj\u0105cy stoczniowcy), ale lepsza jest ni\u017c dominacja Moskwy. Stoczniowcy te\u017c byli kiedy\u015b tego zdania, kiedy obalili \u00f3wczesny system, a teraz t\u0119skni\u0105 do czas\u00f3w, kiedy Polska subwencjonowa\u0142a statki budowane dla ZSRR.<\/p>\n<p>Od kiedy okaza\u0142o si\u0119, \u017ce kongres Europejskiej Partii Ludowej (EPP, w sk\u0142ad kt\u00f3rej wchodzi Platforma) odb\u0119dzie si\u0119 w Warszawie, \u017ce tu rozpocznie si\u0119 kampania wyborcza EPP i \u017ce b\u0119dzie w niej  brylowa\u0107 Tusk ze swoim rz\u0105dem, opozycja by\u0142a niezadowolona. Trudno si\u0119 dziwi\u0107. Prawo i Sprawiedliwo\u015b\u0107  postawi\u0142o zarzut, \u017ce pocz\u0105tek kampanii Platformy finansowany jest zza granicy. Z prawnego punktu widzenia mo\u017ce co\u015b w tym jest (Ryszard Kalisz powiedzia\u0142, \u017ce Platforma ma problem\u2026), ale z punktu widzenia etycznego i politycznego jest to czepianie si\u0119. Mieli\u015bmy do czynienia z donios\u0142ym wydarzeniem, przez dwa dni oczy Europy by\u0142y zwr\u00f3cone by\u0142y w stron\u0119 Polski, a Platforma Obywatelska \u015bci\u0105gaj\u0105c ten   kongres do Warszawy SPE\u0141NIA\u0141A POSTULAT PiS, \u017ceby Polska by\u0142a licz\u0105cym si\u0119 partnerem, \u017ceby by\u0142a figura, a nie pionkiem na europejskiej szachownicy, \u017ceby nie by\u0142o Europy dw\u00f3ch pr\u0119dko\u015bci, \u017ceby stara Europa nie odepchn\u0119\u0142a Europy m\u0142odej.<\/p>\n<p>O tym, \u017ce Polska si\u0119 liczy, \u015bwiadczy drobny przyk\u0142ad: kiedy Tusk w rozmowie z premierem Brownem wspomnia\u0142, \u017ce \u2013 w odr\u00f3\u017cnieniu od Wielkiej Brytanii &#8211; Polska nie usi\u0142uje zasypa\u0107 kryzysu pieni\u0119dzmi, tamtejsze media (dalekie od lewicy)  obszernie cytowa\u0142y polskiego premiera. \u201eThe Times\u201d: \u201eBrown czerwieni si\u0119 s\u0142uchaj\u0105c nauczki\u201d. \u201eDaily  Telegraph\u201d: Brown dostaje lekcj\u0119 od premiera Polski\u201d.  A przypomnijmy, \u017ce oszcz\u0119dno\u015bciowy program Rostowskiego i Tuska by\u0142 w Polsce zdecydowanie krytykowany przez opozycj\u0119. (Oczywi\u015bcie, media angielskie maj\u0105 swoje porachunku z Brownem).<\/p>\n<p>Wypuszczaj\u0105c w dniach kongresu kolejny spot, tym razem krytyczny wobec polityki zagranicznej PO (Tusk obok Eriki Steinbach etc.) PiS post\u0105pi\u0142o chyba niezr\u0119cznie. Najlepiej zrobiony spot nie przes\u0142oni faktu, \u017ce kongres EPP by\u0142 sukcesem Polski, a wi\u0119c po\u015brednio tak\u017ce PiS, a nie tylko Platformy. Je\u017celi jeszcze Cimoszewicz albo Buzek wygraj\u0105 w swojej kategorii, to nawet opozycja b\u0119dzie musia\u0142a robi\u0107 dobr\u0105 min\u0119.<\/p>\n<p>Pierwszego dnia obrad kongresu, pod Pa\u0142acem Kultury pojawili si\u0119 stoczniowcy, kt\u00f3rzy wdali si\u0119 w regularn\u0105 bitw\u0119 z policj\u0105. Wyb\u00f3r daty i miejsca protestu stoczniowc\u00f3w nie by\u0142 przypadkowy. Podobnie jak pojawienie si\u0119 w\u015br\u00f3d nich Jacka Kurskiego i innych pos\u0142\u00f3w PiS. \u201eEuropejsk\u0105 fiest\u0119 Platformy chcieli przy\u0107mi\u0107 protestuj\u0105cy stoczniowcy, w\u015br\u00f3d kt\u00f3rych pojawili si\u0119 pos\u0142owie PiS. W czasie gdy europejscy liderzy wyg\u0142aszali przem\u00f3wienia, zwi\u0105zkowcy spalili kuk\u0142\u0119 Donalda Tuska jako grabarza polskich stoczni. Zwarcie z policj\u0105 obserwowa\u0142o wielu delegat\u00f3w\u201d \u2013 opisuje \u201eDziennik\u201d.<\/p>\n<p>Media rzuci\u0142y si\u0119 na bijatyk\u0119 gorliwie. Palenie kukie\u0142 to ulubiona forma demonstracji Jaros\u0142awa Kaczy\u0144skiego. Nie jest do zbie\u017cno\u015b\u0107 przypadkowa. Demonstranci s\u0105 wykorzystywani do rozgrywek politycznych i maj\u0105 kr\u00f3tk\u0105 pami\u0119\u0107. \u017baden z dotychczasowych rz\u0105d\u00f3w nie by\u0142 w stanie ocali\u0107 polskiego przemys\u0142u stoczniowego. Nie ocali go i Tusk. Pani profesor Staniszkis m\u00f3wi\u0142a w \u201eKropce nad i\u201d, \u017ce rz\u0105d powinien by\u0142 \u017c\u0105da\u0107 wi\u0119cej w Brukseli, zw\u0142aszcza wtedy, kiedy negocjowano warunki akcesji. Mo\u017ce i tak, ale nie zmieni to faktu, \u017ce awantura pod Pa\u0142acem Kultury nie tyle mia\u0142a na celu popraw\u0119 losu stoczniowc\u00f3w,  co odwr\u00f3cenie uwagi od sukcesu, jakim jest pi\u0119\u0107 lat  Polski w Unii i zjazd unijnych lider\u00f3w w Warszawie.<\/p>\n<p>***<\/p>\n<p><strong>PS<\/strong>. Dzi\u0119kuj\u0119 za nades\u0142ane \u017cyczenia, \u017cycz\u0119 udanego weekendu majowego w szerokim tego s\u0142owa znaczeniu (tj. do 6 maja).<\/p>\n","protected":false},"excerpt":{"rendered":"<p>Do czego to dosz\u0142o \u2013 europejska elita, w tym i chadecja, zbiera si\u0119 w Pa\u0142acu Kultury i Nauki (dawniej im. J\u00f3zefa Stalina). A nie tak dawno czyta\u0142em wywiad z ministrem Kultury, B. Zdrojewskim, kt\u00f3ry m\u00f3wi\u0142, \u017ce prywatnie (!) to on jest zwolennikiem zburzenia pa\u0142acu! Na szcz\u0119\u015bcie pa\u0142ac zosta\u0142 niedawno uznany za zabytek i nawet minister [&hellip;]<\/p>\n","protected":false},"author":4,"featured_media":0,"comment_status":"open","ping_status":"open","sticky":false,"template":"","format":"standard","meta":{"footnotes":""},"categories":[1],"tags":[],"_links":{"self":[{"href":"https:\/\/blog.polityka.pl\/passent\/wp-json\/wp\/v2\/posts\/564"}],"collection":[{"href":"https:\/\/blog.polityka.pl\/passent\/wp-json\/wp\/v2\/posts"}],"about":[{"href":"https:\/\/blog.polityka.pl\/passent\/wp-json\/wp\/v2\/types\/post"}],"author":[{"embeddable":true,"href":"https:\/\/blog.polityka.pl\/passent\/wp-json\/wp\/v2\/users\/4"}],"replies":[{"embeddable":true,"href":"https:\/\/blog.polityka.pl\/passent\/wp-json\/wp\/v2\/comments?post=564"}],"version-history":[{"count":0,"href":"https:\/\/blog.polityka.pl\/passent\/wp-json\/wp\/v2\/posts\/564\/revisions"}],"wp:attachment":[{"href":"https:\/\/blog.polityka.pl\/passent\/wp-json\/wp\/v2\/media?parent=564"}],"wp:term":[{"taxonomy":"category","embeddable":true,"href":"https:\/\/blog.polityka.pl\/passent\/wp-json\/wp\/v2\/categories?post=564"},{"taxonomy":"post_tag","embeddable":true,"href":"https:\/\/blog.polityka.pl\/passent\/wp-json\/wp\/v2\/tags?post=564"}],"curies":[{"name":"wp","href":"https:\/\/api.w.org\/{rel}","templated":true}]}}