
{"id":5642,"date":"2019-10-04T18:59:54","date_gmt":"2019-10-04T16:59:54","guid":{"rendered":"https:\/\/passent.blog.polityka.pl\/?p=5642"},"modified":"2019-10-04T20:40:43","modified_gmt":"2019-10-04T18:40:43","slug":"wiza-plus","status":"publish","type":"post","link":"https:\/\/blog.polityka.pl\/passent\/2019\/10\/04\/wiza-plus\/","title":{"rendered":"Wiza Plus"},"content":{"rendered":"<p>Najpierw dobra wiadomo\u015b\u0107. Donald Trump podpisa\u0142 dzisiaj dokument o obj\u0119ciu Polski programem bezwizowym, tj. o zwolnieniu z obowi\u0105zku posiadania wiz ameryka\u0144skich obywateli polskich udaj\u0105cych si\u0119 do USA w celach biznesowych lub turystycznych. Dobrze, \u017ce wreszcie Polacy przestan\u0105 by\u0107 poddawani upokarzaj\u0105cej procedurze i s\u0142ono p\u0142aci\u0107 nawet za odmow\u0119 przyznania wizy.<br \/>\n<!--more--><br \/>\nFakt, \u017ce sta\u0142o si\u0119 to dopiero 30 lat po obaleniu muru berli\u0144skiego i \u017celaznej kurtyny, wynika z tego, \u017ce zbyt wielu (powy\u017cej 3 proc.) obywateli polskich otrzymywa\u0142o odmowy wiz, przede wszystkim dlatego, \u017ce byli podejrzani o ch\u0119\u0107 pracy zarobkowej \u201ena czarno\u201d. Odsetek ten stopniowo spada\u0142, zw\u0142aszcza dlatego, \u017ce dolar straci\u0142 na atrakcyjno\u015bci, cho\u0107 nadal za t\u0119 sam\u0105 prac\u0119 zarabia si\u0119 w Stanach wi\u0119cej ni\u017c w Polsce, wi\u0119c pokusa istnieje, acz jest s\u0142absza.<\/p>\n<p>Pami\u0119tam, jak kiedy\u015b by\u0142em u konsula ameryka\u0144skiego. W biurze na \u015bcianie wisia\u0142a mapa Polski pomalowana na r\u00f3\u017cne kolory wedle wojew\u00f3dztw, kt\u00f3rych mieszka\u0144cy \u201eprzodowali\u201d w nielegalnej pracy w USA. Przodowa\u0142o Podkarpacie \u2013 ostoja Prawa i Sprawiedliwo\u015bci.<\/p>\n<p>Trump zni\u00f3s\u0142 wym\u00f3g wizowy na 10 dni przed wyborami w Polsce. Cho\u0107 rok obrachunkowy programu bezwizowego ko\u0144czy si\u0119 30 wrze\u015bnia, Trump m\u00f3g\u0142 decyzj\u0119 podpisa\u0107 innego dnia. Zbieg okoliczno\u015bci czy nie &#8211; trudno oprze\u0107 si\u0119 wra\u017ceniu, \u017ce jest to podarunek dla PiS oraz dla Polonii ameryka\u0144skiej, kt\u00f3ra gremialnie popiera republikan\u00f3w w USA i PiS w Polsce.<\/p>\n<p>\u201ePrezent\u201d Trumpa jest zas\u0142u\u017cony, rz\u0105d Kaczy\u0144skiego prowadzi najbardziej proameryka\u0144sk\u0105 polityk\u0119, jak\u0105 mo\u017cna sobie wyobrazi\u0107, zyskuje wdzi\u0119czno\u015b\u0107 Trumpa i NATO za wydatki na obronno\u015b\u0107 ok. 2 proc. bud\u017cetu, niezwykle kosztowne zakupy (m.in. 35 samolot\u00f3w najnowszej generacji) i pokrywanie wszystkich koszt\u00f3w bliskiej wsp\u00f3\u0142pracy wojskowej z USA. Podczas wizyty prezydenta Dudy w Bia\u0142ym Domu Trump nie ukrywa\u0142 zadowolenia. To szczwany lis, do\u015bwiadczony i bezwzgl\u0119dny biznesmen, i je\u015bli on jest zadowolony, to widocznie ma powody.<\/p>\n<p><em>Last but not least<\/em> (wypada pochwali\u0107 si\u0119 teraz znajomo\u015bci\u0105 angielskiego) &#8211; Trump ma zobowi\u0105zania wobec Kaczy\u0144skiego i Dudy za ich polityk\u0119 proameryka\u0144sk\u0105 i eurosceptyczn\u0105, \u017ceby nie powiedzie\u0107: \u201eantyeuropejsk\u0105\u201d. Polska, obok W\u0119gier Orb\u00e1na, nale\u017cy do pa\u0144stw najbardziej przeciwnych dalszej integracji, najbardziej wra\u017cliwych na punkcie suwerenno\u015bci, najbardziej niech\u0119tnych federalizacji Unii Europejskiej.<\/p>\n<p>Marginalizacja Polski w Unii Europejskiej nie martwi Trumpa \u2013 wr\u0119cz przeciwnie. To zmartwienie Polak\u00f3w, ale ci akurat ciesz\u0105 si\u0119, \u017ce b\u0119d\u0105 wizy \u2013 dostali\u015bmy program Wiza Plus.<\/p>\n<p><strong>Zaproszenie<\/strong><br \/>\nDr Katarzyna Kasia, filozofka (Akademia Sztuk Pi\u0119knych w Warszawie), Micha\u0142 Sutowski, publicysta, ekonomista, t\u0142umacz (&#8222;Krytyka Polityczna&#8221;) i  Grzegorz Rzeczkowski, dziennikarz \u015bledczy &#8222;Polityki&#8221;, b\u0119d\u0105 naszymi go\u015b\u0107mi w TOK FM w niedziel\u0119 6 pa\u017adziernika o godz. 10:05. Zapraszam!<\/p>\n","protected":false},"excerpt":{"rendered":"<p>Pami\u0119tam, jak kiedy\u015b by\u0142em u konsula ameryka\u0144skiego&#8230;<\/p>\n","protected":false},"author":4,"featured_media":5646,"comment_status":"open","ping_status":"closed","sticky":false,"template":"","format":"standard","meta":{"footnotes":""},"categories":[1],"tags":[],"_links":{"self":[{"href":"https:\/\/blog.polityka.pl\/passent\/wp-json\/wp\/v2\/posts\/5642"}],"collection":[{"href":"https:\/\/blog.polityka.pl\/passent\/wp-json\/wp\/v2\/posts"}],"about":[{"href":"https:\/\/blog.polityka.pl\/passent\/wp-json\/wp\/v2\/types\/post"}],"author":[{"embeddable":true,"href":"https:\/\/blog.polityka.pl\/passent\/wp-json\/wp\/v2\/users\/4"}],"replies":[{"embeddable":true,"href":"https:\/\/blog.polityka.pl\/passent\/wp-json\/wp\/v2\/comments?post=5642"}],"version-history":[{"count":3,"href":"https:\/\/blog.polityka.pl\/passent\/wp-json\/wp\/v2\/posts\/5642\/revisions"}],"predecessor-version":[{"id":5645,"href":"https:\/\/blog.polityka.pl\/passent\/wp-json\/wp\/v2\/posts\/5642\/revisions\/5645"}],"wp:featuredmedia":[{"embeddable":true,"href":"https:\/\/blog.polityka.pl\/passent\/wp-json\/wp\/v2\/media\/5646"}],"wp:attachment":[{"href":"https:\/\/blog.polityka.pl\/passent\/wp-json\/wp\/v2\/media?parent=5642"}],"wp:term":[{"taxonomy":"category","embeddable":true,"href":"https:\/\/blog.polityka.pl\/passent\/wp-json\/wp\/v2\/categories?post=5642"},{"taxonomy":"post_tag","embeddable":true,"href":"https:\/\/blog.polityka.pl\/passent\/wp-json\/wp\/v2\/tags?post=5642"}],"curies":[{"name":"wp","href":"https:\/\/api.w.org\/{rel}","templated":true}]}}