
{"id":565,"date":"2009-05-06T12:33:01","date_gmt":"2009-05-06T10:33:01","guid":{"rendered":"http:\/\/passent.blog.polityka.pl\/?p=565"},"modified":"2009-05-06T12:33:01","modified_gmt":"2009-05-06T10:33:01","slug":"jak-dzieci","status":"publish","type":"post","link":"https:\/\/blog.polityka.pl\/passent\/2009\/05\/06\/jak-dzieci\/","title":{"rendered":"Jak dzieci"},"content":{"rendered":"<p>Rodacy bawi\u0105 si\u0119 jak dzieci. Wida\u0107 to na przyk\u0142ad w Telewizji Polskiej oraz wok\u00f3\u0142 jubileuszu 4 czerwca. Na czele Telewizji Publicznej stoi m\u0142okos z reszt\u00f3wki po koalicji IV RP. Prezes Farfa\u0142 ma tyle wsp\u00f3lnego ze wzmo\u017ceniem moralnym, zafundowanym przez PiS, co Go\u0142ota z baletem. Farfa\u0142 jest oskar\u017cany o antysemityzm, faszyzm i inne okropie\u0144stwa, kt\u00f3rych si\u0119 dopu\u015bci\u0142. Gdyby Farfa\u0142 by\u0142 powa\u017cnym  cz\u0142owiekiem, to \u2013 maj\u0105c dost\u0119p do najbardziej ogl\u0105danej telewizji w Polsce \u2013 po prostu przyzna\u0142by si\u0119 do b\u0142\u0119d\u00f3w m\u0142odo\u015bci (w ko\u0144cu by\u0142 m\u0142okosem, kiedy je pope\u0142ni\u0142), przeprosi\u0142by za nie i powiedzia\u0142, \u017ce zerwa\u0142 z przesz\u0142o\u015bci\u0105. W ko\u0144cu jak d\u0142ugo, ile lat, mo\u017cna by\u0107 napi\u0119tnowanym? Zamiast wi\u0119c udawa\u0107 ofiar\u0119 nagonki, Farfa\u0142 powinien z tym sko\u0144czy\u0107. Oczywi\u015bcie, pewni ludzie nigdy mu nie wybacz\u0105, ale to ju\u017c b\u0119dzie ich problem. Na razie, dop\u00f3ki F.  nie uderzy si\u0119 w piersi, b\u0119dzie obci\u0105\u017ceniem dla instytucji publicznej, kt\u00f3r\u0105 kieruje, i nawet jego s\u0142uszne decyzje (program i kumoterstwo nie s\u0105 dzi\u015b gorsze ni\u017c za jego poprzednik\u00f3w) b\u0119d\u0105 kwestionowane.<\/p>\n<p>Krytycy Farfa\u0142a, wzywaj\u0105cy do bojkotu TVP te\u017c chyba powa\u017cni nie s\u0105. Ich bojkot zosta\u0142 zbojkotowany. Cho\u0107 cel  wybrali dobry, to \u015brodki nieodpowiednie, poniewa\u017c spo\u0142ecze\u0144stwo nie jest oburzone Farfa\u0142em, podobnie jak nie by\u0142o oburzone kolejnymi prezesami wyci\u0105gni\u0119tymi z kapelusza przez Jaros\u0142awa Kaczy\u0144skiego. Farfa\u0142, Wildstein, Kwiatkowski, Urba\u0144ski to dla milion\u00f3w postaci oboj\u0119tne. Farfa\u0142, ze swoj\u0105 zawstydzaj\u0105c\u0105 przesz\u0142o\u015bci\u0105, nie ma za sob\u0105 ca\u0142ego systemu, wojska i partii, jakie mia\u0142a telewizja za czas\u00f3w pierwszego bojkotu. Dlatego bojkot obecny wypad\u0142 niepowa\u017cnie i umocni\u0142 tylko but\u0119 Farfa\u0142a. Ale Farfa\u0142 to zjawisko przemijaj\u0105ce.<\/p>\n<p>Gorsza sprawa to obchody rocznicy 4 czerwca 1989 roku, kiedy \u201esko\u0144czy\u0142 si\u0119 komunizm\u201d. Premier Tusk ma dylemat: Gda\u0144sk czy Warszawa? W Gda\u0144sku powa\u017cnym zagro\u017ceniem dla obchod\u00f3w s\u0105 stoczniowcy z Solidarno\u015bci i S-80, dla kt\u00f3rych nie ma nic wa\u017cniejszego ni\u017c ich los. Wieloletnie przekupywanie i pob\u0142a\u017canie spowodowa\u0142o, \u017ce dzia\u0142acze obu zwi\u0105zk\u00f3w czuj\u0105 si\u0119 bezkarni. Los stoczniowc\u00f3w jest smutny, ale  nie ma takiej sprawy, kt\u00f3ra powinna zak\u0142\u00f3ci\u0107 \u015bwi\u0119to odzyskania wolno\u015bci. Sprawa stoczniowc\u00f3w nie zyska niczego na kolejnej awanturze, urz\u0105dzanej przy cichym wsparciu PiS.<\/p>\n<p>Tusk ma trudny wyb\u00f3r: je\u015bli ust\u0105pi i przeniesie obchody do Warszawy, to potwierdzi zarzuty, \u017ce jest przyw\u00f3dc\u0105 s\u0142abym, niezdecydowanym, kt\u00f3ry ugina si\u0119 pod presj\u0105. Je\u015bli b\u0119dzie obstawa\u0142 przy Gda\u0144sku, b\u0119dzie atakowany, i\u017c nie panuje nad sytuacj\u0105, nie potrafi zapewni\u0107 bezpiecze\u0144stwa dostojnym go\u015bciom z kraju i z zagranicy, funduje zwi\u0105zkowym bonzom promocj\u0119 w mediach. Tak \u017ale i tak niedobrze. Kolejny polityk, kt\u00f3ry musi wybiera\u0107 mniejsze z\u0142o. Szkoda, \u017ce zwi\u0105zkowcy oraz ich protektorzy bawi\u0105 si\u0119 jak dzieci. A tyle m\u00f3wi si\u0119 o tym, \u017ce to Gda\u0144sk a nie upadek muru berli\u0144skiego powinien by\u0107 symbolem upadku komunizmu. Polakom \u017cadnych symboli nie trzeba kra\u015b\u0107 \u2013 zmarnuj\u0105 je sami.<\/p>\n","protected":false},"excerpt":{"rendered":"<p>Rodacy bawi\u0105 si\u0119 jak dzieci. Wida\u0107 to na przyk\u0142ad w Telewizji Polskiej oraz wok\u00f3\u0142 jubileuszu 4 czerwca. Na czele Telewizji Publicznej stoi m\u0142okos z reszt\u00f3wki po koalicji IV RP. Prezes Farfa\u0142 ma tyle wsp\u00f3lnego ze wzmo\u017ceniem moralnym, zafundowanym przez PiS, co Go\u0142ota z baletem. Farfa\u0142 jest oskar\u017cany o antysemityzm, faszyzm i inne okropie\u0144stwa, kt\u00f3rych si\u0119 [&hellip;]<\/p>\n","protected":false},"author":4,"featured_media":0,"comment_status":"open","ping_status":"open","sticky":false,"template":"","format":"standard","meta":{"footnotes":""},"categories":[1],"tags":[],"_links":{"self":[{"href":"https:\/\/blog.polityka.pl\/passent\/wp-json\/wp\/v2\/posts\/565"}],"collection":[{"href":"https:\/\/blog.polityka.pl\/passent\/wp-json\/wp\/v2\/posts"}],"about":[{"href":"https:\/\/blog.polityka.pl\/passent\/wp-json\/wp\/v2\/types\/post"}],"author":[{"embeddable":true,"href":"https:\/\/blog.polityka.pl\/passent\/wp-json\/wp\/v2\/users\/4"}],"replies":[{"embeddable":true,"href":"https:\/\/blog.polityka.pl\/passent\/wp-json\/wp\/v2\/comments?post=565"}],"version-history":[{"count":0,"href":"https:\/\/blog.polityka.pl\/passent\/wp-json\/wp\/v2\/posts\/565\/revisions"}],"wp:attachment":[{"href":"https:\/\/blog.polityka.pl\/passent\/wp-json\/wp\/v2\/media?parent=565"}],"wp:term":[{"taxonomy":"category","embeddable":true,"href":"https:\/\/blog.polityka.pl\/passent\/wp-json\/wp\/v2\/categories?post=565"},{"taxonomy":"post_tag","embeddable":true,"href":"https:\/\/blog.polityka.pl\/passent\/wp-json\/wp\/v2\/tags?post=565"}],"curies":[{"name":"wp","href":"https:\/\/api.w.org\/{rel}","templated":true}]}}