
{"id":5658,"date":"2019-10-11T22:28:12","date_gmt":"2019-10-11T20:28:12","guid":{"rendered":"https:\/\/passent.blog.polityka.pl\/?p=5658"},"modified":"2019-10-12T00:38:00","modified_gmt":"2019-10-11T22:38:00","slug":"spadaj-elito","status":"publish","type":"post","link":"https:\/\/blog.polityka.pl\/passent\/2019\/10\/11\/spadaj-elito\/","title":{"rendered":"Spadaj, elito!"},"content":{"rendered":"<p>Nobel dla Olgi Tokarczuk to \u015bwietna okazja, \u017ceby zobaczy\u0107, jak b\u0119dzie przebiega\u0142a zapowiedziana przez Kaczy\u0144skiego wymiana elit. Wystarcz\u0105 jedne &#8222;Wiadomo\u015bci&#8221; TVP (11 pa\u017adziernika), \u017ceby doj\u015b\u0107 do wniosku, \u017ce nagrod\u0119 Nobla otrzyma\u0142&#8230; Janusz Wojciechowski (PiS).<br \/>\n<!--more--><br \/>\nW g\u0142\u00f3wnym wydaniu &#8222;Wiadomo\u015bci&#8221; (19:30) &#8211; ani s\u0142owa o Tokarczuk, kt\u00f3ra poprzedniego dnia dosta\u0142a Nobla, a dzisiaj mia\u0142a obszern\u0105 konferencj\u0119 prasow\u0105. Tokarczuk? Jaka Tokarczuk? \u2013 mo\u017cna by zapyta\u0107. Je\u017celi kto\u015b by\u0142 na tyle ciekawy i cierpliwy, \u017ceby obejrze\u0107 ca\u0142e &#8222;Wiadomo\u015bci&#8221; i rozmow\u0119 z Kaczy\u0144skim, ten m\u00f3g\u0142 odnie\u015b\u0107 wra\u017cenie, \u017ce prawdziwego Nobla dosta\u0142 Janusz Wojciechowski. Zosta\u0142 komisarzem Unii do spraw rolnictwa, zaj\u0105\u0142 \u201enajwy\u017csze stanowisko\u201d, jakie Polak zajmuje i kiedykolwiek zajmowa\u0142 w Unii Europejskiej i otrzyma\u0142 najwa\u017cniejsz\u0105 tek\u0119 \u2013 rolnictwo, jedna trzecia ca\u0142ego bud\u017cetu Unii!<\/p>\n<p>Prezes by\u0142 wniebowzi\u0119ty i jako\u015b zapomnia\u0142, \u017ce nowy komisarz zd\u0105\u017cy\u0142 by\u0107 \u201epeerelowskim prokuratorem i s\u0119dzi\u0105\u201d. Poniewa\u017c jest w PiS, wszystko zosta\u0142o mu wybaczone, nawet to, \u017ce by\u0142 w ZSL \u2013 \u201epartii satelickiej\u201d w stosunku do PZPR.<\/p>\n<p>A Tokarczuk? Ta zosta\u0142a zaliczona do sukces\u00f3w ubieg\u0142ego tygodnia, z kt\u00f3rych prezes si\u0119, owszem, cieszy, nie bardzo jednak wiadomo, dlaczego, bo o tym ani mru mru. Mo\u017ce te\u017c dosta\u0142 posad\u0119 w Brukseli?<\/p>\n<p>Tymczasem jedna Olga Tokarczuk zrobi\u0142a dla wizerunku Polski, kt\u00f3ry jest dla PiS taki wa\u017cny, wi\u0119cej ni\u017c ca\u0142y rz\u0105d z Polsk\u0105 Fundacj\u0105 Narodow\u0105 i milionami wyrzuconymi w b\u0142oto. Jej ksi\u0105\u017cki zosta\u0142y dotychczas przet\u0142umaczone na 40 (!) j\u0119zyk\u00f3w. M\u0142odsza o kilkana\u015bcie lat od Wojciechowskiego, nale\u017cy do \u201estarej\u201d elity, poniewa\u017c koleguje si\u0119 z \u201eGazet\u0105 Wyborcz\u0105\u201d, jest laureatk\u0105 Nagrody Nike, co ju\u017c j\u0105 czyni podejrzan\u0105, gdy\u017c \u2013 jak dwukrotnie powt\u00f3rzy\u0142 minister kultury i wicepremier Gli\u0144ski u Moniki Olejnik \u2013 jest to \u201enagroda \u015brodowiskowa\u201d, przyznawana przez jedno ze \u015brodowisk.<\/p>\n<p>Podejrzewam, \u017ce gdyby Nike otrzymali Lisicki, Wildstein lub Ziemkiewicz &#8211; by\u0142by to polski Nobel. Stawiam dolary przeciwko orzechom, \u017ce Gli\u0144ski nie powiedzia\u0142by w telewizji, \u017ce nie m\u00f3g\u0142 doko\u0144czy\u0107  \u017cadnej ksi\u0105\u017cki kogokolwiek z nich. Nie jest to m\u0119drzec, ale swoje wie.<\/p>\n<p>\u201ePisarze do pi\u00f3r!\u201d &#8211; chcia\u0142oby si\u0119 zawo\u0142a\u0107, s\u0142uchaj\u0105c tego, co noblistka wygaduje za granic\u0105, i to ausgerechnet w Niemczech. (Euro stoi tam r\u00f3wnie dobrze jak Reichsmarka). Tokarczuk nawet nie ukrywa, \u017ce zajmuje si\u0119 polityk\u0105, bo jest&#8230; obywatelk\u0105. (Nobla za darmo nie daj\u0105. Jak wspomniano na portalu wPolityce.pl, talent talentem, a lewicowa sie\u0107 pomaga).<\/p>\n<p>Obywatelka Tokarczuk znana jest jako feministka, zwolenniczka \u201eczarnego marszu\u201d, uczestniczka protest\u00f3w i manifestacji na rzecz r\u00f3wnouprawnienia mniejszo\u015bci, w tym praw kobiet. Na konferencji prasowej wypowiedzia\u0142a si\u0119 w obronie niezawis\u0142ych medi\u00f3w, kt\u00f3rym rzekomo co\u015b zagra\u017ca, oraz s\u0105d\u00f3w, kt\u00f3re kieruj\u0105 si\u0119 prawem, a nie lojalno\u015bci\u0105 partyjn\u0105. Ostrzega\u0142a przed nacjonalizmem i populizmem, opowiedzia\u0142a si\u0119 za decentralizacj\u0105 i za Europ\u0105 \u015arodkowo-Wschodni\u0105 widzian\u0105 jako tygiel, w kt\u00f3rym mieszaj\u0105 si\u0119 narodowo\u015bci, kultury, obyczaje, religie, w tym \u2013 o zgrozo! &#8211; uchod\u017acy.<\/p>\n<p>Jest zwolenniczk\u0105 dobrego wsp\u00f3\u0142istnienia, a nie \u201eszczucia\u201d przeciwko innym. Nic dziwnego, \u017ce &#8222;Wiadomo\u015bci&#8221; nie wspomnia\u0142y o tym ani s\u0142owem.<\/p>\n<p>Wcze\u015bniej, na kolejnej konwencji wyborczej PiS, prezes ostrzega\u0142: fa\u0142szywie pojmowan\u0105 wolno\u015b\u0107 to mo\u017cna mie\u0107 w swoim \u0142\u00f3\u017cku, w swoim teatrze, ale nie za pa\u0144stwowe pieni\u0105dze. I to by by\u0142o na tyle.<\/p>\n<p><strong>Zaproszenie<\/strong><br \/>\nNiestraszna nam cisza wyborcza. Naszymi go\u015b\u0107mi w TOK FM w niedziel\u0119 13 pa\u017adziernika o godz. 10:05 b\u0119d\u0105 znani krytycy sztuki: Justyna Sobolewska (literatura, Nobel!), Dorota Jarecka (Galeria Studio) i Jakub Majmurek (film).<\/p>\n","protected":false},"excerpt":{"rendered":"<p>\u201ePisarze do pi\u00f3r!\u201d &#8211; chcia\u0142oby si\u0119 zawo\u0142a\u0107.<\/p>\n","protected":false},"author":4,"featured_media":5663,"comment_status":"open","ping_status":"closed","sticky":false,"template":"","format":"standard","meta":{"footnotes":""},"categories":[1],"tags":[],"_links":{"self":[{"href":"https:\/\/blog.polityka.pl\/passent\/wp-json\/wp\/v2\/posts\/5658"}],"collection":[{"href":"https:\/\/blog.polityka.pl\/passent\/wp-json\/wp\/v2\/posts"}],"about":[{"href":"https:\/\/blog.polityka.pl\/passent\/wp-json\/wp\/v2\/types\/post"}],"author":[{"embeddable":true,"href":"https:\/\/blog.polityka.pl\/passent\/wp-json\/wp\/v2\/users\/4"}],"replies":[{"embeddable":true,"href":"https:\/\/blog.polityka.pl\/passent\/wp-json\/wp\/v2\/comments?post=5658"}],"version-history":[{"count":3,"href":"https:\/\/blog.polityka.pl\/passent\/wp-json\/wp\/v2\/posts\/5658\/revisions"}],"predecessor-version":[{"id":5662,"href":"https:\/\/blog.polityka.pl\/passent\/wp-json\/wp\/v2\/posts\/5658\/revisions\/5662"}],"wp:featuredmedia":[{"embeddable":true,"href":"https:\/\/blog.polityka.pl\/passent\/wp-json\/wp\/v2\/media\/5663"}],"wp:attachment":[{"href":"https:\/\/blog.polityka.pl\/passent\/wp-json\/wp\/v2\/media?parent=5658"}],"wp:term":[{"taxonomy":"category","embeddable":true,"href":"https:\/\/blog.polityka.pl\/passent\/wp-json\/wp\/v2\/categories?post=5658"},{"taxonomy":"post_tag","embeddable":true,"href":"https:\/\/blog.polityka.pl\/passent\/wp-json\/wp\/v2\/tags?post=5658"}],"curies":[{"name":"wp","href":"https:\/\/api.w.org\/{rel}","templated":true}]}}