
{"id":566,"date":"2009-05-07T23:56:29","date_gmt":"2009-05-07T21:56:29","guid":{"rendered":"http:\/\/passent.blog.polityka.pl\/?p=566"},"modified":"2009-05-07T23:56:29","modified_gmt":"2009-05-07T21:56:29","slug":"%e2%80%9esolidarnosc%e2%80%9d-spocznie-na-wawelu","status":"publish","type":"post","link":"https:\/\/blog.polityka.pl\/passent\/2009\/05\/07\/%e2%80%9esolidarnosc%e2%80%9d-spocznie-na-wawelu\/","title":{"rendered":"\u201eSolidarno\u015b\u0107\u201d spocznie na Wawelu"},"content":{"rendered":"<p><strong>Zapami\u0119tajcie te dat\u0119: 4 czerwca 2009 roku w Krakowie odb\u0119dzie si\u0119 pogrzeb \u201eSolidarno\u015bci\u201d. Zas\u0142u\u017cona organizacja spocznie na Wawelu<\/strong>.<\/p>\n<p>Msz\u0119 koncelebrowa\u0107 b\u0119dzie\u00a0 kardyna\u0142 Dziwisz. Obecni b\u0119d\u0105 m.in. premier Tusk, kanclerz Merkel oraz premierzy \/ prezydenci pa\u0144stw Grupy Wyszehradzkiej. W tym samym czasie sieroty po \u201eSolidarno\u015bci\u201d b\u0119d\u0105 \u015bwi\u0119towa\u0107 w Gda\u0144sku.\u00a0 Min\u0119\u0142o kilka lat od kiedy Zbigniew Bujak \u201eprzeprasza\u0142 za \u2018Solidarno\u015b\u0107\u2019\u201d, a Lech Wa\u0142\u0119sa (dzi\u015b faworyt &#8222;Gazety Wyborczej&#8221;),\u00a0 odbiera\u0142 \u201eGazecie\u201d znaczek \u201eS\u201d. Up\u0142ynie wiele lat, zanim historycy (mam na my\u015bli historyk\u00f3w prawdziwych) opisz\u0105 wzlot i upadek \u2018Solidarno\u015bci\u2019 \u2013 od pospolitego ruszenia milion\u00f3w Polak\u00f3w w imi\u0119 wolno\u015bci, demokracji i suwerenno\u015bci, po sk\u0142\u00f3con\u0105 mas\u0119 upad\u0142o\u015bciow\u0105, kt\u00f3ra niszczy w\u0142asn\u0105 legend\u0119, w\u0142asnego przyw\u00f3dc\u0119, w\u0142asny dorobek i w\u0142asn\u0105 dum\u0119 z odzyskanej niepodleg\u0142o\u015bci &#8211; z Trzeciej RP. Tylko czeka\u0107, jak Joanna Szczepkowska oznajmi, \u017ce \u201e4. czerwca sko\u0144czy\u0142a si\u0119 \u2018Solidarno\u015b\u0107\u2019\u201d.<\/p>\n<p>Tak ko\u0144czy si\u0119 marzenie o tym, \u017ce wydarzenia sprzed dwudziestu i trzydziestu lat w Gda\u0144sku zast\u0105pi\u0105 na \u015bwiecie upadek muru berli\u0144skiego jako symbol upadku komunizmu. Dwadzie\u015bcia\u00a0 lat temu chyba nikt nie s\u0105dzi\u0142, \u017ce \u201eS\u201d sko\u0144czy tak marnie, i\u017c postsolidarno\u015bciowy premier uzna, \u017ce w kolebce \u201eSolidarno\u015bci\u201d nie jest mo\u017cliwe \u015bwi\u0119towanie rocznicy jej najwi\u0119kszego sukcesu.<\/p>\n<p>Donald Tusk znalaz\u0142 si\u0119 w arcytrudnej sytuacji. Nie mia\u0142 dobrego ruchu. Oskar\u017cany o to, \u017ce jest mi\u0119kki i tch\u00f3rzliwy, nie m\u00f3g\u0142 pokaza\u0107, \u017ce jest twardy, nie m\u00f3g\u0142 si\u0119 zdecydowa\u0107 na awantur\u0119, nie m\u00f3g\u0142 wystawia\u0107 na najmniejsze ryzyko zagranicznych dostojnik\u00f3w i tysi\u0105ce m\u0142odzie\u017cy. Uzna\u0142, \u017ce musi ukry\u0107 si\u0119 na Wawelu (\u201ew Magdalence\u201d, za \u201ekordonem ZOMO\u201d, jak pisz\u0105\u00a0 k\u0105\u015bliwi internauci), narazi\u0107 na zarzut tch\u00f3rzostwa, jaki ju\u017c zd\u0105\u017cyli mu postawi\u0107 ludzie tak r\u00f3\u017cni jak Andrzej Celi\u0144ski, Jacek Kurski i Zbigniew Ziobro.<\/p>\n<p>7 maja to fatalny dzie\u0144 w karierze premiera Tuska. Na miesi\u0105c przed wyborami do Parlamentu Europejskiego znalaz\u0142 si\u0119 w naro\u017cniku, musia\u0142 ugi\u0105\u0107 si\u0119 przed krewkimi zwi\u0105zkowcami, dla kt\u00f3rych nie ma \u015bwi\u0119to\u015bci, liczy si\u0119 tylko w\u0142asny interes, a dla ich protektor\u00f3w spod znaku opozycji liczy si\u0119 tylko to, ile punkt\u00f3w straci rz\u0105d.\u00a0 A to dopiero pocz\u0105tek \u2013 wszak w Gda\u0144sku planowane\u00a0 s\u0105 obchody 1 wrze\u015bnia i budowa muzeum II wojny \u015bwiatowej. Strach pomy\u015ble\u0107 co dalej z tymi pomys\u0142ami, w kt\u00f3re zaanga\u017cowano powa\u017cnych partner\u00f3w\u00a0 zagranicznych.\u00a0 Decyzja o przeniesieniu politycznych obchod\u00f3w do Krakowa b\u0119dzie niepopularna, b\u0119dzie Tuska oraz Platform\u0119 drogo kosztowa\u0107, ale najwi\u0119cej straci na tym wizerunek Polski \u2013 kraju wiecznie rozdartego.<\/p>\n","protected":false},"excerpt":{"rendered":"<p>Zapami\u0119tajcie te dat\u0119: 4 czerwca 2009 roku w Krakowie odb\u0119dzie si\u0119 pogrzeb \u201eSolidarno\u015bci\u201d. Zas\u0142u\u017cona organizacja spocznie na Wawelu. Msz\u0119 koncelebrowa\u0107 b\u0119dzie\u00a0 kardyna\u0142 Dziwisz. Obecni b\u0119d\u0105 m.in. premier Tusk, kanclerz Merkel oraz premierzy \/ prezydenci pa\u0144stw Grupy Wyszehradzkiej. W tym samym czasie sieroty po \u201eSolidarno\u015bci\u201d b\u0119d\u0105 \u015bwi\u0119towa\u0107 w Gda\u0144sku.\u00a0 Min\u0119\u0142o kilka lat od kiedy Zbigniew Bujak [&hellip;]<\/p>\n","protected":false},"author":4,"featured_media":0,"comment_status":"open","ping_status":"open","sticky":false,"template":"","format":"standard","meta":{"footnotes":""},"categories":[1],"tags":[],"_links":{"self":[{"href":"https:\/\/blog.polityka.pl\/passent\/wp-json\/wp\/v2\/posts\/566"}],"collection":[{"href":"https:\/\/blog.polityka.pl\/passent\/wp-json\/wp\/v2\/posts"}],"about":[{"href":"https:\/\/blog.polityka.pl\/passent\/wp-json\/wp\/v2\/types\/post"}],"author":[{"embeddable":true,"href":"https:\/\/blog.polityka.pl\/passent\/wp-json\/wp\/v2\/users\/4"}],"replies":[{"embeddable":true,"href":"https:\/\/blog.polityka.pl\/passent\/wp-json\/wp\/v2\/comments?post=566"}],"version-history":[{"count":0,"href":"https:\/\/blog.polityka.pl\/passent\/wp-json\/wp\/v2\/posts\/566\/revisions"}],"wp:attachment":[{"href":"https:\/\/blog.polityka.pl\/passent\/wp-json\/wp\/v2\/media?parent=566"}],"wp:term":[{"taxonomy":"category","embeddable":true,"href":"https:\/\/blog.polityka.pl\/passent\/wp-json\/wp\/v2\/categories?post=566"},{"taxonomy":"post_tag","embeddable":true,"href":"https:\/\/blog.polityka.pl\/passent\/wp-json\/wp\/v2\/tags?post=566"}],"curies":[{"name":"wp","href":"https:\/\/api.w.org\/{rel}","templated":true}]}}