
{"id":567,"date":"2009-05-11T00:04:40","date_gmt":"2009-05-10T22:04:40","guid":{"rendered":"http:\/\/passent.blog.polityka.pl\/?p=567"},"modified":"2009-05-11T00:04:40","modified_gmt":"2009-05-10T22:04:40","slug":"nobel-z-historii","status":"publish","type":"post","link":"https:\/\/blog.polityka.pl\/passent\/2009\/05\/11\/nobel-z-historii\/","title":{"rendered":"Nobel z historii"},"content":{"rendered":"<p><strong>Rocznica pokonania Niemiec hitlerowskich min\u0119\u0142a w Polsce bez echa. Podzielam wpisy\u00a0 tych blogowicz\u00f3w, kt\u00f3rzy s\u0105 tym zniesmaczeni<\/strong>.<\/p>\n<p>\u017bo\u0142nierzom Armii Czerwonej oraz Wojska Polskiego, kt\u00f3rzy zatrzymali hitlerowsk\u0105 zag\u0142ad\u0119, \u0142apanki i egzekucje, otworzyli bramy Majdanka i O\u015bwi\u0119cimia,\u00a0 przynie\u015bli wyzwolenie od hitlerowskiej okupacji, nale\u017cy si\u0119 tego dnia gest wdzi\u0119czno\u015bci i pami\u0119ci. Tymczasem mamy milczenie czynnik\u00f3w oficjalnych i zbezczeszczenie cmentarza \u017co\u0142nierzy rosyjskich\u00a0 przez nieznanych sprawc\u00f3w. Prezydent Kaczy\u0144ski, kt\u00f3ry tak lubi defilady wojskowe, a tak\u017ce\u00a0 premier Tusk, kt\u00f3ry odbudowuje stosunki z Rosj\u0105, powinni byli z tej okazji wykona\u0107\u00a0 gest wobec wszystkich\u00a0 sojusznik\u00f3w, kt\u00f3rzy doprowadzili do pokonania Trzeciej Rzeszy, w tym przede wszystkim armii rosyjskiej, kt\u00f3ra d\u017awiga\u0142a g\u0142\u00f3wny ci\u0119\u017car walki z hitlerowsk\u0105 pot\u0119g\u0105, a tak\u017ce \u2013 z woli aliant\u00f3w, w tym przede wszystkim Stalina \u2013 ustanowi\u0142a zachodni\u0105 granic\u0119 Polski na Odrze i Nysie. Tysi\u0105ce Polak\u00f3w i \u017byd\u00f3w wysz\u0142y wtedy z oboz\u00f3w, ludzie zacz\u0119li odnajdywa\u0107 najbli\u017cszych lub poszukiwa\u0107 ich mogi\u0142, zacz\u0119li odbudowywa\u0107 \u017cycie swoje i swojego kraju. Wszystko to nie oznacza, \u017ce taki gest wobec poleg\u0142ych \u017co\u0142nierzy r\u00f3wna\u0142by si\u0119 jakiejkolwiek akceptacji powojennych porz\u0105dk\u00f3w, narzuconego Polsce systemu i czerwonej niewoli.<\/p>\n<p>Na naszym blogu trwa nieustanny sp\u00f3r o ocen\u0119 PRL oraz XX-lecia po jej upadku. Nie czyta\u0142em jeszcze ksi\u0105\u017cki, kt\u00f3ra wymierzy\u0142aby sprawiedliwo\u015b\u0107 Polsce rz\u0105dzonej przez komunist\u00f3w. Najbli\u017csze mi s\u0105 oceny prof. Andrzeja Walickiego, kt\u00f3rego pisma gor\u0105co polecam. Zwyk\u0142y czytelnik, zw\u0142aszcza m\u0142ody, kt\u00f3ry \u201ePRL\u201d\u00a0 nie pami\u0119ta, musi mie\u0107 niez\u0142y zam\u0119t w g\u0142owie. Z jednej strony s\u0142yszy o katowniach bezpieki, ogl\u0105da zapowiedzi muzeum komunizmu, widzi, a mo\u017ce i zamieszkuje, wstr\u0119tne bloki z wielkiej p\u0142yty, ogl\u0105da fotografie pustych sklep\u00f3w i go\u0142ych hak\u00f3w, z drugiej za\u015b bawi si\u0119 na \u201ekultowych\u201d filmach powsta\u0142ych w warunkach cenzury, jest \u015bwiadkiem nostalgii za Kabaretem Starszych Pan\u00f3w, \u015bmieje si\u0119 z samochodu syrena,\u00a0 wys\u0142uchuje opowie\u015bci o bonach dolarowych i o ciu\u0142aniu dolar\u00f3w na saksach w Ameryce.<\/p>\n<p>Trudno jest zrozumie\u0107, jak mo\u017cna by\u0142o najlepsze lata swojego \u017cycia (czyli m\u0142odo\u015b\u0107 i okres rozkwitu si\u0142) prze\u017cy\u0107 w absurdalnym, nieludzkim systemie, i jeszcze do tego wspomina\u0107, \u017ce ta\u0144czy\u0142o si\u0119 na d\u0119tym festiwalu m\u0142odzie\u017cy, s\u0142ucha\u0142o jazzu na Wsp\u00f3lnej, w\u0119drowa\u0142o z plecakiem po Tatrach lub wios\u0142owa\u0142o kajakiem na Mazurach, podczas kiedy demokracja by\u0142a fikcj\u0105, fikcj\u0105 by\u0142a wolno\u015b\u0107, nie mieli\u015bmy praw cz\u0142owieka, ale mieli\u015bmy prawo do szcz\u0119\u015bcia, do mi\u0142o\u015bci, do dziecka. Czy kto\u015b to kiedy\u015b opisze? Pierwszy poca\u0142unek w PRL, pierwsza koszula non-iron, pierwsza butelka Coca-Coli. To by\u0142y czasy dla dzisiejszej m\u0142odzie\u017cy niewiarygodne. Jako autor felieton\u00f3w pisanych pod pseudonimem \u201eBywalec\u201d, by\u0142em kiedy\u015b na podwieczorku wydanym przez pewnego czytelnika z okazji 15. rocznicy oczekiwania na przydzia\u0142 telefonu! By\u0142em na spotkaniu klubu posiadaczy samochodu mikrus, kt\u00f3rzy w teczkach przynosili cz\u0119\u015bci zapasowe i u\u017cywane, \u017ceby je mi\u0119dzy sob\u0105 wymienia\u0107, gdy\u017c nie mogli kupi\u0107 prostej \u015brubki czy \u0142o\u017cyska. A jednocze\u015bnie w tamtych czasach czytali\u015bmy \u201ePoemat dla doros\u0142ych\u201d, list Kuronia i Modzelewskiego, drukowali\u015bmy \u201eJeden dzie\u0144 Iwana Denisowicza\u201d, to wszystko by\u0142o jakim\u015b jednym wielkim w\u0119z\u0142em, pl\u0105tanin\u0105 sprzeczno\u015bci, takich jak cho\u0107by \u017cyciorys W\u0142adys\u0142awa Gomu\u0142ki \u2013 komunisty, ale i ofiary stalinizmu, bohatera Pa\u017adziernika, a potem antybohatera Grudnia 1970.<\/p>\n<p>Kto to wszystko potrafi rozsup\u0142a\u0107 i sprawiedliwie oceni\u0107\u00a0 &#8211; ten zas\u0142u\u017cy na Nobla z historii.<\/p>\n","protected":false},"excerpt":{"rendered":"<p>Rocznica pokonania Niemiec hitlerowskich min\u0119\u0142a w Polsce bez echa. Podzielam wpisy\u00a0 tych blogowicz\u00f3w, kt\u00f3rzy s\u0105 tym zniesmaczeni. \u017bo\u0142nierzom Armii Czerwonej oraz Wojska Polskiego, kt\u00f3rzy zatrzymali hitlerowsk\u0105 zag\u0142ad\u0119, \u0142apanki i egzekucje, otworzyli bramy Majdanka i O\u015bwi\u0119cimia,\u00a0 przynie\u015bli wyzwolenie od hitlerowskiej okupacji, nale\u017cy si\u0119 tego dnia gest wdzi\u0119czno\u015bci i pami\u0119ci. Tymczasem mamy milczenie czynnik\u00f3w oficjalnych i zbezczeszczenie [&hellip;]<\/p>\n","protected":false},"author":4,"featured_media":0,"comment_status":"open","ping_status":"open","sticky":false,"template":"","format":"standard","meta":{"footnotes":""},"categories":[1],"tags":[],"_links":{"self":[{"href":"https:\/\/blog.polityka.pl\/passent\/wp-json\/wp\/v2\/posts\/567"}],"collection":[{"href":"https:\/\/blog.polityka.pl\/passent\/wp-json\/wp\/v2\/posts"}],"about":[{"href":"https:\/\/blog.polityka.pl\/passent\/wp-json\/wp\/v2\/types\/post"}],"author":[{"embeddable":true,"href":"https:\/\/blog.polityka.pl\/passent\/wp-json\/wp\/v2\/users\/4"}],"replies":[{"embeddable":true,"href":"https:\/\/blog.polityka.pl\/passent\/wp-json\/wp\/v2\/comments?post=567"}],"version-history":[{"count":0,"href":"https:\/\/blog.polityka.pl\/passent\/wp-json\/wp\/v2\/posts\/567\/revisions"}],"wp:attachment":[{"href":"https:\/\/blog.polityka.pl\/passent\/wp-json\/wp\/v2\/media?parent=567"}],"wp:term":[{"taxonomy":"category","embeddable":true,"href":"https:\/\/blog.polityka.pl\/passent\/wp-json\/wp\/v2\/categories?post=567"},{"taxonomy":"post_tag","embeddable":true,"href":"https:\/\/blog.polityka.pl\/passent\/wp-json\/wp\/v2\/tags?post=567"}],"curies":[{"name":"wp","href":"https:\/\/api.w.org\/{rel}","templated":true}]}}