
{"id":5671,"date":"2019-10-14T15:09:04","date_gmt":"2019-10-14T13:09:04","guid":{"rendered":"https:\/\/passent.blog.polityka.pl\/?p=5671"},"modified":"2019-10-14T16:00:50","modified_gmt":"2019-10-14T14:00:50","slug":"dekalog-zwyciestwa","status":"publish","type":"post","link":"https:\/\/blog.polityka.pl\/passent\/2019\/10\/14\/dekalog-zwyciestwa\/","title":{"rendered":"Dekalog zwyci\u0119stwa"},"content":{"rendered":"<p>Dziesi\u0119\u0107 powod\u00f3w, dla kt\u00f3rych Sejm wygra\u0142o Prawo i Sprawiedliwo\u015b\u0107.<br \/>\n<!--more--><br \/>\n<strong>1.<\/strong> Pieni\u0105dze rozdane wyborcom. Zamiast na opiek\u0119 lekarsk\u0105, edukacj\u0119, mieszkania, drogi PiS rozda\u0142 milionom ludzi got\u00f3wk\u0119, kupuj\u0105c ich g\u0142osy, 500 plus (genialne, ale cyniczne posuni\u0119cie), 13. emerytura, podwy\u017cka p\u0142acy minimalnej, skr\u00f3cenie wieku emerytalnego etc. Podnios\u0142o to ich stop\u0119 \u017cyciow\u0105 i zaufanie do PiS, ale pozostawi\u0142o s\u0142u\u017cb\u0119 zdrowia, badania naukowe itp. w biedzie i w potrzebie. Po nas cho\u0107by potop.<\/p>\n<p><strong>2.<\/strong> Partia PiS jest w dobrym stanie: niekwestionowany, wszechw\u0142adny przyw\u00f3dca Jaros\u0142aw Kaczy\u0144ski. Sprawny aparat, fura pieni\u0119dzy (tak\u017ce via sp\u00f3\u0142ki skarbu pa\u0144stwa), jeden wyra\u017any przekaz \u2013 narodowo-opieku\u0144cze pa\u0144stwo dobrobytu, konserwatywne w sferze obyczajowej (polska rodzina, jeden m\u0119\u017cczyzna, jedna kobieta, dzieci), precz z LGBT, r\u0119ce precz od dzieci, \u201enie\u201d dla \u201eseksualizacji&#8221;, \u201enie\u201d dla Orkiestry Owsiaka, \u201enie\u201d dla \u201et\u0119czowej\u201d Polski. I do tego socjal na pot\u0119g\u0119. Ludzie s\u0105 wyci\u0105gani z zaplecza (Szyd\u0142o, Morawiecki) i chowani (Macierewicz) bez zmru\u017cenia oka.<\/p>\n<p><strong>3.<\/strong> Koalicjanci i liderzy bez waha\u0144 &#8211; Duda, Gowin, Ziobro, Brudzi\u0144ski, B\u0142aszczak, Sasin, Jacek Kurski i inni &#8211; s\u0105 zdecydowani na (prawie) wszystko, co prezes ka\u017ce lub czego oczekuje. Nie wstyd im, \u017ce latami ci\u0105gn\u0105 si\u0119 \u015bledztwa w sprawie wypadku samochodowego kolumny samochodowej Szyd\u0142o czy tych, kt\u00f3rzy powiesili podobizny europos\u0142\u00f3w(-ek) we Wroc\u0142awiu. Nie widz\u0105 kompromitacji pa\u0144stwa. Afery takie jak KNF czy Kuchci\u0144skiego pozostaj\u0105 niewyja\u015bnione, a sprawcy nieukarani.<\/p>\n<p><strong>4.<\/strong> Sojusz o\u0142tarza i tronu. Kaczy\u0144ski: kto podnosi r\u0119k\u0119 na Ko\u015bci\u00f3\u0142, atakuje Polsk\u0119. Ca\u0142kowita bierno\u015b\u0107 w egzekwowaniu prawa w Ko\u015bciele \u2013 zamiast dochodze\u0144 strumie\u0144 pieni\u0119dzy pa\u0144stwowych p\u0142ynie do KK. Milczenie KK, gdy pa\u0144stwo si\u0119 kompromituje.<\/p>\n<p><strong>5.<\/strong> Zamiast medi\u00f3w publicznych \u2013 propaganda PiS na koszt pa\u0144stwa.<\/p>\n<p><strong>6.<\/strong> Pomy\u015blna koniunktura gospodarcza, nieprzerwany wzrost PKB od ponad 20 lat, recesja nie nadchodzi.<\/p>\n<p><strong>7.<\/strong> Beznadziejna opozycja, d\u0142ugo zaj\u0119ta w\u0142asnymi sprawami, bez jasnego, sp\u00f3jnego programu, bez charyzmatycznego lidera, kt\u00f3ry sprawdzi\u0142 si\u0119 w zakulisowych negocjacjach, ale jest katastrofalnie niepopularny i przegra\u0142 nawet swoje wybory we Wroc\u0142awiu. Brak alternatywy dla wyborc\u00f3w. Sp\u00f3\u017anione wysuni\u0119cie Ma\u0142gorzaty Kidawy-B\u0142o\u0144skiej, kt\u00f3ra nie ma w\u0142asnej pozycji i jej wysuni\u0119cie by\u0142o zaskoczeniem nawet dla niej samej. PO ani razu od przegranych wybor\u00f3w 2015 r. nie spojrza\u0142a prawdzie w oczy. Zamiast gruntownego remontu stosowa\u0142a tylko kosmetyk\u0119.<\/p>\n<p><strong>8.<\/strong> Kampania PiS by\u0142a lepsza, widoczna, przemy\u015blana i stanowi\u0142a przed\u0142u\u017cenie linii partii i rz\u0105du. Niema\u0142\u0105 rol\u0119 odegra\u0142y media publiczne. Kampania opozycji nie by\u0142a jasna i widoczna nawet w sprzyjaj\u0105cych mediach prywatnych.<\/p>\n<p><strong>9.<\/strong> Program PiS jest owocem analizy sytuacji i nastroj\u00f3w w poszczeg\u00f3lnych \u015brodowiskach i adresowany prosto do nich, co znajduje przed\u0142u\u017cenie w decyzjach rz\u0105du. Rz\u0105d jest na us\u0142ugach partii \u2013 komu i kiedy podwy\u017cka, komu obietnica, komu d\u0142ugotrwa\u0142e negocjacje.<\/p>\n<p><strong>10.<\/strong> Polityka obl\u0119\u017conej twierdzy (Unia Europejska, Niemcy, Francja, Rosja, uchod\u017acy), kt\u00f3rej bezpiecze\u0144stwo gwarantuje tylko PiS w sojuszu z Ameryk\u0105 Trumpa. Prezent od Trumpa: zniesienie wiz. Wyb\u00f3r Janusza Wojciechowskiego na komisarza Unii \u2013 krocz\u0105 od zwyci\u0119stwa do zwyci\u0119stwa.<\/p>\n","protected":false},"excerpt":{"rendered":"<p>Po nas cho\u0107by potop.<\/p>\n","protected":false},"author":4,"featured_media":5679,"comment_status":"open","ping_status":"closed","sticky":false,"template":"","format":"standard","meta":{"footnotes":""},"categories":[1],"tags":[],"_links":{"self":[{"href":"https:\/\/blog.polityka.pl\/passent\/wp-json\/wp\/v2\/posts\/5671"}],"collection":[{"href":"https:\/\/blog.polityka.pl\/passent\/wp-json\/wp\/v2\/posts"}],"about":[{"href":"https:\/\/blog.polityka.pl\/passent\/wp-json\/wp\/v2\/types\/post"}],"author":[{"embeddable":true,"href":"https:\/\/blog.polityka.pl\/passent\/wp-json\/wp\/v2\/users\/4"}],"replies":[{"embeddable":true,"href":"https:\/\/blog.polityka.pl\/passent\/wp-json\/wp\/v2\/comments?post=5671"}],"version-history":[{"count":7,"href":"https:\/\/blog.polityka.pl\/passent\/wp-json\/wp\/v2\/posts\/5671\/revisions"}],"predecessor-version":[{"id":5678,"href":"https:\/\/blog.polityka.pl\/passent\/wp-json\/wp\/v2\/posts\/5671\/revisions\/5678"}],"wp:featuredmedia":[{"embeddable":true,"href":"https:\/\/blog.polityka.pl\/passent\/wp-json\/wp\/v2\/media\/5679"}],"wp:attachment":[{"href":"https:\/\/blog.polityka.pl\/passent\/wp-json\/wp\/v2\/media?parent=5671"}],"wp:term":[{"taxonomy":"category","embeddable":true,"href":"https:\/\/blog.polityka.pl\/passent\/wp-json\/wp\/v2\/categories?post=5671"},{"taxonomy":"post_tag","embeddable":true,"href":"https:\/\/blog.polityka.pl\/passent\/wp-json\/wp\/v2\/tags?post=5671"}],"curies":[{"name":"wp","href":"https:\/\/api.w.org\/{rel}","templated":true}]}}