
{"id":568,"date":"2009-05-14T00:02:08","date_gmt":"2009-05-13T22:02:08","guid":{"rendered":"http:\/\/passent.blog.polityka.pl\/?p=568"},"modified":"2009-05-14T00:29:10","modified_gmt":"2009-05-13T22:29:10","slug":"samoboj-walesy","status":"publish","type":"post","link":"https:\/\/blog.polityka.pl\/passent\/2009\/05\/14\/samoboj-walesy\/","title":{"rendered":"Samob\u00f3j Wa\u0142\u0119sy"},"content":{"rendered":"<p><strong>Zamiast dosta\u0107 Euro 2012, Krak\u00f3w dosta\u0142 obchody rocznicy 4 czerwca oraz szczyt Wyszehradzki. Kiepski to interes<\/strong>.<\/p>\n<p>Zamiast pi\u0142karskich sensacji i najazdu tysi\u0119cy kibic\u00f3w, Krak\u00f3w odwiedzi kilku polityk\u00f3w oraz tysi\u0105c policjant\u00f3w do ich pilnowania. Na krakusach nie zrobi to wra\u017cenia, gdy\u017c od czasu pielgrzymek JP II nic ich ju\u017c nie wzrusza. Mog\u0142o by\u0107 weso\u0142o i kasowo (Euro to zarobek dla miasta), b\u0119dzie smutno i biednie. Tusk z Wa\u0142\u0119s\u0105 niewiele w Krakowie zostawi\u0105 pieni\u0119dzy, tyle co na tac\u0119 na Wawelu. <a href=\"http:\/\/www.polityka.pl\/zal-krakowa\/Lead121,1830,291083,18\/\" target=\"_blank\"><strong>Zgadzam si\u0119 z moim redakcyjnym koleg\u0105 (i ziomkiem ze Stanis\u0142awowa), Tadeuszem Olsza\u0144skim<\/strong><\/a>, \u017ce do tej pora\u017cki Krakowa w UEFA przyczyni\u0142 si\u0119 poprzedni rz\u0105d, zg\u0142aszaj\u0105c to miasto tylko jako rezerwowe, podobnie jak Chorz\u00f3w. To by\u0142a kara za to, \u017ce Krak\u00f3w ma prezydenta z lewicy. Krak\u00f3w mo\u017ce ju\u017c teraz tylko \u017cy\u0107 nadziej\u0105, \u017ce Ukrai\u0144cy nie dadz\u0105 rady i Platini uruchomi miasta rezerwowe w Polsce, ale nie wypada \u017cyczy\u0107 Ukrainie, \u017ceby si\u0119 potkn\u0119\u0142a.<\/p>\n<p>Na otarcie \u0142ez Krak\u00f3w czeka wizyta Lecha Wa\u0142\u0119sy 4 czerwca. Ma\u0142a to pociecha, gdy\u017c legendarny przyw\u00f3dca Solidarno\u015bci i laureat Nobla da\u0142 plam\u0119, wyst\u0119puj\u0105c na kongresie Libertas i zapowiadaj\u0105c dalsze wyst\u0119py na konwentyklach tej partii w Madrycie oraz w innych miastach. Kontrakt jest, jak wida\u0107, d\u0142ugoterminowy. Na \u015bwiecie nie os\u0142abi to jego pozycji, ale b\u0142\u0105d Wa\u0142\u0119sy to prezent dla jego przeciwnik\u00f3w, z bra\u0107mi Kaczy\u0144skimi, pp. Gwiazd\u0105, Walentynowicz, Wyszkowskim i innymi na czele. Wa\u0142\u0119sa w obj\u0119ciach pp. Bendera i Zawiszy to, jak m\u00f3wi\u0105 dzi\u015b m\u0142odzi, plama, czyli obsuwa. Szkoda Wa\u0142\u0119sy, ale sam sobie winien. Albo <a href=\"http:\/\/www.polityka.pl\/kometa-ganleya\/Lead33,934,289463,18\/\" target=\"_blank\"><strong>sprzeda\u0142 si\u0119 Ganleyowi za pieni\u0105dze<\/strong><\/a>, albo przekalkulowa\u0142, \u017ce wzmacniaj\u0105c Libertas odbierze kilka g\u0142os\u00f3w PiS-owi, albo wreszcie jedno i drugie. Wa\u0142\u0119sa zachowa\u0142 si\u0119 jak \u015bwiatowy celebryta, kt\u00f3remu nie jest w stanie zaszkodzi\u0107 najgorsze nawet towarzystwo.<\/p>\n<p>Janusz Palikot bole\u015bnie dotkn\u0105\u0142 Wa\u0142\u0119s\u0119, proponuj\u0105c mu 110 tys. euro za rezygnacj\u0119 z wyst\u0119p\u00f3w w Madrycie. Lech Wa\u0142\u0119sa pogubi\u0142 si\u0119 i o\u015bmieszy\u0142, usi\u0142uj\u0105c by\u0107 jednocze\u015bnie twarz\u0105 proeuropejskiej Platformy i eurosceptycznego Libertasu. \u201eZa, a nawet przeciw\u201d, typowe dla Wa\u0142\u0119sy, mia\u0142o sw\u00f3j wdzi\u0119k trzydzie\u015bci lat temu, kiedy usi\u0142uj\u0105c przechytrzy\u0107 z jednej strony Kiszczaka z Jaruzelskim, a z drugiej Gwiazd\u0119 z Rozp\u0142ochowskim, zostawia\u0142 sobie r\u00f3\u017cne opcje i interpretacje. Dzisiaj nikogo ju\u017c na to nie nabierze. T\u0142umaczenie, \u017ce leci do Madrytu powiedzie\u0107 Libertasowi, \u017ce go nie popiera, to bajeczki i kr\u0119tactwa, kt\u00f3re obra\u017caj\u0105 inteligencj\u0119 s\u0142uchaczy. Wa\u0142\u0119sa strzeli\u0142 gola tym, kt\u00f3rzy darz\u0105 go szacunkiem i sympati\u0105, w tym Platformie i Tuskowi, a sobie samemu \u2013 samob\u00f3ja.<\/p>\n","protected":false},"excerpt":{"rendered":"<p>Zamiast dosta\u0107 Euro 2012, Krak\u00f3w dosta\u0142 obchody rocznicy 4 czerwca oraz szczyt Wyszehradzki. Kiepski to interes. Zamiast pi\u0142karskich sensacji i najazdu tysi\u0119cy kibic\u00f3w, Krak\u00f3w odwiedzi kilku polityk\u00f3w oraz tysi\u0105c policjant\u00f3w do ich pilnowania. Na krakusach nie zrobi to wra\u017cenia, gdy\u017c od czasu pielgrzymek JP II nic ich ju\u017c nie wzrusza. Mog\u0142o by\u0107 weso\u0142o i kasowo [&hellip;]<\/p>\n","protected":false},"author":4,"featured_media":0,"comment_status":"open","ping_status":"open","sticky":false,"template":"","format":"standard","meta":{"footnotes":""},"categories":[1],"tags":[],"_links":{"self":[{"href":"https:\/\/blog.polityka.pl\/passent\/wp-json\/wp\/v2\/posts\/568"}],"collection":[{"href":"https:\/\/blog.polityka.pl\/passent\/wp-json\/wp\/v2\/posts"}],"about":[{"href":"https:\/\/blog.polityka.pl\/passent\/wp-json\/wp\/v2\/types\/post"}],"author":[{"embeddable":true,"href":"https:\/\/blog.polityka.pl\/passent\/wp-json\/wp\/v2\/users\/4"}],"replies":[{"embeddable":true,"href":"https:\/\/blog.polityka.pl\/passent\/wp-json\/wp\/v2\/comments?post=568"}],"version-history":[{"count":0,"href":"https:\/\/blog.polityka.pl\/passent\/wp-json\/wp\/v2\/posts\/568\/revisions"}],"wp:attachment":[{"href":"https:\/\/blog.polityka.pl\/passent\/wp-json\/wp\/v2\/media?parent=568"}],"wp:term":[{"taxonomy":"category","embeddable":true,"href":"https:\/\/blog.polityka.pl\/passent\/wp-json\/wp\/v2\/categories?post=568"},{"taxonomy":"post_tag","embeddable":true,"href":"https:\/\/blog.polityka.pl\/passent\/wp-json\/wp\/v2\/tags?post=568"}],"curies":[{"name":"wp","href":"https:\/\/api.w.org\/{rel}","templated":true}]}}