
{"id":5680,"date":"2019-10-17T18:58:07","date_gmt":"2019-10-17T16:58:07","guid":{"rendered":"https:\/\/passent.blog.polityka.pl\/?p=5680"},"modified":"2019-10-17T19:14:03","modified_gmt":"2019-10-17T17:14:03","slug":"patryk-jaki-idzie-na-wojne","status":"publish","type":"post","link":"https:\/\/blog.polityka.pl\/passent\/2019\/10\/17\/patryk-jaki-idzie-na-wojne\/","title":{"rendered":"Patryk Jaki idzie na wojn\u0119"},"content":{"rendered":"<p>Ulokowany wygodnie w fotelu europarlamentarzysty Patryk Jaki, by\u0142y wiceminister sprawiedliwo\u015bci i niedosz\u0142y prezydent Warszawy, zn\u00f3w idzie na wojn\u0119.<br \/>\n<!--more--><br \/>\nTym razem ma to by\u0107 wojna o serca i umys\u0142y Polak\u00f3w, zupe\u0142nie jak Amerykanie walczyli o serca i umys\u0142y Wietnamczyk\u00f3w. W obszernej rozmowie w \u201eRzeczpospolit\u0105\u201d Patryk Jaki powtarza klisze i frazesy prawicy: III RP to by\u0142 \u201ePRL plus\u201d. Grupa ludzi wywodz\u0105ca si\u0119 z &#8222;Solidarno\u015bci&#8221; i z PRL utworzy\u0142a sobie prywatne pa\u0144stwo: media, kultura, edukacja, w tym szkolnictwo wy\u017csze, i wymiar sprawiedliwo\u015bci. Czas z tym sko\u0144czy\u0107. Bez zdecydowanych zmian w chorych strukturach systemu PRL prawica w Polsce nie zajedzie tak daleko jak Fidesz na W\u0119grzech. (W\u0142a\u015bnie przegra\u0142 Budapeszt, tak jak Jaki przegra\u0142 Warszaw\u0119). \u017badnych dowod\u00f3w. Zero.<\/p>\n<p>Dlaczego wi\u0119kszo\u015b\u0107 wyborc\u00f3w w Polsce mimo widocznych sukces\u00f3w prawicy wybiera partie opozycyjne \u2013 zastanawia si\u0119 Jaki i odkrywa Ameryk\u0119. Dlatego, \u017ce trwa proces wrogiej indoktrynacji i socjalizacji spo\u0142ecze\u0144stwa \u2013 zamiany flagi na t\u0119czow\u0105, lewack\u0105, dominacji medi\u00f3w liberalno-lewicowych oraz lewicowe uniwersytety, kt\u00f3re nie dopuszczaj\u0105 krytyki LGBT. Co to jest wroga socjalizacja, Jaki nie m\u00f3wi. Podobnie jak nie podaje \u017cadnych nazwisk ani przyk\u0142ad\u00f3w prywatnego pa\u0144stwa, z kt\u00f3rym walczy.<\/p>\n<p>Zosta\u0142y frazesy: musimy ratowa\u0107 Polsk\u0119, kt\u00f3ra zawsze by\u0142a silna nie pieni\u0105dzem, ale duchem i \u201ewarto\u015bciami, kt\u00f3re chc\u0105 nam zabra\u0107\u201d. Trzeba powstrzyma\u0107 proces lewackiej socjalizacji spo\u0142ecze\u0144stwa, inaczej za kilka lat nasza ojczyzna \u201eb\u0119dzie warto\u015bciami r\u00f3\u017cowa\u201d. Przychodzi czas na \u201eprawic\u0119 to\u017csamo\u015bciow\u0105\u201d, bo z zachodniej Europy przychodz\u0105 do nas \u201etrendy na lewacko\u015b\u0107\u201d, wspierane przez \u201egigantyczne \u015brodki\u201d w kulturze, kinematografii, najnowszych mediach. Trwa i post\u0119puje lewicowa indoktrynacja. Facebook, YouTube, Twitter nie ukrywaj\u0105 swoich &#8222;t\u0119czowych\u201d sympatii i anga\u017cuj\u0105 si\u0119 w \u201et\u0119czow\u0105 socjalizacj\u0119\u201d. Co to dok\u0142adnie znaczy \u2013 nie wiemy.<\/p>\n<p>\u201eNie b\u0119dzie na to mojej zgody\u201d \u2013 zapewnia Jaki, on nie pozwoli na przemilczanie \u201er\u00f3\u017cowej ofensywy\u201d, cho\u0107by mia\u0142 wypa\u015b\u0107 z polityki. (Panie Jaki, prosz\u0119 tego nie robi\u0107. Czym by\u0142aby polityka bez pana?). Na razie wzywa do \u201eprzywr\u00f3cenia r\u00f3wnowagi\u201d w mediach, w kt\u00f3rych panuje \u201eogromny przechy\u0142\u201d idei liberalno-lewicowych. Tyle pose\u0142 Jaki.<\/p>\n<p>Jak m\u0142ody polityk, niew\u0105tpliwie bystry i sprytny, mo\u017ce wierzy\u0107 w to, co m\u00f3wi: \u017ce widmo LGBT kr\u0105\u017cy po Europie, czyha zza w\u0119g\u0142a, chce pozbawi\u0107 Polsk\u0119 Polski, tego nie wiem. Ale jest to zapowied\u017a tego, co nas czeka: dalszy ci\u0105g ofensywy PiS na \u201eseksualizacj\u0119\u201d, s\u0105downictwo oraz \u201enadbudow\u0119\u201d \u2013 media, uczelnie, kultur\u0119. Ta ofensywa ju\u017c trwa. Prezes Kaczy\u0144ski kilka dni temu zapowiedzia\u0142, \u017ce w swoim \u0142\u00f3\u017cku, w swoim teatrze wolno wszystko, ale \u201enie za pa\u0144stwowe pieni\u0105dze\u201d. Czyli ten, kto p\u0142aci orkiestrze, ten wybiera melodi\u0119. Walka o serca i umys\u0142y b\u0119dzie prowadzi\u0142a przez portfele. Jak \u201ezweryfikuje si\u0119\u201d dziennikarzy, aktor\u00f3w, uczonych, to im si\u0119 odechce Zachodu w Polsce.<\/p>\n<p><strong>Zaproszenie<\/strong><br \/>\nZnakomici komentatorzy: prof. Ewa Marciniak (politolog z UW), Jerzy Baczy\u0144ski (redaktor naczelny &#8222;Polityki&#8221;) i red. Micha\u0142 Broniatowski (&#8222;Politico&#8221;) b\u0119d\u0105 naszymi go\u015b\u0107mi w TOK FM. Jak zwykle: niedziela 19 pa\u017adziernika o godz. 10:05. Zapraszam!<\/p>\n","protected":false},"excerpt":{"rendered":"<p>Jak m\u0142ody polityk, niew\u0105tpliwie bystry i sprytny, mo\u017ce wierzy\u0107 w to, co m\u00f3wi.<\/p>\n","protected":false},"author":4,"featured_media":5686,"comment_status":"open","ping_status":"closed","sticky":false,"template":"","format":"standard","meta":{"footnotes":""},"categories":[1],"tags":[],"_links":{"self":[{"href":"https:\/\/blog.polityka.pl\/passent\/wp-json\/wp\/v2\/posts\/5680"}],"collection":[{"href":"https:\/\/blog.polityka.pl\/passent\/wp-json\/wp\/v2\/posts"}],"about":[{"href":"https:\/\/blog.polityka.pl\/passent\/wp-json\/wp\/v2\/types\/post"}],"author":[{"embeddable":true,"href":"https:\/\/blog.polityka.pl\/passent\/wp-json\/wp\/v2\/users\/4"}],"replies":[{"embeddable":true,"href":"https:\/\/blog.polityka.pl\/passent\/wp-json\/wp\/v2\/comments?post=5680"}],"version-history":[{"count":5,"href":"https:\/\/blog.polityka.pl\/passent\/wp-json\/wp\/v2\/posts\/5680\/revisions"}],"predecessor-version":[{"id":5685,"href":"https:\/\/blog.polityka.pl\/passent\/wp-json\/wp\/v2\/posts\/5680\/revisions\/5685"}],"wp:featuredmedia":[{"embeddable":true,"href":"https:\/\/blog.polityka.pl\/passent\/wp-json\/wp\/v2\/media\/5686"}],"wp:attachment":[{"href":"https:\/\/blog.polityka.pl\/passent\/wp-json\/wp\/v2\/media?parent=5680"}],"wp:term":[{"taxonomy":"category","embeddable":true,"href":"https:\/\/blog.polityka.pl\/passent\/wp-json\/wp\/v2\/categories?post=5680"},{"taxonomy":"post_tag","embeddable":true,"href":"https:\/\/blog.polityka.pl\/passent\/wp-json\/wp\/v2\/tags?post=5680"}],"curies":[{"name":"wp","href":"https:\/\/api.w.org\/{rel}","templated":true}]}}