
{"id":569,"date":"2009-05-17T23:54:16","date_gmt":"2009-05-17T21:54:16","guid":{"rendered":"http:\/\/passent.blog.polityka.pl\/?p=569"},"modified":"2009-05-17T23:54:16","modified_gmt":"2009-05-17T21:54:16","slug":"kretactwa","status":"publish","type":"post","link":"https:\/\/blog.polityka.pl\/passent\/2009\/05\/17\/kretactwa\/","title":{"rendered":"Kr\u0119tactwa"},"content":{"rendered":"<p><strong>ADAM BIELAN<\/strong>, Micha\u0142 Kami\u0144ski, Zbigniew Ziobro (i kilka innych jedynek z listy PiS do Parlamentu Europejskiego) wycofali si\u0119 z debaty z jedynkami PO. Gdyby tzw. debaty mia\u0142y przypomina\u0107 pysk\u00f3wki w radiu i w telewizji (\u201eja panu nie przerywa\u0142em\u201d) i w stylu pos\u0142a Brudzi\u0144skiego, kt\u00f3ry w Radiu Zet nazwa\u0142 innego polityka \u201egangsterem\u201d \u2013 to nie ma czego \u017ca\u0142owa\u0107. Niekt\u00f3rzy komentatorzy uwa\u017caj\u0105, \u017ce ca\u0142a ta odmowa ze strony PiS ma u\u0142atwi\u0107 p. Ziobrze unikni\u0119cie debaty z R\u00f3\u017c\u0105 Thun. By\u0107 mo\u017ce. Ziobro w Ma\u0142opolsce jest zbyt silny, \u017ceby ryzykowa\u0107 potkni\u0119cie w dyskusji z p. Thun. C\u00f3\u017c, to jego prawo. Dla mnie fakt, \u017ce Ziobro ma<br \/>\ns\u0142abe kompetencje \u201eeuropejskie\u201d jeszcze go nie dyskwalifikuje, bo np. prof. Buzek te\u017c nie by\u0142 wielce kompetentny, gdy startowa\u0142 do PE, a dzi\u015b to jedna z jego gwiazd. Jest du\u017co innych powod\u00f3w, dla kt\u00f3rych nie g\u0142osowa\u0142bym na p. Ziobro, nawet gdyby w debacie roz\u0142o\u017cy\u0142 p. Thun na obie \u0142opatki. S\u0105dz\u0119, \u017ce ca\u0142a ta sprawa <a href=\"http:\/\/www.polityka.pl\/polska-w-debacie\/Lead33,933,291240,18\/\" target=\"_blank\"><strong>wok\u00f3\u0142 debat<\/strong><\/a> (tak\u017ce ze stoczniowcami w Gda\u0144sku) pog\u0142\u0119bi tylko podzia\u0142y, a skorzysta na niej Platforma. T\u0142umaczenie Micha\u0142a Kami\u0144skiego, \u017ce w niedziel\u0119 w po\u0142udnie chodzi do ko\u015bcio\u0142a, ma\u0142o kogo przekona, podobnie jak kr\u0119tactwa macher\u00f3w zwi\u0105zkowych.<\/p>\n<p><strong>ZYTA GILOWSKA<\/strong> powr\u00f3ci\u0142a na scen\u0119 w barwach PiS. Moim zdaniem akurat ona nie powinna <a href=\"http:\/\/www.polityka.pl\/tylko-straszyli\/Text01,1569,291264,18\/\" target=\"_blank\"><strong>krytykowa\u0107 prof. Rostowskiego<\/strong><\/a>, poniewa\u017c rz\u0105d, kt\u00f3rego by\u0142a prominentnym cz\u0142onkiem, nie wykorzysta\u0142 doskona\u0142ej koniunktury i zostawi\u0142 nast\u0119pcom deficyt oraz zaniechania. Kroki podj\u0119te przez rz\u0105d PiS (obni\u017cenie sk\u0142adki rentowej i podatk\u00f3w), w\u00f3wczas s\u0142uszne, dzi\u015b s\u0105 du\u017cym obci\u0105\u017ceniem. A KRUS i inne zaniedbania trwaj\u0105. Trwa natarcie opozycji na rz\u0105d, \u017ce robi\u0142 dobr\u0105 min\u0119 do z\u0142ej gry, bagatelizowa\u0142 kryzys, nie przewidzia\u0142 rozmiar\u00f3w deficytu, a pakiet antykryzysowy jeszcze nie obowi\u0105zuje. To wszystko prawda, Tusk &#8211; Rostowski stawiali na uspokojenie, liczyli, \u017ce kryzys rozejdzie si\u0119 po ko\u015bciach, nie chcieli wzbudza\u0107 paniki. Maj\u0105 przy tym szcz\u0119\u015bcie, bo wystarczy\u0142oby bankructwo jednego du\u017cego banku zagranicznego z oddzia\u0142ami w Polsce, \u017ceby wywo\u0142a\u0107 panik\u0119. Na prze\u0142omie czerwca i lipca (czytaj: po wyborach do Parlamentu Europejskiego) rz\u0105d b\u0119dzie musia\u0142 znacznie skorygowa\u0107 bud\u017cet i powi\u0119kszy\u0107 jego deficyt. Ale tacy ekonomi\u015bci jak prof. Gilowska lub prof. Ko\u0142odko nie budz\u0105 mojego podziwu, dla mnie maj\u0105 za du\u017co temperamentu politycznego, \u017ceby budzi\u0107 zaufanie jako bezstronni fachowcy. Ekonomia jest dzi\u015b bardziej polityczna ni\u017c kiedykolwiek od lat 50.<\/p>\n<p><strong>JACEK KARNOWSKI<\/strong> wygra\u0142 referendum w Sopocie. A kto przegra\u0142? Platforma Obywatelska, poniewa\u017c jej sopoccy radni zbuntowali si\u0119 przeciw centrali. Centrala PO, czyli Donald Tusk, kt\u00f3ry w trosce o to, \u017ceby nie lekcewa\u017cy\u0107 standard\u00f3w, ostentacyjnie odci\u0105\u0142 si\u0119 od Karnowskiego. Prawo i Sprawiedliwo\u015b\u0107, kt\u00f3re od lat prowadzi\u0142o nagonk\u0119 na prezydenta Sopotu, chc\u0105c prze\u0142ama\u0107 monopol w Tr\u00f3jmie\u015bcie. Jacek Kurski nawet manifestowa\u0142 przed siedzib\u0105 Urz\u0119du Miejskiego. Przegrali w\u0142a\u015bciwie wszyscy, bo i Jacek Karnowski nie b\u0119dzie mia\u0142 \u0142atwego \u017cycia, jedn\u0105 r\u0119k\u0105 kieruj\u0105c miastem, a drug\u0105 broni\u0105c si\u0119 przed oskar\u017ceniami. Przegra\u0142y wreszcie niekt\u00f3re media (z \u201eRzeczpospolit\u0105\u201d na czele), kt\u00f3re dar\u0142y pasy z Karnowskiego, widz\u0105c w nim drugiego Rywina, a w Platformie \u2013 drugie SLD. Ciekawe, jak ta sprawa si\u0119 zako\u0144czy. Ja jestem za <a href=\"http:\/\/www.polityka.pl\/prezydent-na-haku\/Text01,933,275002,18\/\" target=\"_blank\"><strong>domniemaniem niewinno\u015bci<\/strong><\/a> do czasu prawomocnego wyroku.<\/p>\n<p><strong>DONALD TUSK<\/strong> nie ma \u0142atwego \u017cycia. Pod nosem, w Sopocie, <a href=\"http:\/\/www.polityka.pl\/bunt-na-pokladzie\/Text01,933,289473,18\/\" target=\"_blank\"><strong>buntuj\u0105 mu si\u0119 radni Platformy<\/strong><\/a>, a Jacek Karnowski odm\u00f3wi\u0142 mu pos\u0142usze\u0144stwa. Stoczniowcy z Gda\u0144ska wymiguj\u0105 si\u0119 od debaty. Politycy opozycji oskar\u017caj\u0105, \u017ce \u201eczmychn\u0105\u0142 z obchodami 4 czerwca do Krakowa\u201d. Donald Tusk znalaz\u0142 si\u0119 w takiej sytuacji, \u017ce ci\u0105gle musi wybiera\u0107 mniejsze z\u0142o. Zaufa\u0107 Karnowskiemu \u2013 to by\u0142o wielkie ryzyko, zw\u0142aszcza po aferze Rywina, na kt\u00f3rej wyro\u015bli Rokita i Ziobro, a tak\u017ce wobec oskar\u017ce\u0144 w stylu \u201elibera\u0142\u00f3w \u2013 afera\u0142\u00f3w\u201d. Porzuci\u0107 Karnowskiego oznacza\u0142o kryzys w sopockiej Platformie. Jedno i drugie jest na r\u0119k\u0119 braciom Kaczy\u0144skim oraz PiS. Podobnie w sprawie dialogu ze stoczniowcami. Nie inicjowa\u0107 debaty \u2013 znaczy\u0142o \u201elekcewa\u017cy\u0107 stoczniowc\u00f3w\u201d, zgodzi\u0107 si\u0119 na debat\u0119, to narazi\u0107 si\u0119 na ataki zwi\u0105zkowc\u00f3w, wzi\u0105\u0107 udzia\u0142 w awanturze, lub uchodzi\u0107 za premiera, kt\u00f3ry chce rozmawia\u0107 tylko na w\u0142asnych warunkach. Z kolei obchody 4 czerwca Tusk musia\u0142 zabra\u0107 z Gda\u0144ska, nawet za cen\u0119 oskar\u017ce\u0144 o tch\u00f3rzostwo. Nie m\u00f3g\u0142 ryzykowa\u0107 awantury, kt\u00f3ra mog\u0142a zagra\u017ca\u0107 oficjalnym go\u015bciom oraz przy\u0107mi\u0107 okazj\u0119, z jakiej przyjechali. W obozie postsolidarno\u015bciowym jest g\u0142\u0119boka wyrwa, zwi\u0105zkowcy oraz ich protektorzy z PiS nie przepuszcz\u0105 \u017cadnej okazji, \u017ceby to podkre\u015bli\u0107. Szkoda, bo to tylko umacnia rol\u0119 muru berli\u0144skiego jako symbolu obalenia komunizmu. Mnie to zreszt\u0105 nie przeszkadza, bo muru \u2013 jako widowiska \u2013 nikt nie pokona. Pozycja Polski w \u015bwiecie nie tyle jednak zale\u017cy od zas\u0142ug historycznych, co od osi\u0105gni\u0119\u0107 bie\u017c\u0105cych, a te \u2013 wbrew \u201enegacjonistom\u201d w Polsce, a nie za granic\u0105 \u2013 s\u0105 niepodwa\u017calne. Tuskowi nie zazdroszcz\u0119.<\/p>\n<p><strong>LECH WA\u0141\u0118SA<\/strong> da\u0142 plam\u0119. Jego wyst\u0119py w Libertasie to <a href=\"http:\/\/passent.blog.polityka.pl\/?p=568\" target=\"_blank\"><strong>kompromitacja<\/strong><\/a>. Udawanie, \u017ce jest za, a nawet przeciw, \u017ce w Polsce popiera proeuropejsk\u0105 Platform\u0119, a za granic\u0105 Libertas, b\u0119d\u0105cy przeciw porozumieniu z Lizbony \u2013 to kr\u0119tactwa i bajeczki. Szkoda. Tak kr\u0119c\u0105c, Lech Wa\u0142\u0119sa rujnuje swoj\u0105 reputacj\u0119 i umniejsza wiarygodno\u015b\u0107 r\u00f3wnie\u017c w innych sprawach.<\/p>\n","protected":false},"excerpt":{"rendered":"<p>ADAM BIELAN, Micha\u0142 Kami\u0144ski, Zbigniew Ziobro (i kilka innych jedynek z listy PiS do Parlamentu Europejskiego) wycofali si\u0119 z debaty z jedynkami PO. Gdyby tzw. debaty mia\u0142y przypomina\u0107 pysk\u00f3wki w radiu i w telewizji (\u201eja panu nie przerywa\u0142em\u201d) i w stylu pos\u0142a Brudzi\u0144skiego, kt\u00f3ry w Radiu Zet nazwa\u0142 innego polityka \u201egangsterem\u201d \u2013 to nie ma [&hellip;]<\/p>\n","protected":false},"author":4,"featured_media":0,"comment_status":"open","ping_status":"open","sticky":false,"template":"","format":"standard","meta":{"footnotes":""},"categories":[1],"tags":[],"_links":{"self":[{"href":"https:\/\/blog.polityka.pl\/passent\/wp-json\/wp\/v2\/posts\/569"}],"collection":[{"href":"https:\/\/blog.polityka.pl\/passent\/wp-json\/wp\/v2\/posts"}],"about":[{"href":"https:\/\/blog.polityka.pl\/passent\/wp-json\/wp\/v2\/types\/post"}],"author":[{"embeddable":true,"href":"https:\/\/blog.polityka.pl\/passent\/wp-json\/wp\/v2\/users\/4"}],"replies":[{"embeddable":true,"href":"https:\/\/blog.polityka.pl\/passent\/wp-json\/wp\/v2\/comments?post=569"}],"version-history":[{"count":0,"href":"https:\/\/blog.polityka.pl\/passent\/wp-json\/wp\/v2\/posts\/569\/revisions"}],"wp:attachment":[{"href":"https:\/\/blog.polityka.pl\/passent\/wp-json\/wp\/v2\/media?parent=569"}],"wp:term":[{"taxonomy":"category","embeddable":true,"href":"https:\/\/blog.polityka.pl\/passent\/wp-json\/wp\/v2\/categories?post=569"},{"taxonomy":"post_tag","embeddable":true,"href":"https:\/\/blog.polityka.pl\/passent\/wp-json\/wp\/v2\/tags?post=569"}],"curies":[{"name":"wp","href":"https:\/\/api.w.org\/{rel}","templated":true}]}}