
{"id":5711,"date":"2019-11-03T14:47:37","date_gmt":"2019-11-03T13:47:37","guid":{"rendered":"https:\/\/passent.blog.polityka.pl\/?p=5711"},"modified":"2019-11-03T15:12:54","modified_gmt":"2019-11-03T14:12:54","slug":"paraliz-opozycji","status":"publish","type":"post","link":"https:\/\/blog.polityka.pl\/passent\/2019\/11\/03\/paraliz-opozycji\/","title":{"rendered":"Parali\u017c opozycji"},"content":{"rendered":"<p>\u017beby ca\u0142y kraj czeka\u0142 na decyzj\u0119 Donalda Tuska, czy b\u0119dzie kandydowa\u0142 na prezydenta RP \u2013 to jest co\u015b niezwyk\u0142ego i szkodliwego.<br \/>\n<!--more--><br \/>\nPisz\u0119 \u201eca\u0142y kraj\u201d, poniewa\u017c nawet je\u017celi kto\u015b nie g\u0142osuje na opozycj\u0119, to sprawa jest po prostu ciekawa, a dla wyborc\u00f3w opozycji wr\u0119cz denerwuj\u0105ca. Jak d\u0142ugo mo\u017ce trwa\u0107 taniec wok\u00f3\u0142 nieznanego kandydata opozycji? Tusk? Kidawa-B\u0142o\u0144ska? Kosiniak-Kamysz? Zdrojewski? A mo\u017ce kto\u015b pozapartyjny \u2013 posta\u0107 kalibru Aleksandra Gieysztora?<\/p>\n<p>Sytuacja rzeczywi\u015bcie paradoksalna. Tusk, dop\u00f3ki jest przewodnicz\u0105cym Rady Europejskiej (koniec listopada), nie mo\u017ce powiedzie\u0107 \u201etak\u201d, bo to \u015bwiadczy\u0142oby o tym, \u017ce ma w g\u0142owie polityk\u0119 polsk\u0105, a tu brexit i wrzenie w Unii. Inni potencjalni kandydaci nie chc\u0105 si\u0119 zdeklarowa\u0107, musz\u0105 wiedzie\u0107, czy b\u0119d\u0105 rywalizowa\u0107 z Tuskiem, czy z kimkolwiek innym.<\/p>\n<p>Koalicja (Platforma) Obywatelska jest w stanie zamro\u017cenia. Jest to gigantyczna strata czasu. Po przegranych wyborach europejskich i \u2013 powiedzmy \u2013 zremisowanych wyborach samorz\u0105dowych, po nieporadnych, nieudolnych kampaniach Platforma powinna tryska\u0107 energi\u0105, a nie czeka\u0107 w przedpokoju.<\/p>\n<p>Co wi\u0119cej, Platforma nie b\u0119dzie w stanie przeprowadzi\u0107 kampanii z prawdziwego zdarzenia, poniewa\u017c sama nie wie, kim i czym jest. Nie rozliczy\u0142a si\u0119 sama ze sob\u0105 z poprzednich wybor\u00f3w, ci\u0105gle nie jest rozstrzygni\u0119ta kwestia przyw\u00f3dztwa w partii. Grzegorz Schetyna jest jak pochy\u0142e drzewo, jego pozycja jest s\u0142aba, wi\u0119c jak on mo\u017ce poderwa\u0107 parti\u0119 i wyborc\u00f3w?<\/p>\n<p>Owszem, ma du\u017ce osi\u0105gni\u0119cia i dorobek organizacyjny, ale uosabia Platform\u0119 wczorajsz\u0105 i zm\u0119czon\u0105. Wida\u0107, \u017ce partia nie jest w stanie zrzuci\u0107 starej sk\u00f3ry, a co dopiero wyst\u0105pi\u0107 z programem dla swojego kandydata (ktokolwiek nim b\u0119dzie).<\/p>\n<p>Najwi\u0119ksza si\u0142a opozycji jest rozdarta, bez wyra\u017anego programu np. w sprawie polityki zagranicznej, w sprawach obronnych i praworz\u0105dno\u015bci, w kt\u00f3rych prezydent ma wiele do powiedzenia.<\/p>\n<p>A Duda hula po Polsce, ta\u0144czy, \u015bpiewa, recytuje.<\/p>\n<p>Dla opozycji sytuacja nie do pozazdroszczenia, bezradno\u015b\u0107 i parali\u017c. Duda mo\u017ce szykowa\u0107 si\u0119 do \u015blubowania, a Platforma do domu seniora.<\/p>\n","protected":false},"excerpt":{"rendered":"<p>Dla opozycji sytuacja nie do pozazdroszczenia, bezradno\u015b\u0107 i parali\u017c.<\/p>\n","protected":false},"author":4,"featured_media":5716,"comment_status":"open","ping_status":"closed","sticky":false,"template":"","format":"standard","meta":{"footnotes":""},"categories":[1],"tags":[],"_links":{"self":[{"href":"https:\/\/blog.polityka.pl\/passent\/wp-json\/wp\/v2\/posts\/5711"}],"collection":[{"href":"https:\/\/blog.polityka.pl\/passent\/wp-json\/wp\/v2\/posts"}],"about":[{"href":"https:\/\/blog.polityka.pl\/passent\/wp-json\/wp\/v2\/types\/post"}],"author":[{"embeddable":true,"href":"https:\/\/blog.polityka.pl\/passent\/wp-json\/wp\/v2\/users\/4"}],"replies":[{"embeddable":true,"href":"https:\/\/blog.polityka.pl\/passent\/wp-json\/wp\/v2\/comments?post=5711"}],"version-history":[{"count":3,"href":"https:\/\/blog.polityka.pl\/passent\/wp-json\/wp\/v2\/posts\/5711\/revisions"}],"predecessor-version":[{"id":5715,"href":"https:\/\/blog.polityka.pl\/passent\/wp-json\/wp\/v2\/posts\/5711\/revisions\/5715"}],"wp:featuredmedia":[{"embeddable":true,"href":"https:\/\/blog.polityka.pl\/passent\/wp-json\/wp\/v2\/media\/5716"}],"wp:attachment":[{"href":"https:\/\/blog.polityka.pl\/passent\/wp-json\/wp\/v2\/media?parent=5711"}],"wp:term":[{"taxonomy":"category","embeddable":true,"href":"https:\/\/blog.polityka.pl\/passent\/wp-json\/wp\/v2\/categories?post=5711"},{"taxonomy":"post_tag","embeddable":true,"href":"https:\/\/blog.polityka.pl\/passent\/wp-json\/wp\/v2\/tags?post=5711"}],"curies":[{"name":"wp","href":"https:\/\/api.w.org\/{rel}","templated":true}]}}