
{"id":5727,"date":"2019-11-08T23:40:05","date_gmt":"2019-11-08T22:40:05","guid":{"rendered":"https:\/\/passent.blog.polityka.pl\/?p=5727"},"modified":"2019-11-09T00:28:07","modified_gmt":"2019-11-08T23:28:07","slug":"gora-urodzila-mysz","status":"publish","type":"post","link":"https:\/\/blog.polityka.pl\/passent\/2019\/11\/08\/gora-urodzila-mysz\/","title":{"rendered":"G\u00f3ra urodzi\u0142a mysz"},"content":{"rendered":"<p>W siedzibie PiS na Nowogrodzkiej i w obecno\u015bci prezesa Kaczy\u0144skiego premier Morawiecki przedstawi\u0142 sk\u0142ad przysz\u0142ego rz\u0105du. Jest kilka zmian organizacyjnych i personalnych, ale nie ma nowej jako\u015bci, nie ma istotnej zmiany.<br \/>\n<!--more--><br \/>\nPanowie widocznie uznali, \u017ce skoro Zjednoczona Prawica wygra\u0142a wybory europejskie i samorz\u0105dowe, a wybory prezydenckie za p\u00f3\u0142 roku wygra zapewne Duda, to nie ma powodu do wi\u0119kszych zmian.<\/p>\n<p>Premierem b\u0119dzie nadal Pinokio Morawiecki, ministrem spraw wewn\u0119trznych i koordynatorem s\u0142u\u017cb pozostanie zaufany prezesa Mariusz Kami\u0144ski, chyba w nagrod\u0119 za \u201eprzeoczenie\u201d w sprawie Mariana Banasia. Gospodark\u0119 trzyma\u0107 b\u0119dzie w gar\u015bci premier Morawiecki przy pomocy m.in. nowego ministra finans\u00f3w Tadeusza Ko\u015bci\u0144skiego (stary znajomy premiera z banku WBK).<\/p>\n<p>W tej sferze warto odnotowa\u0107 utworzenie ministerstwa nadzoru w\u0142a\u015bcicielskiego (czyli przede wszystkim sp\u00f3\u0142ek skarbu pa\u0144stwa), na czele kt\u00f3rego stanie wicepremier Jacek Sasin, bezgranicznie oddany prezesowi.<\/p>\n<p>Sasin jest uosobieniem zmian w rz\u0105dzie: nie zapowiada niczego nowego, nie ma w\u0142asnego dorobku, za to jest sprawdzony, lojalny, bystry i elokwentny (nadawa\u0142by si\u0119 na rzecznika rz\u0105du). Musi ogarn\u0105\u0107 dla prezesa zabagnion\u0105 sytuacj\u0119 w sp\u00f3\u0142kach, gdzie ka\u017cdy, kto m\u00f3g\u0142, a zw\u0142aszcza Morawiecki i Ziobro, lokowa\u0142 swoich ludzi, a za ich po\u015brednictwem si\u0119ga\u0142 do kasy, np. wp\u0142aca\u0142 danin\u0119 dla Polskiej Fundacji Narodowej, kt\u00f3ra z kolei za ok. 10 mln prowadzi\u0142a kampani\u0119 billboardow\u0105 przeciwko s\u0119dziom.<\/p>\n<p>Pewna zmiana nast\u0105pi\u0142a w dziedzinie spraw zagranicznych. Ministrem pozostanie Jacek Czaputowicz, ale sprawy europejskie zostan\u0105 mu odebrane, przeniesione do kancelarii premiera, i b\u0119dzie nimi kierowa\u0142 (tak jak dotychczas) Konrad Szyma\u0144ski, ale ju\u017c w randze ministra konstytucyjnego. Ma to by\u0107 \u201eawans Europy\u201d w czasie kryzysu Unii, spowolnienia gospodarczego i nowego bud\u017cetu wsp\u00f3lnoty.<\/p>\n<p>Z innych zmian, a w\u0142a\u015bciwie ich braku, warto odnotowa\u0107, \u017ce zachowuj\u0105 swoje teki koalicjanci Gowin (nauka) i Ziobro (sprawiedliwo\u015b\u0107), a tak\u017ce nieszcz\u0119sny prof. Gli\u0144ski z PiS (kultura i dziedzictwo).<\/p>\n<p>Warto zauwa\u017cy\u0107, \u017ce kobiety b\u0119d\u0105 stanowi\u0107 zaledwie 10 proc. Rady Ministr\u00f3w. Test samodzielno\u015bci czeka wkr\u00f3tce Gowina \u2013 czy b\u0119dzie g\u0142osowa\u0142 za Paw\u0142owicz, Piotrowiczem i Chojny-Duch do Trybuna\u0142u Konstytucyjnego? Id\u0119 o zak\u0142ad, \u017ce b\u0119dzie g\u0142osowa\u0142 \u201eza\u201d, ale z obrzydzeniem. Wzmocnieniu uleg\u0142a i tak ju\u017c silna pozycja premiera, kt\u00f3ry skupia w swoich r\u0119kach gospodark\u0119 i Europ\u0119.<\/p>\n<p>W sumie z du\u017cej chmury ma\u0142y deszcz. Mo\u017ce dlatego sk\u0142ad nowego-starego rz\u0105du przedstawiono w spos\u00f3b skromny i bez fanfar.<\/p>\n","protected":false},"excerpt":{"rendered":"<p>Sk\u0142ad nowego-starego rz\u0105du przedstawiono w spos\u00f3b skromny i bez fanfar.<\/p>\n","protected":false},"author":4,"featured_media":5731,"comment_status":"open","ping_status":"closed","sticky":false,"template":"","format":"standard","meta":{"footnotes":""},"categories":[1],"tags":[],"_links":{"self":[{"href":"https:\/\/blog.polityka.pl\/passent\/wp-json\/wp\/v2\/posts\/5727"}],"collection":[{"href":"https:\/\/blog.polityka.pl\/passent\/wp-json\/wp\/v2\/posts"}],"about":[{"href":"https:\/\/blog.polityka.pl\/passent\/wp-json\/wp\/v2\/types\/post"}],"author":[{"embeddable":true,"href":"https:\/\/blog.polityka.pl\/passent\/wp-json\/wp\/v2\/users\/4"}],"replies":[{"embeddable":true,"href":"https:\/\/blog.polityka.pl\/passent\/wp-json\/wp\/v2\/comments?post=5727"}],"version-history":[{"count":3,"href":"https:\/\/blog.polityka.pl\/passent\/wp-json\/wp\/v2\/posts\/5727\/revisions"}],"predecessor-version":[{"id":5730,"href":"https:\/\/blog.polityka.pl\/passent\/wp-json\/wp\/v2\/posts\/5727\/revisions\/5730"}],"wp:featuredmedia":[{"embeddable":true,"href":"https:\/\/blog.polityka.pl\/passent\/wp-json\/wp\/v2\/media\/5731"}],"wp:attachment":[{"href":"https:\/\/blog.polityka.pl\/passent\/wp-json\/wp\/v2\/media?parent=5727"}],"wp:term":[{"taxonomy":"category","embeddable":true,"href":"https:\/\/blog.polityka.pl\/passent\/wp-json\/wp\/v2\/categories?post=5727"},{"taxonomy":"post_tag","embeddable":true,"href":"https:\/\/blog.polityka.pl\/passent\/wp-json\/wp\/v2\/tags?post=5727"}],"curies":[{"name":"wp","href":"https:\/\/api.w.org\/{rel}","templated":true}]}}