
{"id":5734,"date":"2019-11-12T22:38:14","date_gmt":"2019-11-12T21:38:14","guid":{"rendered":"https:\/\/passent.blog.polityka.pl\/?p=5734"},"modified":"2019-11-12T22:54:05","modified_gmt":"2019-11-12T21:54:05","slug":"rewolucja-listopadowa","status":"publish","type":"post","link":"https:\/\/blog.polityka.pl\/passent\/2019\/11\/12\/rewolucja-listopadowa\/","title":{"rendered":"Rewolucja listopadowa"},"content":{"rendered":"<p>Za wcze\u015bnie jeszcze m\u00f3wi\u0107 o rewolucji, ale odbicie Senatu przez opozycj\u0119 jest pierwsz\u0105 wyrw\u0105 w fortecy Prawa i Sprawiedliwo\u015bci, pierwsz\u0105 szczelin\u0105 \u201epasa transmisyjnego\u201d.<br \/>\n<!--more--><br \/>\nDotychczas Kaczy\u0144ski i sp\u00f3\u0142ka mieli wszystko. Zmieniali Polsk\u0119 na gwizdek. Od decyzji na Nowogrodzkiej po ustaw\u0119 na Wiejskiej i podpis prezydenta mija\u0142o zaledwie kilka dni. \u017badnej dyskusji, \u017cadnego szemrania, mechanizm PiS dzia\u0142a\u0142 bez zarzutu, dobrze naoliwiony posadami, stanowiskami i mamon\u0105. Nie by\u0142o wr\u0119cz do pomy\u015blenia, \u017ceby Senat nie by\u0142 PiS, \u017ce \u201ewrogi\u201d marsza\u0142ek Senatu b\u0119dzie mia\u0142 dost\u0119p do \u201episwizji\u201d, a nawet do wyg\u0142oszenia or\u0119dzia w TVP, \u017ce Senat b\u0119dzie bryka\u0142 przy nominacjach kolejnych pancernych Marian\u00f3w na prezes\u00f3w NIK czy rozmaitych cia\u0142 radiowo-telewizyjnych.<\/p>\n<p>Nie b\u0119dzie tak, \u017ce najwa\u017cniejsi politycy zagraniczni odwiedzaj\u0105cy Polsk\u0119 b\u0119d\u0105 s\u0142yszeli od wszystkich swoich rozm\u00f3wc\u00f3w to samo \u2013 od ministr\u00f3w, premiera, marsza\u0142k\u00f3w Sejmu i Senatu. Dotyczy to te\u017c rodak\u00f3w za granic\u0105. Co prawda przewaga opozycji w Senacie jest bardzo krucha, wygrana o w\u0142os, ale stanowi wa\u017cny sukces, kt\u00f3ry przyszed\u0142 w ostatniej chwili, kiedy ob\u00f3z demokratyczny opada\u0142 ju\u017c z si\u0142.<\/p>\n<p>Przewaga w Senacie nie jest dana raz na zawsze, w ka\u017cdej chwili mo\u017ce si\u0119 rozla\u0107 jaka\u015b ka\u0142u\u017ca, ale marsza\u0142ek Tomasz Grodzki i opozycja dzia\u0142aj\u0105ca w ramach \u201epaktu senackiego\u201d mog\u0105 pokaza\u0107, czym r\u00f3\u017cni si\u0119 prawdziwa izba wy\u017csza od swojej karykatury, jak\u0105 w du\u017cym stopniu stanowi\u0142a dotychczas.<\/p>\n<p>Do tego dochodz\u0105 zmiany w Sejmie, powr\u00f3t lewicy, wej\u015bcie Konfederacji z takim potworem jak pose\u0142 Braun. Czarzasty wicemarsza\u0142kiem Sejmu \u2013 to wydawa\u0142o si\u0119 jeszcze niedawno nie do pomy\u015blenia. Niestety, jedenastu Konfederat\u00f3w w Sejmie &#8211; r\u00f3wnie\u017c. Macierewicz \u2013 marsza\u0142ek senior &#8211; zyska w Konfederacji sojusznik\u00f3w w walce o katolickie pa\u0144stwo narodu polskiego.<\/p>\n<p>Kaczy\u0144ski b\u0119dzie mia\u0142 mniejsz\u0105 swobod\u0119 manewru pomi\u0119dzy Platform\u0105 a Konfederacj\u0105. Przestanie by\u0107 panem sytuacji. Nowy parlament jest bardziej demokratyczny w tym sensie, \u017ce stanowi lepsze odzwierciedlenie spo\u0142ecze\u0144stwa w jego r\u00f3\u017cnorodno\u015bci: od lewicy po skrajn\u0105 prawic\u0119, chocia\u017c niekt\u00f3re pogl\u0105dy tam wyra\u017cane s\u0105 niedopuszczalne, brunatne.<\/p>\n<p>Wygrana w Senacie oznacza wzmocnienie pozycji Grzegorza Schetyny w Platformie, co odnotowuj\u0119 z mieszanymi uczuciami. Nie widz\u0119, w jaki spos\u00f3b mog\u0142oby si\u0119 to przyczyni\u0107 do sukcesu w wyborach prezydenckich w maju. Senat to zaledwie pierwszy krok, wa\u017cny, ale nie najwa\u017cniejszy, bo jego uprawnienia s\u0105 ograniczone.<\/p>\n<p>Jaka b\u0119dzie Polska najbli\u017cszych lat, to si\u0119 rozstrzygnie w maju. Na razie Andrzej Duda nie ma r\u00f3wnorz\u0119dnego przeciwnika, ale Senat pokaza\u0142, \u017ce wszystko jest mo\u017cliwe. Niech \u017cywi nie trac\u0105 nadziei.<\/p>\n","protected":false},"excerpt":{"rendered":"<p>Jaka b\u0119dzie Polska najbli\u017cszych lat, to si\u0119 rozstrzygnie w maju.<\/p>\n","protected":false},"author":4,"featured_media":5739,"comment_status":"open","ping_status":"closed","sticky":false,"template":"","format":"standard","meta":{"footnotes":""},"categories":[1],"tags":[],"_links":{"self":[{"href":"https:\/\/blog.polityka.pl\/passent\/wp-json\/wp\/v2\/posts\/5734"}],"collection":[{"href":"https:\/\/blog.polityka.pl\/passent\/wp-json\/wp\/v2\/posts"}],"about":[{"href":"https:\/\/blog.polityka.pl\/passent\/wp-json\/wp\/v2\/types\/post"}],"author":[{"embeddable":true,"href":"https:\/\/blog.polityka.pl\/passent\/wp-json\/wp\/v2\/users\/4"}],"replies":[{"embeddable":true,"href":"https:\/\/blog.polityka.pl\/passent\/wp-json\/wp\/v2\/comments?post=5734"}],"version-history":[{"count":4,"href":"https:\/\/blog.polityka.pl\/passent\/wp-json\/wp\/v2\/posts\/5734\/revisions"}],"predecessor-version":[{"id":5740,"href":"https:\/\/blog.polityka.pl\/passent\/wp-json\/wp\/v2\/posts\/5734\/revisions\/5740"}],"wp:featuredmedia":[{"embeddable":true,"href":"https:\/\/blog.polityka.pl\/passent\/wp-json\/wp\/v2\/media\/5739"}],"wp:attachment":[{"href":"https:\/\/blog.polityka.pl\/passent\/wp-json\/wp\/v2\/media?parent=5734"}],"wp:term":[{"taxonomy":"category","embeddable":true,"href":"https:\/\/blog.polityka.pl\/passent\/wp-json\/wp\/v2\/categories?post=5734"},{"taxonomy":"post_tag","embeddable":true,"href":"https:\/\/blog.polityka.pl\/passent\/wp-json\/wp\/v2\/tags?post=5734"}],"curies":[{"name":"wp","href":"https:\/\/api.w.org\/{rel}","templated":true}]}}