
{"id":574,"date":"2009-06-01T00:27:57","date_gmt":"2009-05-31T22:27:57","guid":{"rendered":"http:\/\/passent.blog.polityka.pl\/?p=574"},"modified":"2009-06-01T00:27:57","modified_gmt":"2009-05-31T22:27:57","slug":"wojna-realu-z-wirtualem","status":"publish","type":"post","link":"https:\/\/blog.polityka.pl\/passent\/2009\/06\/01\/wojna-realu-z-wirtualem\/","title":{"rendered":"Wojna realu z wirtualem"},"content":{"rendered":"<p>UROK naszego kraju polega i na tym, \u017ce nigdy nie wiadomo \u2013 czy to jawa czy sen, real czy wirtual?<\/p>\n<p>CUGIER \u2013 KOTKA. Co tu daleko szuka\u0107: cho\u0107by aktorka Cugier-Kotka. Najpierw wyst\u0105pi\u0142a w spocie Platformy, potem zmieni\u0142a opcj\u0119 i wyst\u0105pi\u0142a w spocie PiS, a w ko\u0144cu postanowi\u0142a ujawni\u0107 w\u0142asne pogl\u0105dy polityczne. W ubieg\u0142ym tygodniu by\u0142a za PiS. By\u0107 mo\u017ce pozazdro\u015bci\u0142a Halinie Miko\u0142ajskiej, Andrzejowi Szczepkowskiemu i innym aktorom, kt\u00f3rzy ws\u0142awili si\u0119 walk\u0105 z komun\u0105? Ale oni przynajmniej byli konsekwentni, a tutaj nie wiadomo, co m\u00f3wi Cugier, co Kotka, a co Cugier-Kotka. Granica pomi\u0119dzy realem a wirtualem zaciera si\u0119.<\/p>\n<p>PIOTR ZAREMBA\u00a0 pisze o sobie w \u201eDzienniku\u201d: \u201e\u2026ja, publicysta o ogl\u0105dach centrowych\u2026\u201d Zaremba \u2013 publicyst\u0105 centrowym! Raczej w wirtualu, bo w realu chyba jest inaczej. Kiedy jeszcze czyta\u0142em Zaremb\u0119 w wo\u0142kowym \u201e\u017byciu\u201d, czy w \u201eDzienniku\u201d (bezcennym podarunku Springera dla Kaczy\u0144skiego), mia\u0142em go za publicyst\u0119 prawicowego, zwolennika IV RP oraz\u00a0 PiS z dwug\u0142owym or\u0142em na czele. Potem Zaremba stwierdzi\u0142, \u017ce genialny strateg zgubi\u0142 busol\u0119. Nigdy jednak nie wydawa\u0142 mi si\u0119 publicyst\u0105 centrowym. Wiadomo &#8211; ka\u017cdy cz\u0142owiek, w tym P. Z., i ja tak\u017ce &#8211; widzi siebie inaczej ni\u017c widz\u0105 go inni. To naturalne. Z. te\u017c mnie widzi inaczej, ni\u017c ja widz\u0119 siebie. W por\u00f3wnaniu z Jerzym Robertem Nowakiem, czy Markiem Migalskim, jest P. Z. publicyst\u0105 centrowym. Tak\u017ce w por\u00f3wnaniu z Rafa\u0142em Ziemkiewiczem, kt\u00f3ry pisze o \u201enikczemno\u015bciach polityki Bronis\u0142awa Geremka\u201d i o tym, \u017ce \u201eWyborcza\u201d doskonale realizowa\u0142a wskazanie Anatola Fejgina (stalinowski oprawca), i\u017c \u201etrzeba rozstrzela\u0107 polsk\u0105 dum\u0119\u201d \u2013 jest Zaremba \u201ecentrowy\u201d. Ale nie jest tak centrowy, jak\u00a0 Jerzy Urban &#8211; kt\u00f3ry w \u201eDzienniku\u201d deklaruje, \u017ce (gdyby nie przesz\u0142o\u015b\u0107) g\u0142osowa\u0142by na Platform\u0119. Piotr Zaremba centrowy nie jest. Chyba, \u017ce przyjmiemy zasad\u0119 i\u017c \u201eo tym, czy jestem centrowy, decyduj\u0119 ja\u201d. Wtedy wszyscy s\u0105 centrowi, bo pomi\u0119dzy Urbanem i Wildsteinem jest du\u017co miejsca&#8230;<\/p>\n<p>RYSZARD BUGAJ, w realu ekonomista i socjalista, w PRL uczestnik opozycji, od kilku miesi\u0119cy jest doradc\u0105 ekonomicznym prezydenta. Kiedy Lech Kaczy\u0144ski wyg\u0142osi\u0142 swoje or\u0119dzie ekonomiczne, Bugaj z realu trafi\u0142 do wirtualu: Nie wiedzia\u0142, kiedy or\u0119dzie b\u0119dzie wyg\u0142oszone (dowiedzia\u0142 si\u0119 od dziennikarzy!!), nie wiedzia\u0142, \u017ce prezydent nie wyg\u0142osi tekstu przygotowanego przez niego, lecz tekst, w kt\u00f3rym majstrowa\u0142a Zyta Gilowska. By\u0142 \u201ezbulwersowany\u201d, \u017ce or\u0119dzie zawiera projekt obni\u017cenia podatku VAT i zwi\u0119kszenia deficytu bud\u017cetowego \u2013 pomys\u0142y, kt\u00f3rym jest przeciwny. Wreszcie, wzburzony Bugaj zapowiedzia\u0142, \u017ce ust\u0105pi ze stanowiska, je\u015bli oka\u017ce si\u0119, \u017ce prezydent sympatyzuje z jedn\u0105 parti\u0105 polityczn\u0105, a konkretnie z PiS!! Czy dr Bugaj, i my wraz z nim, \u017cyjemy w realu czy w wirtualu?<\/p>\n<p>PIOTR KOWNACKI\u00a0 I JANUSZ PALIKOT to w realu politycy zamo\u017cni, kt\u00f3rzy nigdy do ko\u0144ca nie wyt\u0142umacz\u0105 si\u0119 ze swoich pieni\u0119dzy, bo pieni\u0105dze w Polsce budz\u0105 podejrzenie \u2013 cz\u0119sto uzasadnione. Np. w realu emeryci i studenci wp\u0142acali powa\u017cne sumy na fundusz wyborczy Palikota, ale by\u0142y to chyba pieni\u0105dze wirtualne, a na pewno podejrzane, gdy\u017c emerytom i studentom si\u0119 nie przelewa. Teraz \u201eDziennik\u201d dzie\u0144 w dzie\u0144 demaskuje Palikota, kt\u00f3ry zaci\u0105gn\u0105\u0142 po\u017cyczki od firm zarejestrowanych na Karaibach, co samo w sobie karalne nie jest. Jaros\u0142aw Kaczy\u0144ski sugeruje ju\u017c, \u017ce takimi podejrzanymi pieni\u0119dzmi Palikot p\u0142aci\u0142 za promocj\u0119 ksi\u0105\u017cki Tuska. Cho\u0107 nie ma w tym niczego nielegalnego, to dla polskiego wyborcy jest podejrzane. Je\u015bli chodzi o ministra Kownackiego, kt\u00f3ry b\u0119d\u0105c szefem Kancelarii Prezydenta pobiera ponad milionow\u0105 odpraw\u0119 z Orlenu, to prawnie jest to zapewne OK., ale politycznie \u2013 fatalne, podobnie jak handel d\u0142ugami szpitalnymi, kt\u00f3ry uprawia\u0142 Bank Ochrony \u015arodowiska pod jego zarz\u0105dem. I zn\u00f3w \u2013 pod wzgl\u0119dem formalnym, w prawniczym wirtualu &#8211;\u00a0 wszystko mog\u0142o by\u0107 OK., ale w politycznym realu \u2013 nie. Trafnie to uj\u0105\u0142 pose\u0142 \u017belichowski z PSL: Kownacki zosta\u0142 zaanga\u017cowany do Kancelarii, \u017ceby poprawi\u0107 wizerunek prezydenta, a teraz prezydent usi\u0142uje poprawi\u0107 wizerunek Kownackiego.<\/p>\n<p>PIOTR SKWIECI\u0143SKI skrytykowa\u0142 w \u201eRzeczpospolitej\u201d klauzul\u0119 wolno\u015bci sumienia dziennikarzy, zainicjowan\u0105 przez Jacka \u017bakowskiego, kt\u00f3ra trafi\u0142a do ustawy o mediach. (Chodzi z grubsza o to, \u017ceby w mediach publicznych nie zmusza\u0107 dziennikarzy do wyg\u0142aszania pogl\u0105d\u00f3w, kt\u00f3rych nie podzielaj\u0105, lub informacji ich zdaniem nieprawdziwych). Skwieci\u0144ski, kt\u00f3ry by\u0142 do niedawna szefem PAP z nadania PiS, i umie my\u015ble\u0107 klasowo, twierdzi, \u017ce klauzula le\u017cy w interesie \u2026 \u201eGazety Wyborczej\u201d i jej akolit\u00f3w. \u201eSkoro klauzula sumienia ma nie dotyczy\u0107 dziennikarzy TVN, Polsatu, \u201eGW\u201d i agorowych stacji radiowych, to polityczny sens pomys\u0142u \u017bakowskiego bije w oczy.\u201d \u2013 pisze. Zdaniem Skwieci\u0144skiego, w mediach dominuje nurt michnikowy i np. sprzeciw Hanny Lis (w \u201eWiadomo\u015bciach\u201d TVP) nie by\u0142 \u017cadnym non-konformizmem, tylko &#8211; wr\u0119cz przeciwnie \u2013 aktem konformizmu wobec \u015brodowiska (czytaj \u2013 \u201eGW\u201d). \u201eZa koniunkturalist\u0105 stoi w takiej sytuacji stadne my\u015blenie i wsparcie z ulicy Czerskiej. A teraz ma jeszcze dosta\u0107 do r\u0119ki nowe narz\u0119dzie \u2013 klauzul\u0119 sumienia.\u201d Moim zdaniem, ci kt\u00f3rzy tak my\u015bl\u0105, maj\u0105 hopla na punkcie \u201eGW\u201d. Wszak nie chodzi o to, co jest dobre dla Michnika, tylko co jest dobre dla dziennikarzy i medi\u00f3w publicznych. Nie jest jeszcze tak, \u017ce co jest dobre dla \u201eGazety\u201d, musi by\u0107 z\u0142e dla Polski, a widmo Michnika nie ka\u017cdego straszy po nocach. Piotr Skwieci\u0144ski pomyli\u0142 wirtual\u00a0 z realem. Kiedy PiS wykona\u0142 skok na media, posadzi\u0142 jego na PAP, Czaba\u0144skiego na Polskie Radio, Wildsteina na TVP, kiedy zmieniono obsad\u0119 rozg\u0142o\u015bni i oddzia\u0142\u00f3w terenowych, kiedy Springer uruchomi\u0142 \u201eFakt\u201d i \u201eDziennik\u201d, kiedy zwolniono setki os\u00f3b i zatrudniano swoich, kiedy zacz\u0119\u0142y obowi\u0105zywa\u0107 listy proskrypcyjne, kiedy w Polskim Radiu zacz\u0119li go\u015bci\u0107 na sta\u0142e redaktorzy Sakiewicz i Michalkiewicz, kiedy \u201eTr\u00f3jk\u0119\u201d obj\u0105\u0142 p. Skowro\u0144ski, kiedy \u201eRzeczpospolita\u201d zosta\u0142a zdominowana przez PP. Lisickiego, Semk\u0119, Ziemkiewicza, Wildsteina, a TVP przez pani\u0105 Gargas i Pospieszalskiego itd. itp. \u2013 \u201eob\u00f3z Michnika\u201d znalaz\u0142 si\u0119 defensywie, co zreszt\u0105 prawica z dum\u0105 podkre\u015bla\u0142a. Dlatego poczucie osaczonej mniejszo\u015bci non-konformist\u00f3w, o kt\u00f3rych pisze red. Skwieci\u0144ski, jest rodem z wirtualu, a nie z realu.<\/p>\n","protected":false},"excerpt":{"rendered":"<p>UROK naszego kraju polega i na tym, \u017ce nigdy nie wiadomo \u2013 czy to jawa czy sen, real czy wirtual? CUGIER \u2013 KOTKA. Co tu daleko szuka\u0107: cho\u0107by aktorka Cugier-Kotka. Najpierw wyst\u0105pi\u0142a w spocie Platformy, potem zmieni\u0142a opcj\u0119 i wyst\u0105pi\u0142a w spocie PiS, a w ko\u0144cu postanowi\u0142a ujawni\u0107 w\u0142asne pogl\u0105dy polityczne. W ubieg\u0142ym tygodniu by\u0142a [&hellip;]<\/p>\n","protected":false},"author":4,"featured_media":0,"comment_status":"open","ping_status":"open","sticky":false,"template":"","format":"standard","meta":{"footnotes":""},"categories":[1],"tags":[],"_links":{"self":[{"href":"https:\/\/blog.polityka.pl\/passent\/wp-json\/wp\/v2\/posts\/574"}],"collection":[{"href":"https:\/\/blog.polityka.pl\/passent\/wp-json\/wp\/v2\/posts"}],"about":[{"href":"https:\/\/blog.polityka.pl\/passent\/wp-json\/wp\/v2\/types\/post"}],"author":[{"embeddable":true,"href":"https:\/\/blog.polityka.pl\/passent\/wp-json\/wp\/v2\/users\/4"}],"replies":[{"embeddable":true,"href":"https:\/\/blog.polityka.pl\/passent\/wp-json\/wp\/v2\/comments?post=574"}],"version-history":[{"count":0,"href":"https:\/\/blog.polityka.pl\/passent\/wp-json\/wp\/v2\/posts\/574\/revisions"}],"wp:attachment":[{"href":"https:\/\/blog.polityka.pl\/passent\/wp-json\/wp\/v2\/media?parent=574"}],"wp:term":[{"taxonomy":"category","embeddable":true,"href":"https:\/\/blog.polityka.pl\/passent\/wp-json\/wp\/v2\/categories?post=574"},{"taxonomy":"post_tag","embeddable":true,"href":"https:\/\/blog.polityka.pl\/passent\/wp-json\/wp\/v2\/tags?post=574"}],"curies":[{"name":"wp","href":"https:\/\/api.w.org\/{rel}","templated":true}]}}