
{"id":5741,"date":"2019-11-17T17:37:28","date_gmt":"2019-11-17T16:37:28","guid":{"rendered":"https:\/\/passent.blog.polityka.pl\/?p=5741"},"modified":"2019-11-18T12:27:59","modified_gmt":"2019-11-18T11:27:59","slug":"kidawa-kontra-blonska","status":"publish","type":"post","link":"https:\/\/blog.polityka.pl\/passent\/2019\/11\/17\/kidawa-kontra-blonska\/","title":{"rendered":"Kidawa kontra B\u0142o\u0144ska?"},"content":{"rendered":"<p>Hiobow\u0105 wie\u015b\u0107 przyni\u00f3s\u0142 Andrzej Stankiewicz, znany i ceniony publicysta Onetu. Platforma nie ma kandydat\u00f3w do prawybor\u00f3w.<!--more--> Poza Ma\u0142gorzat\u0105 Kidawa-B\u0142o\u0144sk\u0105 nie zg\u0142osi\u0142 si\u0119 nikt, a to oznacza kompromitacj\u0119 samej idei prawybor\u00f3w w PO, do kt\u00f3rej bardzo przekonany by\u0142 przewodnicz\u0105cy Schetyna, teraz namawiaj\u0105cy kandydat\u00f3w. Sama MK-B nie b\u0119dzie \u015bciga\u0107 si\u0119 ze sob\u0105. Podobno bliski decyzji jest Rados\u0142aw Sikorski (ja ju\u017c wiele lat temu pisa\u0142em, \u017ce nosi bu\u0142aw\u0119 marsza\u0142kowsk\u0105 w plecaku), ale to by\u0142o dawno i musia\u0142by ostro zaatakowa\u0107 Kidaw\u0119, \u017ceby j\u0105 pokona\u0107, a to nie zaskarbi mu poparcia.<\/p>\n<p>Marsza\u0142ek Senatu prof. Grodzki by\u0142by dobrym kandydatem, gdyby nie obowi\u0105zki w Senacie, kt\u00f3re niedawno podj\u0105\u0142 i nie mo\u017ce si\u0119 o\u015bmiesza\u0107. M\u00f3g\u0142by zg\u0142osi\u0107 si\u0119 sam\u2026 Schetyna, ale on jest niewybieralny. Wyb\u00f3r Tomasza Grodzkiego (cho\u0107 minimaln\u0105 wi\u0119kszo\u015bci\u0105), to sukces, dzi\u0119ki kt\u00f3remu Schetyna mo\u017ce przetrwa\u0107 do maja, a nawet nieco d\u0142u\u017cej, ale wtedy by\u0142by ju\u017c syndykiem masy upad\u0142o\u015bci Platformy, kt\u00f3r\u0105 b\u0119dzie odbudowywa\u0107 nowe pokolenie \u2013 Budka, Nitras i inni. Wygl\u0105da wi\u0119c na to, \u017ce Stankiewicz ma dobre rozeznanie. Prawybory s\u0105 pod znakiem zapytania.<\/p>\n<p>Co robi\u0107? Ucieka\u0107 do przodu. Jak najszybciej eksponowa\u0107 Kidaw\u0119-B\u0142o\u0144sk\u0105, wyposa\u017cy\u0107 j\u0105 (drobiazg!) w prosty, dobry program oraz przeprowadzi\u0107 kampani\u0119 z prawdziwego zdarzenia. Jedno i drugie jest ma\u0142o prawdopodobne, ale innej szansy nie ma. Wbrew obiegowym opiniom Andrzej Duda, cho\u0107 ma du\u017co za uszami, nie jest \u0142atwy do pokonania. Cho\u0107 w \u017cadnym razie nie nadaje si\u0119 na g\u0142ow\u0119 pa\u0144stwa, ma atuty \u2013 do\u015bwiadczenie wyborcze, pieni\u0105dze, media publiczne, machin\u0119 PiS, Ko\u015bci\u00f3\u0142. W II turze mo\u017ce wygra\u0107, jego szanse oceniam \u2013 niestety \u2013 najwy\u017cej. Niestety, bo to ju\u017c ostatnia szansa powstrzymania niedobrej zmiany.<\/p>\n","protected":false},"excerpt":{"rendered":"<p>Platforma nie ma kandydat\u00f3w do prawybor\u00f3w. Poza Ma\u0142gorzat\u0105 Kidawa-B\u0142o\u0144sk\u0105 nie zg\u0142osi\u0142 si\u0119 nikt, a to oznacza kompromitacj\u0119 samej idei prawybor\u00f3w w PO. <\/p>\n","protected":false},"author":4,"featured_media":5746,"comment_status":"open","ping_status":"closed","sticky":false,"template":"","format":"standard","meta":{"footnotes":""},"categories":[1],"tags":[],"_links":{"self":[{"href":"https:\/\/blog.polityka.pl\/passent\/wp-json\/wp\/v2\/posts\/5741"}],"collection":[{"href":"https:\/\/blog.polityka.pl\/passent\/wp-json\/wp\/v2\/posts"}],"about":[{"href":"https:\/\/blog.polityka.pl\/passent\/wp-json\/wp\/v2\/types\/post"}],"author":[{"embeddable":true,"href":"https:\/\/blog.polityka.pl\/passent\/wp-json\/wp\/v2\/users\/4"}],"replies":[{"embeddable":true,"href":"https:\/\/blog.polityka.pl\/passent\/wp-json\/wp\/v2\/comments?post=5741"}],"version-history":[{"count":7,"href":"https:\/\/blog.polityka.pl\/passent\/wp-json\/wp\/v2\/posts\/5741\/revisions"}],"predecessor-version":[{"id":5751,"href":"https:\/\/blog.polityka.pl\/passent\/wp-json\/wp\/v2\/posts\/5741\/revisions\/5751"}],"wp:featuredmedia":[{"embeddable":true,"href":"https:\/\/blog.polityka.pl\/passent\/wp-json\/wp\/v2\/media\/5746"}],"wp:attachment":[{"href":"https:\/\/blog.polityka.pl\/passent\/wp-json\/wp\/v2\/media?parent=5741"}],"wp:term":[{"taxonomy":"category","embeddable":true,"href":"https:\/\/blog.polityka.pl\/passent\/wp-json\/wp\/v2\/categories?post=5741"},{"taxonomy":"post_tag","embeddable":true,"href":"https:\/\/blog.polityka.pl\/passent\/wp-json\/wp\/v2\/tags?post=5741"}],"curies":[{"name":"wp","href":"https:\/\/api.w.org\/{rel}","templated":true}]}}