
{"id":5753,"date":"2019-11-20T23:02:56","date_gmt":"2019-11-20T22:02:56","guid":{"rendered":"https:\/\/passent.blog.polityka.pl\/?p=5753"},"modified":"2019-11-20T23:02:56","modified_gmt":"2019-11-20T22:02:56","slug":"promyk-nadziei","status":"publish","type":"post","link":"https:\/\/blog.polityka.pl\/passent\/2019\/11\/20\/promyk-nadziei\/","title":{"rendered":"Promyk nadziei"},"content":{"rendered":"<p>Donald Tusk bez problem\u00f3w zosta\u0142 przewodnicz\u0105cym EPP (Europejskiej Partii Ludowej), czyli chadecji \u2013 najwi\u0119kszej (acz topniej\u0105cej) frakcji w Parlamencie Europejskim. Szkoda Tuska, szkoda Polski.<br \/>\nAtlas by tego nie ud\u017awign\u0105\u0142. Rano orzeczenie Trybuna\u0142u Sprawiedliwo\u015bci Unii Europejskiej w sprawie pyta\u0144 z Polski, dotycz\u0105cych S\u0105du Najwy\u017cszego i Krajowej Rady S\u0105downictwa. Orzeczenie troch\u0119 salomonowe, gdy\u017c przenosi spraw\u0119 na barki polskiego S\u0105du Najwy\u017cszego. Autorzy z\u0142ej zmiany odetchn\u0119li z ulg\u0105 \u2013 werdykt nie \u201erozwi\u0105zuje\u201d ani  nie obala KRS, katastrofa od\u0142o\u017cona albo oddalona. Przeciwnicy z\u0142ej zmiany zadowoleni, podtrzymuj\u0105 si\u0119 na duchu, \u017ce sprawa jest , tylko kto inny ma j\u0105 rozpatrze\u0107. Jako laik, wola\u0142bym orzeczenie bardziej klarowne i jednoznaczne. Praktycznie sprawa ugrz\u0119\u017anie na lata.<br \/>\nSensacja: wicepremier Gowin nieoczekiwanie si\u0119  postawi\u0142 i Kaczy\u0144ski musia\u0142 wycofa\u0107 z Sejmu projekt ustawy o 30-krotno\u015bci przeci\u0119tnego wynagrodzenia w gospodarce (obecnie ok. 12 tys PLN)  jako g\u00f3rnej granicy p\u0142acenia sk\u0142adek do ZUS, \u017ceby w przysz\u0142o\u015bci garstka (ok. 350 tys.) najbogatszych nie naby\u0142a  prawa do astronomicznych emerytur. Rz\u0105d chcia\u0142, \u017ceby bogaci wp\u0142acali dalej, bo Morawiecki  za wszelk\u0105 cen\u0119 potrzebuje pieni\u0119dzy na spe\u0142nienie obietnic. A czy ZUS b\u0119dzie mia\u0142 pieni\u0105dze  na mega-emerytury, o to PiS-u g\u0142owa nie boli.<br \/>\n Nowo\u015bci z Wiejskiej. Paw\u0142owicz i Piotrowicz \u201eprzeszli\u201d (jak\u017ce by inaczej?) przez Sejmow\u0105 Komisj\u0119 Sprawiedliwo\u015bci i s\u0105 na najlepszej drodze do tak zwanego Trybuna\u0142u Konstytucyjnego. Dobre towarzystwo dla Julii Przy\u0142\u0119bskiej. Te kandydatury to afront dla ka\u017cdego rozumnego cz\u0142owieka, nagroda dla niszczycieli wymiaru sprawiedliwo\u015bci, \u201egest Kozakiewicza\u201d pokazany opinii publicznej. Kaczy\u0144ski pokaza\u0142, gdzie ma zdegustowanych i oburzonych. Dob\u00f3r negatywny w ca\u0142ej okaza\u0142o\u015bci.  Z niewiadomych przyczyn w ostatniej chwili PiS wycofa\u0142o kandydatur\u0119 bliskiego sobie prawnika, dra hab.  Roberta  Jastrz\u0119bskiego, zaledwie po kilku dniach (czy godzinach?) kandydowania. Poniewa\u017c wszystko dzieje sie za kulisami, nie wiemy co o tym my\u015ble\u0107? Czy\u017cby s\u0142u\u017cby co\u015b znalaz\u0142y?<br \/>\nZ ostatniej chwili: Pucz w Platformie? Kiedy Grzegorz Schetyna i (wydawa\u0142oby si\u0119) jedyna kandydatka do prawybor\u00f3w w PO,  Ma\u0142gorzata Kidawa-B\u0142o\u0144ska, znajdowali si\u0119 w Zagrzebiu na zje\u017adzie EPP, w Polsce wybuch\u0142a bomba. Do kandydowania  w prawyborach zg\u0142osi\u0142 si\u0119 Jacek Ja\u015bkowiak (55 lat), znany i ceniony prezydent Poznania, przedstawiciel centrolewicy w Platformie. Kidawa-B\u0142o\u0144ska zosta\u0142a ca\u0142kowicie zaskoczona, czy Schetyna co\u015b wiedzia\u0142 \u2013 nie wiem. Czy to zamach na Schetyn\u0119, kt\u00f3rego wielu uwa\u017ca za kul\u0119 u nogi Koalicji Obywatelskiej, czy te\u017c zamach Schetyny, \u017ceby uratowa\u0107 prawybory i siebie samego? Niezbadane s\u0105 wyroki.  Moim zdaniem, Ja\u015bkowiak mo\u017ce wygra\u0107 z Kidaw\u0105, a nast\u0119pnie z Andrzejem Dud\u0105. Najlepsza kandydatura, \u017ceby powstrzyma\u0107   z\u0142\u0105 zmian\u0119. A w ka\u017cdym razie, \u017ceby uratowa\u0107 prawybory.<\/p>\n","protected":false},"excerpt":{"rendered":"<p>Donald Tusk bez problem\u00f3w zosta\u0142 przewodnicz\u0105cym EPP (Europejskiej Partii Ludowej), czyli chadecji \u2013 najwi\u0119kszej (acz topniej\u0105cej) frakcji w Parlamencie Europejskim. Szkoda Tuska, szkoda Polski. Atlas by tego nie ud\u017awign\u0105\u0142. Rano orzeczenie Trybuna\u0142u Sprawiedliwo\u015bci Unii Europejskiej w sprawie pyta\u0144 z Polski, dotycz\u0105cych S\u0105du Najwy\u017cszego i Krajowej Rady S\u0105downictwa. Orzeczenie troch\u0119 salomonowe, gdy\u017c przenosi spraw\u0119 na barki [&hellip;]<\/p>\n","protected":false},"author":4,"featured_media":0,"comment_status":"open","ping_status":"closed","sticky":false,"template":"","format":"standard","meta":{"footnotes":""},"categories":[1],"tags":[],"_links":{"self":[{"href":"https:\/\/blog.polityka.pl\/passent\/wp-json\/wp\/v2\/posts\/5753"}],"collection":[{"href":"https:\/\/blog.polityka.pl\/passent\/wp-json\/wp\/v2\/posts"}],"about":[{"href":"https:\/\/blog.polityka.pl\/passent\/wp-json\/wp\/v2\/types\/post"}],"author":[{"embeddable":true,"href":"https:\/\/blog.polityka.pl\/passent\/wp-json\/wp\/v2\/users\/4"}],"replies":[{"embeddable":true,"href":"https:\/\/blog.polityka.pl\/passent\/wp-json\/wp\/v2\/comments?post=5753"}],"version-history":[{"count":1,"href":"https:\/\/blog.polityka.pl\/passent\/wp-json\/wp\/v2\/posts\/5753\/revisions"}],"predecessor-version":[{"id":5754,"href":"https:\/\/blog.polityka.pl\/passent\/wp-json\/wp\/v2\/posts\/5753\/revisions\/5754"}],"wp:attachment":[{"href":"https:\/\/blog.polityka.pl\/passent\/wp-json\/wp\/v2\/media?parent=5753"}],"wp:term":[{"taxonomy":"category","embeddable":true,"href":"https:\/\/blog.polityka.pl\/passent\/wp-json\/wp\/v2\/categories?post=5753"},{"taxonomy":"post_tag","embeddable":true,"href":"https:\/\/blog.polityka.pl\/passent\/wp-json\/wp\/v2\/tags?post=5753"}],"curies":[{"name":"wp","href":"https:\/\/api.w.org\/{rel}","templated":true}]}}