
{"id":576,"date":"2009-06-07T23:21:42","date_gmt":"2009-06-07T21:21:42","guid":{"rendered":"http:\/\/passent.blog.polityka.pl\/?p=576"},"modified":"2009-06-07T23:21:42","modified_gmt":"2009-06-07T21:21:42","slug":"blizej-europy","status":"publish","type":"post","link":"https:\/\/blog.polityka.pl\/passent\/2009\/06\/07\/blizej-europy\/","title":{"rendered":"Bli\u017cej Europy"},"content":{"rendered":"<p><strong>Po  wyborach 7 czerwca jeste\u015bmy nieco bli\u017cej Europy. Zadecydowa\u0142a o tym przede wszystkim frekwencja, kt\u00f3ra \u015bwiadczy, \u017ce coraz wi\u0119cej os\u00f3b zdaje sobie spraw\u0119, \u017ce Europa to my, \u017ce nie tylko Unia Europejska ma obowi\u0105zki wobec nas, ale i my wobec Unii, \u017ce spo\u0142ecze\u0144stwo obywatelskie to spo\u0142ecze\u0144stwo aktywne<\/strong>.<\/p>\n<p>Powody do satysfakcji mamy tym wi\u0119ksze, \u017ce kampania by\u0142a brudna i niemerytoryczna. Opozycja zwalcza\u0142a rz\u0105d na gruncie wewn\u0119trznym &#8211; za nier\u00f3bstwo, lekcewa\u017cenie kryzysu gospodarczego, bezczynno\u015b\u0107, nieudolno\u015b\u0107 i lekcewa\u017cenie rzekomego zagro\u017cenia ze strony Niemiec. Wybory zbieg\u0142y si\u0119 z <a href=\"http:\/\/www.polityka.pl\/pekniety-pomnik\/Lead33,933,292561,18\/\" target=\"_blank\"><strong>XX rocznic\u0105 wybor\u00f3w z 1989 roku<\/strong><\/a> do Sejmu &#8222;kontraktowego&#8221;, co  jeszcze bardziej sprzyja\u0142o rozdarciu na arenie wewn\u0119trznej. Z jednej strony PiS i Solidarno\u015b\u0107  pod wodz\u0105 braci Kaczy\u0144skich w Gda\u0144sku, z drugiej Platforma z premierem, Havlem, kanclerz Merkel, premier Tymoszenko  i innymi znakomito\u015bciami w Krakowie.<\/p>\n<p>W trakcie kampanii dosz\u0142o do kilku nadu\u017cy\u0107 \u2013 Jaros\u0142aw Kaczy\u0144ski insynuowa\u0142, \u017ce Platforma nie jest parti\u0105 polsk\u0105, a ma\u0142o wyszukany spot Platformy pokazywa\u0142, \u017ce PiS ma fundusze europejskie w \u015bwi\u0144skim zadku. Platformie pomog\u0142y pomy\u015blne wyniki gospodarcze za I kwarta\u0142.  W przeddzie\u0144 wybor\u00f3w przyw\u00f3dcy obu oboz\u00f3w schowali pazury. Prezydent wyg\u0142osi\u0142 bezbarwne or\u0119dzie, a Tusk dzi\u0119kowa\u0142 Lechowi Kaczy\u0144skiemu za to, \u017ce w tamtych czasach \u201epomaga\u0142 Wa\u0142\u0119sie\u201d. Nie wiem, czy sprowadzenie Kaczy\u0144skiego do roli pomocnika Wa\u0142\u0119sy nie zabola\u0142o przewra\u017cliwionego prezydenta, ale je\u015bli tak, to nie da\u0142 po sobie pozna\u0107. Na pewno nie zapomni, gdy\u017c jest pami\u0119tliwy.<\/p>\n<p>Nieprzyjemna kampania mog\u0142a zaowocowa\u0107 nisk\u0105 frekwencj\u0105, gdy\u017c wszelkie badania wskazuj\u0105,  spo\u0142ecze\u0144stwo nisko ocenia polityk\u00f3w, najwy\u017csze instancje, w tym prezydenta, rz\u0105d i Sejm, a tak\u017ce w\u0142adze s\u0105downicze \u2013 czyli ca\u0142y tr\u00f3jpodzia\u0142 w\u0142adz. Monteskiusz nie by\u0142by zadowolony. Mamy kryzys zaufania i kryzys pa\u0144stwa. By\u0142oby wi\u0119c naturalne, gdyby frekwencja by\u0142a niska. A jednak znaczna cz\u0119\u015b\u0107 spo\u0142ecze\u0144stwa zda\u0142a egzamin id\u0105c do wybor\u00f3w. Frekwencja oko\u0142o 27-28 proc., jest wy\u017csza ni\u017c 5 lat temu, wy\u017csza od oczekiwa\u0144, aczkolwiek wyra\u017anie poni\u017cej przeci\u0119tnej w Unii (oko\u0142o 43 proc.). Jest pow\u00f3d do zadowolenia, ale nie do entuzjazmu. Drugi pow\u00f3d do zadowolenia ma prawica, zw\u0142aszcza chadecja w Parlamencie Europejskim (Merkel, Sarkozy, Tusk), co znacznie zwi\u0119ksza szanse Jerzego Buzka na przewodnicz\u0105cego PE.<\/p>\n<p>Podobne nastroje panuj\u0105  chyba w poszczeg\u00f3lnych partiach politycznych w Polsce. (Wszystko, co pisz\u0119 w tym komentarzu, oparte jest na <a href=\"http:\/\/www.polityka.pl\/wybory-do-parlamentu-europejskiego\/Lead33,933,293331,18\/\" target=\"_blank\"><strong>szacunkach tu\u017c po zako\u0144czeniu wybor\u00f3w, o godz. 22.30<\/strong><\/a>). Platforma mo\u017ce by\u0107 zadowolona, \u017ce wybory wygra\u0142a (oko\u0142o 45 %, 24 mandaty), zdoby\u0142a wi\u0119cej g\u0142os\u00f3w  ni\u017c w wyborach parlamentarnych dwa lata temu, co jest sukcesem dla partii rz\u0105dz\u0105cej, aczkolwiek nieco poni\u017cej oczekiwa\u0144, gdy\u017c w niekt\u00f3rych badaniach przekracza\u0142a nawet 50% i wyprzedza\u0142a PiS o ponad 20%. A wi\u0119c zadowolenie, ale bez entuzjazmu. Platforma otrzyma\u0142a mandat zaufania i mo\u017ce nadal z czystym sumieniem rz\u0105dzi\u0107.<\/p>\n<p>Tak\u017ce Prawo i Sprawiedliwo\u015b\u0107  ma powody do satysfakcji, \u201enie jest  \u017ale\u201d, jak oceni\u0142 prezes J.K. Prawie 30 proc. g\u0142os\u00f3w to wi\u0119cej ni\u017c wskazywa\u0142y sonda\u017ce, aczkolwiek zdarza\u0142y si\u0119 rozczarowania, jak nokaut Micha\u0142a Kami\u0144skiego (ok. 10% g\u0142os\u00f3w) z r\u0105k Danuty Huebner (43%) w Warszawie. Prawo i Sprawiedliwo\u015b\u0107 pozostaje zdecydowanie najwa\u017cniejsz\u0105 parti\u0105 opozycji,  nie zosta\u0142o ukarane, prezes Kaczy\u0144ski mo\u017ce by\u0107 zadowolony, natomiast dysydenci \u2013 Ludwik Dorn, Marek Jurek \u2013 musz\u0105 jeszcze na kryzys w PiS poczeka\u0107. W sumie \u2013 zadowolenie, bez entuzjazmu, bo liczono na wi\u0119cej.<\/p>\n<p>Sojusz lewicy Demokratycznej\/Unia Pracy zebra\u0142 oko\u0142o 12 % g\u0142os\u00f3w \u2013 to wynik nienajgorszy, pozycja Grzegorza Napieralskiego pozostaje niezagro\u017cona. Podobnie PSL \u2013 8%.<\/p>\n<p>Wsz\u0119dzie zadowolenie bez entuzjazmu.<\/p>\n<p>W sumie wybory potwierdzi\u0142y stabilizacj\u0119 na polskiej scenie politycznej. Mi\u0142ym akcentem by\u0142y kurtuazyjne gratulacje ze strony premiera Tuska i prezesa Kaczy\u0144skiego. Dzi\u0119ki niez\u0142ej frekwencji i zwyci\u0119stwu Platformy  (a wi\u0119c i jej roli w europejskiej chadecji) pozycja Polski w Unii nie dozna\u0142a uszczerbku, raczej zosta\u0142a wzmocniona. Na arenie wewn\u0119trznej  nic nie zosta\u0142o rozstrzygni\u0119te, od poniedzia\u0142ku mo\u017cemy si\u0119 spodziewa\u0107 wi\u0119cej tego samego. Z kampanii europejskiej przechodzimy do kampanii prezydenckiej. Ciszy powyborczej nie b\u0119dzie.<\/p>\n","protected":false},"excerpt":{"rendered":"<p>Po wyborach 7 czerwca jeste\u015bmy nieco bli\u017cej Europy. Zadecydowa\u0142a o tym przede wszystkim frekwencja, kt\u00f3ra \u015bwiadczy, \u017ce coraz wi\u0119cej os\u00f3b zdaje sobie spraw\u0119, \u017ce Europa to my, \u017ce nie tylko Unia Europejska ma obowi\u0105zki wobec nas, ale i my wobec Unii, \u017ce spo\u0142ecze\u0144stwo obywatelskie to spo\u0142ecze\u0144stwo aktywne. Powody do satysfakcji mamy tym wi\u0119ksze, \u017ce kampania [&hellip;]<\/p>\n","protected":false},"author":4,"featured_media":0,"comment_status":"open","ping_status":"open","sticky":false,"template":"","format":"standard","meta":{"footnotes":""},"categories":[1],"tags":[],"_links":{"self":[{"href":"https:\/\/blog.polityka.pl\/passent\/wp-json\/wp\/v2\/posts\/576"}],"collection":[{"href":"https:\/\/blog.polityka.pl\/passent\/wp-json\/wp\/v2\/posts"}],"about":[{"href":"https:\/\/blog.polityka.pl\/passent\/wp-json\/wp\/v2\/types\/post"}],"author":[{"embeddable":true,"href":"https:\/\/blog.polityka.pl\/passent\/wp-json\/wp\/v2\/users\/4"}],"replies":[{"embeddable":true,"href":"https:\/\/blog.polityka.pl\/passent\/wp-json\/wp\/v2\/comments?post=576"}],"version-history":[{"count":0,"href":"https:\/\/blog.polityka.pl\/passent\/wp-json\/wp\/v2\/posts\/576\/revisions"}],"wp:attachment":[{"href":"https:\/\/blog.polityka.pl\/passent\/wp-json\/wp\/v2\/media?parent=576"}],"wp:term":[{"taxonomy":"category","embeddable":true,"href":"https:\/\/blog.polityka.pl\/passent\/wp-json\/wp\/v2\/categories?post=576"},{"taxonomy":"post_tag","embeddable":true,"href":"https:\/\/blog.polityka.pl\/passent\/wp-json\/wp\/v2\/tags?post=576"}],"curies":[{"name":"wp","href":"https:\/\/api.w.org\/{rel}","templated":true}]}}