
{"id":5769,"date":"2019-11-26T13:04:20","date_gmt":"2019-11-26T12:04:20","guid":{"rendered":"https:\/\/passent.blog.polityka.pl\/?p=5769"},"modified":"2019-11-27T18:19:20","modified_gmt":"2019-11-27T17:19:20","slug":"strzelanie-z-luku","status":"publish","type":"post","link":"https:\/\/blog.polityka.pl\/passent\/2019\/11\/26\/strzelanie-z-luku\/","title":{"rendered":"Strzelanie z \u0142uku"},"content":{"rendered":"\n<p>\u015arodowiska narodowo-patriotyczne od lat dr\u0105\u017c\u0105 ide\u0119 uczczenia zwyci\u0119skiej wojny 1920 roku przy pomocy budowy&nbsp;\u0142uku triumfalnego w Warszawie. By\u0142 nawet projekt, \u017ceby taki \u0142uk zbudowa\u0107 na Wi\u015ble, \u017ceby \u0142\u0105czy\u0142 dwa jej brzegi, jako i\u017c rzeka nie podlega w\u0142adzom Warszawy i \u0142atwiej b\u0119dzie uzyska\u0107 zgod\u0119 odpowiednich w\u0142adz s\u0142odkowodnych.<\/p>\n\n\n\n<p>Autorzy i zwolennicy pomys\u0142u usi\u0142uj\u0105 szanta\u017cowa\u0107: Jeste\u015b przeciwny uczczeniu zwyci\u0119stwa nad bolszewikami, to znaczy, \u017ce jeste\u015b ich spadkobierc\u0105, nie jeste\u015b patriot\u0105. \u015awiadomy ryzyka, pozwol\u0119 sobie zabra\u0107 g\u0142os na \u201enie\u201d. Zwolennicy \u0142uku dr\u0105\u017cyli,\u00a0dr\u0105\u017cyli, a\u017c si\u0119 wdr\u0105\u017cyli, bo mamy narodowo-patriotyczny rz\u0105d, kt\u00f3ry pragnie pozostawi\u0107 po sobie rozmaite muzea,\u00a0pomniki i wielkie budowle.\u00a0Polityka historyczna to oczko w g\u0142owie rz\u0105du, premier Morawiecki ju\u017c wp\u0142aci\u0142 (z w\u0142asnej kieszeni, kt\u00f3ra jest g\u0142\u0119boka), a\u00a0minister Dera zapowiedzia\u0142 poparcie ze strony prezydenta Dudy.<\/p>\n\n\n\n<p>Wicepremier Piotr Gli\u0144ski podsumowa\u0142 niedawno, jaki ruch panuje w\u00a0 budownictwie muzealnym: Instytut Solidarno\u015bci i M\u0119stwa im. Witolda Pileckiego (kt\u00f3ry zaledwie trzy miesi\u0105ce temu otworzy\u0142 sw\u00f3j oddzia\u0142 w Berlinie, kolejne planuje w Nowym Jorku i Tel Awiwie), Narodowy Instytut Polskiego Dziedzictwa Kulturowego za Granic\u0105, POLONIKA, Instytut Literatury, Narodowy Instytut Urbanistyki i Architektury, Polska Opera Kr\u00f3lewska, Muzeum Historii Polski na Cytadeli w Warszawie i wiele innych.<\/p>\n\n\n\n<p>Moim zdaniem \u0142uk nie jest konieczny, wszak istniej\u0105 ju\u017c plany budowy pomnika na Rozdro\u017cu w Warszawie. Umiarkowany sukces pomnik\u00f3w na placu Pi\u0142sudskiego (schodki pami\u0119ci ofiar tragedii smole\u0144skiej oraz pomnik prezydenta Lecha Kaczy\u0144skiego), tak\u017ce nie jest zach\u0119t\u0105 do kolejnej du\u017cej ingerencji w urod\u0119 Warszawy.<\/p>\n\n\n\n<p>W dziedzinie polityki patriotycznej i pami\u0119ci historycznej dzieje si\u0119 wiele, a jednocze\u015bnie ka\u017cdego dnia jeste\u015bmy alarmowani, \u017ce mamy zapa\u015b\u0107 w dziedzinie psychiatrii dzieci\u0119cej, chore dzieci \u015bpi\u0105 na korytarzach, brakuje ju\u017c korytarzy, na oddzia\u0142ach onkologii pacjenci \u2013 cz\u0119sto przyjezdni \u2013 t\u0142ocz\u0105 si\u0119 w korytarzach w oczekiwaniu na wizyt\u0119 lub zabieg. Pod wzgl\u0119dem liczby lekarzy i \u0142\u00f3\u017cek na geriatrii jeste\u015bmy w ogonie Europy.<\/p>\n\n\n\n<p>Czy zamiast fundowa\u0107 \u0142uk,\u00a0nie lepiej\u00a0by\u0142oby z\u0142o\u017cy\u0107 si\u0119 na budow\u0119 mostu, osiedla mieszkaniowego im. Zwyci\u0119stwa 1920 roku,\u00a0szko\u0142\u0119 dla dzieci z niesprawno\u015bciami lub dom spokojnej staro\u015bci dla ludzi, kt\u00f3rzy do\u017cywaj\u0105 swoich dni w biedzie, chorobie i zapomnieniu? Rz\u0105d k\u0142adzie du\u017cy nacisk na godno\u015b\u0107, prowadzi polityk\u0119 godno\u015bciow\u0105, premier Morawiecki powiedzia\u0142 niedawno w <em>expos\u00e9<\/em>, \u017ce stan finans\u00f3w publicznych jest \u201egodny\u201d. Mo\u017ce wi\u0119c zamiast strzela\u0107 z \u0142uku, pozw\u00f3lmy ludziom godnie \u017cy\u0107 i umiera\u0107.<\/p>\n","protected":false},"excerpt":{"rendered":"<p>\u015arodowiska narodowo-patriotyczne od lat dr\u0105\u017c\u0105 ide\u0119 uczczenia zwyci\u0119skiej wojny 1920 roku przy pomocy budowy&nbsp;\u0142uku triumfalnego w Warszawie. By\u0142 nawet projekt, \u017ceby taki \u0142uk zbudowa\u0107 na Wi\u015ble, \u017ceby \u0142\u0105czy\u0142 dwa jej brzegi, jako i\u017c rzeka nie podlega w\u0142adzom Warszawy i \u0142atwiej b\u0119dzie uzyska\u0107 zgod\u0119 odpowiednich w\u0142adz s\u0142odkowodnych. Autorzy i zwolennicy pomys\u0142u usi\u0142uj\u0105 szanta\u017cowa\u0107: Jeste\u015b przeciwny uczczeniu [&hellip;]<\/p>\n","protected":false},"author":4,"featured_media":5774,"comment_status":"open","ping_status":"closed","sticky":false,"template":"","format":"standard","meta":{"footnotes":""},"categories":[1],"tags":[],"_links":{"self":[{"href":"https:\/\/blog.polityka.pl\/passent\/wp-json\/wp\/v2\/posts\/5769"}],"collection":[{"href":"https:\/\/blog.polityka.pl\/passent\/wp-json\/wp\/v2\/posts"}],"about":[{"href":"https:\/\/blog.polityka.pl\/passent\/wp-json\/wp\/v2\/types\/post"}],"author":[{"embeddable":true,"href":"https:\/\/blog.polityka.pl\/passent\/wp-json\/wp\/v2\/users\/4"}],"replies":[{"embeddable":true,"href":"https:\/\/blog.polityka.pl\/passent\/wp-json\/wp\/v2\/comments?post=5769"}],"version-history":[{"count":9,"href":"https:\/\/blog.polityka.pl\/passent\/wp-json\/wp\/v2\/posts\/5769\/revisions"}],"predecessor-version":[{"id":5782,"href":"https:\/\/blog.polityka.pl\/passent\/wp-json\/wp\/v2\/posts\/5769\/revisions\/5782"}],"wp:featuredmedia":[{"embeddable":true,"href":"https:\/\/blog.polityka.pl\/passent\/wp-json\/wp\/v2\/media\/5774"}],"wp:attachment":[{"href":"https:\/\/blog.polityka.pl\/passent\/wp-json\/wp\/v2\/media?parent=5769"}],"wp:term":[{"taxonomy":"category","embeddable":true,"href":"https:\/\/blog.polityka.pl\/passent\/wp-json\/wp\/v2\/categories?post=5769"},{"taxonomy":"post_tag","embeddable":true,"href":"https:\/\/blog.polityka.pl\/passent\/wp-json\/wp\/v2\/tags?post=5769"}],"curies":[{"name":"wp","href":"https:\/\/api.w.org\/{rel}","templated":true}]}}