
{"id":5784,"date":"2019-11-28T22:51:35","date_gmt":"2019-11-28T21:51:35","guid":{"rendered":"https:\/\/passent.blog.polityka.pl\/?p=5784"},"modified":"2019-12-02T14:48:36","modified_gmt":"2019-12-02T13:48:36","slug":"pacjent-czuje-sie-dobrze","status":"publish","type":"post","link":"https:\/\/blog.polityka.pl\/passent\/2019\/11\/28\/pacjent-czuje-sie-dobrze\/","title":{"rendered":"Pacjent czuje si\u0119 dobrze"},"content":{"rendered":"\n<p>Nie ma sprawiedliwo\u015bci na tym \u015bwiecie. Pewien czytelnik, kt\u00f3ry nas czyta od lat ponad 40, naukowiec mieszkaj\u0105cy\u00a0od lat kilkudziesi\u0119ciu za granic\u0105, zach\u0119ca mnie do zagl\u0105dania na stron\u0119 Scholar.google.com, gdzie m.in. podawane s\u0105 liczby cytowa\u0144 poszczeg\u00f3lnych prac naukowych. Wiadomo, \u017ce liczba cytowa\u0144\u00a0nie zawsze jest miarodajna i w \u017cadnym razie nie nale\u017cy jej fetyszyzowa\u0107, ale jakie\u015b poj\u0119cie daje.<\/p>\n\n\n\n<!--more-->\n\n\n\n<p>Oto praca prof. Krystyny Paw\u0142owicz \u201eOrganizacja mi\u0119dzynarodowa i prawo przez ni\u0105 stosowane (\u2026)\u201d z 2004 r.\u00a0cytowana by\u0142a dotychczas 2 (dwa) razy w ci\u0105gu 15 lat. Natomiast praca Zygmunta Baumana \u201eLiquid Modernity\u201d (2016) mia\u0142a ju\u017c 16\u00a0tys. (szesna\u015bcie tysi\u0119cy) cytowa\u0144. Oczywi\u015bcie tylko dlatego, \u017ce lansuj\u0105 j\u0105 \u201eokre\u015blone ko\u0142a\u201d. Zachodnia mafia postkomunist\u00f3w i libera\u0142\u00f3w nader jest jak wida\u0107 skuteczna. To wynik lepszy ni\u017c 27:1.<\/p>\n\n\n\n<p>Wiadomo\u015b\u0107 na temat liczby cytowa\u0144 P&amp;P polecam Panu Prezydentowi, kt\u00f3ry wkr\u00f3tce b\u0119dzie musia\u0142 opowiedzie\u0107 si\u0119 swoim podpisem pod nominacj\u0105 duetu Paw\u0142owicz\u2013Piotrowicz do Trybuna\u0142u Konstytucyjnego. Zwolennicy nominacji podkre\u015blaj\u0105 wysokie kompetencje wy\u017cej wymienionych. Paw\u0142owicz \u2013 m\u00f3wi\u0105 \u2013 bywa niezno\u015bna, ale to \u015bwietna prawniczka. Piotrowicz mo\u017ce i by\u0142 komuchem, ale nie spos\u00f3b odm\u00f3wi\u0107 mu kompetencji. Andrzej Duda, jaki jest, taki jest, ale to Ph.D. z najstarszego uniwersytetu w Polsce. Itd. itp.<\/p>\n\n\n\n<p>Inne krzepi\u0105ce nowiny. W \u201eRzeczpospolitej\u201d kilka dni temu pisano o \u201echaosie w zbrojeni\u00f3wce\u201d. Dzisiaj ci\u0105g dalszy pt. \u201eMarynarka Wojenna idzie na dno\u201d. To gazeta, kt\u00f3rej\u00a0nie spos\u00f3b czyta\u0107 bez kamizelki kuloodpornej i ko\u0142a ratunkowego. Co prawda wszyscy o tym wiedz\u0105 od lat i\u00a0nawet jedno wodowanie nowej jednostki p\u0142ywaj\u0105cej nie czyni wiosny, ale co innego us\u0142ysze\u0107 w tramwaju, a\u00a0co innego przeczyta\u0107 w najpowa\u017cniejszej gazecie codziennej. Przed lektur\u0105 artyku\u0142u o si\u0142ach powietrznych warto mie\u0107 pod r\u0119k\u0105 spadochron.<\/p>\n\n\n\n<p>Kolejny sukces za rogiem to \u0142uk triumfalny\u00a0ku czci Bitwy Warszawskiej. Sprawa jest jasna: kto jest \u201eza\u201d, ten jest patriot\u0105, kto jest \u201eprzeciw\u201d, ten jest spadkobierc\u0105 zaborc\u00f3w, Targowica to ma\u0142o powiedziane. Temat ten mnie nie bulwersuje, premier Morawiecki ju\u017c wp\u0142aci\u0142 z w\u0142asnej kieszeni (a ma z czego\u2026), prezydencki minister zapowiedzia\u0142 poparcie g\u0142owy pa\u0144stwa. \u017baden, oczywi\u015bcie, nie \u015bmie mie\u0107 w\u0105tpliwo\u015bci, zaraz by go prawdziwi patrioci wzi\u0119li w obroty, a wybory tu\u017c-tu\u017c. Ciekawe, czy gdyby publicznie zawiesi\u0107 na symbolicznej szubienicy podobizny prezydenta, premiera i prezesa, to r\u00f3wnie\u017c wtedy prokuratura \u2013 po dwuletnim namy\u015ble &#8211; uzna\u0142aby to za dzie\u0142o artystyczne?<\/p>\n\n\n\n<p>Co mi si\u0119 w naszej prokuraturze podoba, to \u017ce nie jest rychliwa, ale za to jest sprawiedliwa i bezstronna. Prawie rok zastanawia\u0142a si\u0119, czy przes\u0142ucha\u0107 Jaros\u0142awa Kaczy\u0144skiego \u2013 g\u0142\u00f3wn\u0105 posta\u0107 z ul. Srebrnej \u2013 czy te\u017c stch\u00f3rzy\u0107. I stch\u00f3rzy\u0142a. To kolejny sukces wymiaru prawa i sprawiedliwo\u015bci <em>\u00e0<\/em> la \u201epan jest zerem\u201d. Godna podziwu jest wra\u017cliwo\u015b\u0107\u00a0artystyczna prokuratury &#8211; najpierw dostrzega w swastyce symbol z innej cywilizacji, teraz widzi w szubienicy tzw. efekt Norblina.<\/p>\n\n\n\n<p>Kolejny sukces wy\u017cej\u00a0wymienionych nazywa si\u0119 Bana\u015b. Marian Bana\u015b. CBA potrzebowa\u0142o 6 (sze\u015bciu) miesi\u0119cy, \u017ceby sprawdzi\u0107 jego o\u015bwiadczenia\u00a0 maj\u0105tkowe. Niez\u0142y to musi by\u0107 maj\u0105tek, mo\u017ce wi\u0119kszy od maj\u0105tku ma\u0142\u017conki premiera albo marsza\u0142ka\u00a0Senatu. Marsza\u0142ek jest przynajmniej wzi\u0119tym chirurgiem,\u00a0a Bana\u015b te\u017c operuje, ale na zapleczu PiS. Ostatnio dokona\u0142 transplantacji\u00a0dw\u00f3ch polityk\u00f3w PiS do NIK. Przeszczep si\u0119 przyj\u0105\u0142. Pod troskliw\u0105 opiek\u0105 pacjent czuje si\u0119 dobrze. Ju\u017c chodzi do pracy.<\/p>\n\n\n\n<p><strong>Zaproszenie<\/strong><br>Profesor Ma\u0142gorzata Omilanowska (by\u0142a minister kultury), red. red. Micha\u0142 Broniatowski \u00a0(\u201ePolitico\u201d) i Pawe\u0142 Wro\u0144ski (&#8222;Gazeta Wyborcza&#8221;) b\u0119d\u0105 naszymi go\u015b\u0107mi w TOK FM. Niedziela 1 grudnia, godz. 10:05.<\/p>\n","protected":false},"excerpt":{"rendered":"<p>Nie ma sprawiedliwo\u015bci na tym \u015bwiecie. Pewien czytelnik, kt\u00f3ry nas czyta od lat ponad 40, naukowiec mieszkaj\u0105cy\u00a0od lat kilkudziesi\u0119ciu za granic\u0105, zach\u0119ca mnie do zagl\u0105dania na stron\u0119 Scholar.google.com, gdzie m.in. podawane s\u0105 liczby cytowa\u0144 poszczeg\u00f3lnych prac naukowych. Wiadomo, \u017ce liczba cytowa\u0144\u00a0nie zawsze jest miarodajna i w \u017cadnym razie nie nale\u017cy jej fetyszyzowa\u0107, ale jakie\u015b poj\u0119cie [&hellip;]<\/p>\n","protected":false},"author":4,"featured_media":5788,"comment_status":"open","ping_status":"closed","sticky":false,"template":"","format":"standard","meta":{"footnotes":""},"categories":[1],"tags":[],"_links":{"self":[{"href":"https:\/\/blog.polityka.pl\/passent\/wp-json\/wp\/v2\/posts\/5784"}],"collection":[{"href":"https:\/\/blog.polityka.pl\/passent\/wp-json\/wp\/v2\/posts"}],"about":[{"href":"https:\/\/blog.polityka.pl\/passent\/wp-json\/wp\/v2\/types\/post"}],"author":[{"embeddable":true,"href":"https:\/\/blog.polityka.pl\/passent\/wp-json\/wp\/v2\/users\/4"}],"replies":[{"embeddable":true,"href":"https:\/\/blog.polityka.pl\/passent\/wp-json\/wp\/v2\/comments?post=5784"}],"version-history":[{"count":7,"href":"https:\/\/blog.polityka.pl\/passent\/wp-json\/wp\/v2\/posts\/5784\/revisions"}],"predecessor-version":[{"id":5795,"href":"https:\/\/blog.polityka.pl\/passent\/wp-json\/wp\/v2\/posts\/5784\/revisions\/5795"}],"wp:featuredmedia":[{"embeddable":true,"href":"https:\/\/blog.polityka.pl\/passent\/wp-json\/wp\/v2\/media\/5788"}],"wp:attachment":[{"href":"https:\/\/blog.polityka.pl\/passent\/wp-json\/wp\/v2\/media?parent=5784"}],"wp:term":[{"taxonomy":"category","embeddable":true,"href":"https:\/\/blog.polityka.pl\/passent\/wp-json\/wp\/v2\/categories?post=5784"},{"taxonomy":"post_tag","embeddable":true,"href":"https:\/\/blog.polityka.pl\/passent\/wp-json\/wp\/v2\/tags?post=5784"}],"curies":[{"name":"wp","href":"https:\/\/api.w.org\/{rel}","templated":true}]}}