
{"id":579,"date":"2009-06-15T11:13:23","date_gmt":"2009-06-15T09:13:23","guid":{"rendered":"http:\/\/passent.blog.polityka.pl\/?p=579"},"modified":"2009-06-15T11:13:23","modified_gmt":"2009-06-15T09:13:23","slug":"gafa-grasia","status":"publish","type":"post","link":"https:\/\/blog.polityka.pl\/passent\/2009\/06\/15\/gafa-grasia\/","title":{"rendered":"Gafa Grasia"},"content":{"rendered":"<p>To nies\u0142ychane: rzecznik rz\u0105du, Pawe\u0142 Gra\u015b, zapowiedzia\u0142 ju\u017c oficjaln\u0105 interwencj\u0119 w sprawie artyku\u0142u we &#8222;Frankfurter Allgemeine Zeitung&#8221;. W tek\u015bcie tym warszawski korespondent FAZ, Konrad Schuler, okre\u015bli\u0142 Jaros\u0142awa Kaczy\u0144skiego jako \u201eGrimmigste der Grimmingen, der national-konservative\u201d. Wedle r\u00f3\u017cnych s\u0142ownik\u00f3w, \u201eGrimmig\u201d znaczy \u201ezawzi\u0119ty, straszny\u201d i nie widz\u0119 powodu, by rzecznik rz\u0105du polskiego mia\u0142 zabiera\u0107 w tej sprawie g\u0142os, w dodatku zapowiadaj\u0105c interwencj\u0119 polskiego MSZ.<\/p>\n<p>Po pierwsze, dziennikarz  mia\u0142 prawo tak napisa\u0107. Wystarczy przypomnie\u0107, \u017ce  prezes PiS sugerowa\u0142, i\u017c Platforma nie jest parti\u0105 polsk\u0105. Wystarczy zacytowa\u0107, jakich s\u0142\u00f3w u\u017cywa si\u0119 w mediach polskich pod adresem polityk\u00f3w. Okre\u015blenia \u201estraszny, zawzi\u0119ty\u201d nie s\u0105 dzi\u015b niczym nadzwyczajnym. Autor ma prawo do takich ocen, korzystaj\u0105 z nich tak\u017ce polskie media. Gdyby gazeta niemiecka okre\u015bli\u0142a np. polskiego premiera, \u017ce jest \u201eob\u0142y, m\u0119tny, galaretowaty, niedookre\u015blony, \u017c\u0105dny w\u0142adzy\u201d, to r\u00f3wnie\u017c nie by\u0142oby przyczyn\u0105 do interwencji w\u0142adz polskich.<\/p>\n<p>Wypowied\u017a min. Grasia \u015bwiadczy o tym, \u017ce albo nie rozumie on na czym polegaj\u0105 wolne media, albo uwa\u017ca polskiego polityka za \u015bwi\u0119t\u0105 krow\u0119. Ani jedno, ani drugie nie przystoi rzecznikowi rz\u0105du. Przypomnijmy, \u017ce by\u0142a ju\u017c afera \u201ekartoflana\u201d, o du\u017co mniej eleganckie okre\u015blenie polskiego prezydenta. Ob\u00f3z rz\u0105dowy w\u00f3wczas si\u0119 zagotowa\u0142, prezydent nie pojecha\u0142 na spotkanie Tr\u00f3jk\u0105ta Weimarskiego, a \u00f3wczesny przewodnicz\u0105cy klubu poselskiego PiS , p. Gosiewski, zapowiada\u0142 wys\u0142anie europejskiego listu go\u0144czego za autorami z \u201eTageszeitung\u201d. Ostatecznie nic z tych bu\u0144czucznych zapowiedzi nie wysz\u0142o i mam nadzieje, \u017ce i tym razem min. Gra\u015b si\u0119 zagalopowa\u0142.<\/p>\n<p>Racj\u0119 ma Kai-Olaf Lange, ekspert w stosunkach polsko &#8211; niemieckich, kt\u00f3ry powiedzia\u0142, \u017ce Platforma ma dylemat: chce patrze\u0107 trze\u017awo na  Niemcy, a jednocze\u015bnie nie chce uchodzi\u0107 za mniej patriotyczn\u0105 ni\u017c PiS. Moim zdaniem rz\u0105d i MSZ maj\u0105 du\u017co wa\u017cniejsze zadanie ni\u017c komentowanie prasy niemieckiej i ocieranie \u0142ez obra\u017conych polityk\u00f3w.<\/p>\n","protected":false},"excerpt":{"rendered":"<p>To nies\u0142ychane: rzecznik rz\u0105du, Pawe\u0142 Gra\u015b, zapowiedzia\u0142 ju\u017c oficjaln\u0105 interwencj\u0119 w sprawie artyku\u0142u we &#8222;Frankfurter Allgemeine Zeitung&#8221;. W tek\u015bcie tym warszawski korespondent FAZ, Konrad Schuler, okre\u015bli\u0142 Jaros\u0142awa Kaczy\u0144skiego jako \u201eGrimmigste der Grimmingen, der national-konservative\u201d. Wedle r\u00f3\u017cnych s\u0142ownik\u00f3w, \u201eGrimmig\u201d znaczy \u201ezawzi\u0119ty, straszny\u201d i nie widz\u0119 powodu, by rzecznik rz\u0105du polskiego mia\u0142 zabiera\u0107 w tej sprawie g\u0142os, [&hellip;]<\/p>\n","protected":false},"author":4,"featured_media":0,"comment_status":"open","ping_status":"open","sticky":false,"template":"","format":"standard","meta":{"footnotes":""},"categories":[1],"tags":[],"_links":{"self":[{"href":"https:\/\/blog.polityka.pl\/passent\/wp-json\/wp\/v2\/posts\/579"}],"collection":[{"href":"https:\/\/blog.polityka.pl\/passent\/wp-json\/wp\/v2\/posts"}],"about":[{"href":"https:\/\/blog.polityka.pl\/passent\/wp-json\/wp\/v2\/types\/post"}],"author":[{"embeddable":true,"href":"https:\/\/blog.polityka.pl\/passent\/wp-json\/wp\/v2\/users\/4"}],"replies":[{"embeddable":true,"href":"https:\/\/blog.polityka.pl\/passent\/wp-json\/wp\/v2\/comments?post=579"}],"version-history":[{"count":0,"href":"https:\/\/blog.polityka.pl\/passent\/wp-json\/wp\/v2\/posts\/579\/revisions"}],"wp:attachment":[{"href":"https:\/\/blog.polityka.pl\/passent\/wp-json\/wp\/v2\/media?parent=579"}],"wp:term":[{"taxonomy":"category","embeddable":true,"href":"https:\/\/blog.polityka.pl\/passent\/wp-json\/wp\/v2\/categories?post=579"},{"taxonomy":"post_tag","embeddable":true,"href":"https:\/\/blog.polityka.pl\/passent\/wp-json\/wp\/v2\/tags?post=579"}],"curies":[{"name":"wp","href":"https:\/\/api.w.org\/{rel}","templated":true}]}}