
{"id":5797,"date":"2019-12-02T23:24:14","date_gmt":"2019-12-02T22:24:14","guid":{"rendered":"https:\/\/passent.blog.polityka.pl\/?p=5797"},"modified":"2019-12-03T08:44:19","modified_gmt":"2019-12-03T07:44:19","slug":"bez-wodki-nie-zrozumiesz","status":"publish","type":"post","link":"https:\/\/blog.polityka.pl\/passent\/2019\/12\/02\/bez-wodki-nie-zrozumiesz\/","title":{"rendered":"Bez w\u00f3dki nie zrozumiesz"},"content":{"rendered":"\n<p>Nie wiem, co mnie dzisiaj najbardziej zdumia\u0142o. Chyba informacja, \u017ce Micha\u0142 Krupi\u0144ski \u2013 do dzisiaj prezes pa\u0144stwowego banku Pekao SA \u2013 urodzi\u0142 si\u0119 w 1981 r.! Ci\u0105gle nie mog\u0119 si\u0119 nadziwi\u0107, \u017ce kto\u015b &nbsp;mo\u017ce si\u0119 urodzi\u0107 &nbsp;w 1981 r., a co dopiero by\u0107 ju\u017c prezesem PZU i innych instytucji. Taki m\u0142ody cz\u0142owiek, z tak\u0105 bogat\u0105 (w obu znaczeniach&nbsp;tego s\u0142owa) karier\u0105, odszed\u0142 z wielkiego banku, per\u0142y w koronie Skarbu Pa\u0144stwa. Odszed\u0142 czy jego odeszli, faktem jest, &nbsp;\u017ce jeszcze niedawno by\u0142 u prezesa na Nowogrodzkiej w sprawie finansowania wie\u017cowc\u00f3w na Srebrnej. A dzi\u015b \u2013 out.<\/p>\n\n\n\n<!--more-->\n\n\n\n<p>O prezesie nic z\u0142ego dzisiaj nie napisz\u0119, gdy\u017c jest po zabiegu kolana. \u017bycz\u0119 zdrowia. Ale o sprawie tak: dlaczego prezes wielkiego banku pa\u0144stwowego (2 mln pensji rocznie, podobno ma\u0142o jak na tak\u0105 posad\u0119) odchodzi&nbsp;w tajemniczych okoliczno\u015bciach, z dnia na dzie\u0144, rzekomo dlatego, \u017ce planuje karier\u0119 za granic\u0105? Minister Sasin wie, ale nie powie. A my, suwereni, siedzimy&nbsp;ciemni jak tabaka w rogu. Czy\u017cby zmiana prezesa mia\u0142a co\u015b wsp\u00f3lnego z utworzeniem resortu, kt\u00f3ry obj\u0105\u0142 w\u0142adz\u0119 nad zasobami pa\u0144stwowymi? Czy wszystkiego musimy dowiadywa\u0107 si\u0119 od Onetu i z &#8222;Superwizjera&#8221;? Bez w\u00f3dki nie zrozumiesz.<\/p>\n\n\n\n<p>To nie koniec sensacji. Okazuje si\u0119, \u017ce tak\u017ce dzisiaj (co za zbieg okoliczno\u015bci) zwolniony zosta\u0142 z tego samego banku dyrektor Jakub Bana\u015b, syn Mariana. Zwolnienie \u2013 nic nadzwyczajnego, ale akurat teraz, kiedy ojciec jest \u201ebohaterem\u201d gigantycznej afery? Nie by\u0142o lepszego dnia, czy te\u017c chodzi o to, \u017ceby postraszy\u0107 ojca, by ten jak najszybciej odszed\u0142 ze stanowiska prezesa NIK, przesta\u0142 kompromitowa\u0107 siebie, Prawo i Sprawiedliwo\u015b\u0107, wszystkich, kt\u00f3rzy go broni\u0105, jak Romuald Szeremietiew, by\u0142y prawicowy wiceminister obrony, kt\u00f3ry uwa\u017ca, \u017ce Bana\u015b jest pa\u0144stwowcem i w szanuj\u0105cym si\u0119 kraju odbiera\u0142by ordery od prezydenta kraju?<\/p>\n\n\n\n<p>Dlaczego Bana\u015b nie odchodzi sam \u2013 \u0142atwo zrozumie\u0107. Cho\u0107by dlatego, \u017ce straci\u0142by immunitet, kt\u00f3ry b\u0119dzie mu bardzo potrzebny. Ale dlaczego PiS mianowa\u0142 tak\u0105 posta\u0107 (raczej posiedzie\u0107, ni\u017c posta\u0107) na tak newralgiczne stanowisko? Bez w\u00f3dki nie zrozumiesz.<\/p>\n\n\n\n<p>Dwie najwi\u0119ksze ofiary tzw. afery Banasia to prezes Kaczy\u0144ski i minister Kami\u0144ski \u2013 dok\u0142adnie ci dwaj, kt\u00f3rzy spotkali si\u0119 z prezesem NIK i oczekuj\u0105 jego rezygnacji. Prezes partii rzadko spotyka si\u0119 z odmow\u0105 we w\u0142asnych szeregach. Od czasu Glapi\u0144skiego (prezes NBP bliski Kaczy\u0144skiemu) nikt nie odwa\u017cy\u0142 si\u0119 na niesubordynacj\u0119. No a teraz ten Bana\u015b. Kto by pomy\u015bla\u0142, \u017ce cz\u0142owiek, kt\u00f3ry ma tyle za uszami, powie \u201enie\u201d.<\/p>\n\n\n\n<p>Bana\u015b miota si\u0119 jak w sieci, jest osaczony, kierowca a to wiezie dymisj\u0119 na Wiejsk\u0105, a to zawraca na Filtrow\u0105. S\u0105dz\u0119, \u017ce Bana\u015b liczy, co mu si\u0119 bardziej op\u0142aca.<\/p>\n\n\n\n<p>Kiedy by\u0142em zast\u0119pc\u0105 naczelnego redaktora, przyszed\u0142 do mnie m\u0142odszy kolega z komunikatem, \u017ce odchodzi&nbsp;do innej redakcji. W r\u0119ku mia\u0142 kartk\u0119 z korzy\u015bciami z pracy w obu czasopismach: pensja, wiersz\u00f3wka, wyjazdy zagraniczne itp. By\u0142em za\u017cenowany, \u017ce kto\u015b mo\u017ce pracowa\u0107, czyli gra\u0107 w zespole tak bez sentyment\u00f3w, koleg\u0119 po\u017cegna\u0142em wi\u0119c bez \u017calu. Teraz zapewne \u201epancerny Marian\u201d sporz\u0105dza taki rachunek korzy\u015bci.&nbsp;Ca\u0142a Polska patrzy, bo takiej historii jeszcze nie by\u0142o. Co mu wychodzi \u2013 bez w\u00f3dki nie zrozumiesz.<\/p>\n","protected":false},"excerpt":{"rendered":"<p>Nie wiem, co mnie dzisiaj najbardziej zdumia\u0142o. Chyba informacja, \u017ce Micha\u0142 Krupi\u0144ski \u2013 do dzisiaj prezes pa\u0144stwowego banku Pekao SA \u2013 urodzi\u0142 si\u0119 w 1981 r.! Ci\u0105gle nie mog\u0119 si\u0119 nadziwi\u0107, \u017ce kto\u015b &nbsp;mo\u017ce si\u0119 urodzi\u0107 &nbsp;w 1981 r., a co dopiero by\u0107 ju\u017c prezesem PZU i innych instytucji. Taki m\u0142ody cz\u0142owiek, z tak\u0105 bogat\u0105 [&hellip;]<\/p>\n","protected":false},"author":4,"featured_media":5800,"comment_status":"open","ping_status":"closed","sticky":false,"template":"","format":"standard","meta":{"footnotes":""},"categories":[1],"tags":[],"_links":{"self":[{"href":"https:\/\/blog.polityka.pl\/passent\/wp-json\/wp\/v2\/posts\/5797"}],"collection":[{"href":"https:\/\/blog.polityka.pl\/passent\/wp-json\/wp\/v2\/posts"}],"about":[{"href":"https:\/\/blog.polityka.pl\/passent\/wp-json\/wp\/v2\/types\/post"}],"author":[{"embeddable":true,"href":"https:\/\/blog.polityka.pl\/passent\/wp-json\/wp\/v2\/users\/4"}],"replies":[{"embeddable":true,"href":"https:\/\/blog.polityka.pl\/passent\/wp-json\/wp\/v2\/comments?post=5797"}],"version-history":[{"count":3,"href":"https:\/\/blog.polityka.pl\/passent\/wp-json\/wp\/v2\/posts\/5797\/revisions"}],"predecessor-version":[{"id":5801,"href":"https:\/\/blog.polityka.pl\/passent\/wp-json\/wp\/v2\/posts\/5797\/revisions\/5801"}],"wp:featuredmedia":[{"embeddable":true,"href":"https:\/\/blog.polityka.pl\/passent\/wp-json\/wp\/v2\/media\/5800"}],"wp:attachment":[{"href":"https:\/\/blog.polityka.pl\/passent\/wp-json\/wp\/v2\/media?parent=5797"}],"wp:term":[{"taxonomy":"category","embeddable":true,"href":"https:\/\/blog.polityka.pl\/passent\/wp-json\/wp\/v2\/categories?post=5797"},{"taxonomy":"post_tag","embeddable":true,"href":"https:\/\/blog.polityka.pl\/passent\/wp-json\/wp\/v2\/tags?post=5797"}],"curies":[{"name":"wp","href":"https:\/\/api.w.org\/{rel}","templated":true}]}}