
{"id":5812,"date":"2019-12-07T23:11:53","date_gmt":"2019-12-07T22:11:53","guid":{"rendered":"https:\/\/passent.blog.polityka.pl\/?p=5812"},"modified":"2019-12-08T00:23:10","modified_gmt":"2019-12-07T23:23:10","slug":"wstydu-nie-maja","status":"publish","type":"post","link":"https:\/\/blog.polityka.pl\/passent\/2019\/12\/07\/wstydu-nie-maja\/","title":{"rendered":"Wstydu nie maj\u0105"},"content":{"rendered":"\n<p>Od mniej wi\u0119cej 10 lat prawica atakuje lewic\u0119 za rzekom\u0105 \u201epedagogik\u0119 wstydu\u201d i przeciwstawia jej \u201epedagogik\u0119 dumy\u201d. Pedagogika wstydu\u00a0ma polega\u0107 na tym, \u017ce lewica dyskredytuje najpi\u0119kniejsze sukcesy Polski, kl\u0119czy przed Zachodem, szkaluje nasz kraj za rzekomy antysemityzm, mordowanie Ukrai\u0144c\u00f3w itd. itp. Z kolei pedagogika dumy polega na podkre\u015blaniu polskich osi\u0105gni\u0119\u0107, prawdziwych i rzekomych &#8211; wygranych bitew, poleg\u0142ych bohater\u00f3w, ocalonych \u017byd\u00f3w, poszanowania demokracji, praworz\u0105dno\u015bci, rekordowych wska\u017anik\u00f3w itd.<\/p>\n\n\n\n<!--more-->\n\n\n\n<p>Jak to wygl\u0105da w praktyce, widzimy po przyznaniu Nobla polskiej pisarce Oldze Tokarczuk. Gdyby najwy\u017csz\u0105 nagrod\u0119 na \u015bwiecie otrzyma\u0142\u00a0 ulubieniec prawicy, dajmy na to Jaros\u0142aw Rymkiewicz, och\u00f3w i ach\u00f3w by\u0142oby co nie\u00a0miara, zreszt\u0105 s\u0142usznie, tak powinno by\u0107, bo to autentyczny poeta, cho\u0107 nie m\u00f3j ulubiony.<\/p>\n\n\n\n<p>By\u0142oby wszystko &#8211; triumfalne artyku\u0142y i programy w mediach pisowskich, gratulacje na najwy\u017cszym szczeblu, wielki\u00a0bal w operze. \u201eNasz\u201d laureat nie wychodzi\u0142by z\u00a0Belwederu.<\/p>\n\n\n\n<p>Ale poniewa\u017c nagrod\u0119 dosta\u0142a pani Tokarczuk, kt\u00f3ra nam si\u0119 nie podoba, bo oczernia kraj i nasz nar\u00f3d, zamiast pisa\u0107, \u017ce jest \u015bwi\u0119ty, to\u00a0my b\u0119dziemy obni\u017ca\u0107 wag\u0119 Nobla i laureatki, pisa\u0107, \u017ce to wyr\u00f3\u017cnienie dosta\u0142a dzi\u0119ki wp\u0142ywom salonu, lobby antypolskiego, rozmaitym Sorosom i innym degeneratom z Brukseli, Londynu i Sztokholmu. Kiedy Beata Szyd\u0142o wraca\u0142a z Brukseli po kl\u0119sce 1:27, czeka\u0142\u00a0na ni\u0105 prezes z kwiatami i p\u00f3\u0142 rz\u0105du. Dosz\u0142o do tego, \u017ce media publiczne nie spieszy\u0142y si\u0119 z relacj\u0105 z odczytu noblowskiego Tokarczuk w stolicy Szwecji.<\/p>\n\n\n\n<p>Troch\u0119 to przypomina nagrod\u0119 dla So\u0142\u017cenicyna i dla Wa\u0142\u0119sy. Szybciej i \u0142atwiej by\u0142o znale\u017a\u0107 ca\u0142y tekst w internecie. Ciekawe, czy TVP nada\u00a0transmisj\u0119 z wr\u0119czenia Nobla polskiej pisarce. Olga Tokarczuk \u015bwi\u0119ci triumfy, a wraz z ni\u0105 polska literatura i kultura, ca\u0142y nasz kraj. Jest pow\u00f3d do ogromnej dumy, kt\u00f3rej jednak prawdziwi patrioci nie odczuwaj\u0105, bo z\u0142ote jab\u0142ko spad\u0142o nie po ich stronie p\u0142otu.<\/p>\n\n\n\n<p><strong>Zaproszenie<\/strong><br>Prof. Marek Grela, mecenas Katarzyna Gajowniczek-Pruszy\u0144ska, wicedziekan Okr\u0119gowej Rady Adwokackiej, i red. Marcin Dzier\u017canowski (&#8222;Wprost&#8221;) b\u0119d\u0105 naszymi go\u015b\u0107mi w TOK FM. Niedziela 8 grudnia, godz.10:05. Zapraszam.<\/p>\n","protected":false},"excerpt":{"rendered":"<p>Troch\u0119 to przypomina nagrod\u0119 dla So\u0142\u017cenicyna i dla Wa\u0142\u0119sy.<\/p>\n","protected":false},"author":4,"featured_media":5815,"comment_status":"open","ping_status":"closed","sticky":false,"template":"","format":"standard","meta":{"footnotes":""},"categories":[1],"tags":[],"_links":{"self":[{"href":"https:\/\/blog.polityka.pl\/passent\/wp-json\/wp\/v2\/posts\/5812"}],"collection":[{"href":"https:\/\/blog.polityka.pl\/passent\/wp-json\/wp\/v2\/posts"}],"about":[{"href":"https:\/\/blog.polityka.pl\/passent\/wp-json\/wp\/v2\/types\/post"}],"author":[{"embeddable":true,"href":"https:\/\/blog.polityka.pl\/passent\/wp-json\/wp\/v2\/users\/4"}],"replies":[{"embeddable":true,"href":"https:\/\/blog.polityka.pl\/passent\/wp-json\/wp\/v2\/comments?post=5812"}],"version-history":[{"count":2,"href":"https:\/\/blog.polityka.pl\/passent\/wp-json\/wp\/v2\/posts\/5812\/revisions"}],"predecessor-version":[{"id":5814,"href":"https:\/\/blog.polityka.pl\/passent\/wp-json\/wp\/v2\/posts\/5812\/revisions\/5814"}],"wp:featuredmedia":[{"embeddable":true,"href":"https:\/\/blog.polityka.pl\/passent\/wp-json\/wp\/v2\/media\/5815"}],"wp:attachment":[{"href":"https:\/\/blog.polityka.pl\/passent\/wp-json\/wp\/v2\/media?parent=5812"}],"wp:term":[{"taxonomy":"category","embeddable":true,"href":"https:\/\/blog.polityka.pl\/passent\/wp-json\/wp\/v2\/categories?post=5812"},{"taxonomy":"post_tag","embeddable":true,"href":"https:\/\/blog.polityka.pl\/passent\/wp-json\/wp\/v2\/tags?post=5812"}],"curies":[{"name":"wp","href":"https:\/\/api.w.org\/{rel}","templated":true}]}}