
{"id":582,"date":"2009-06-25T00:01:57","date_gmt":"2009-06-24T22:01:57","guid":{"rendered":"http:\/\/passent.blog.polityka.pl\/?p=582"},"modified":"2009-06-25T01:45:32","modified_gmt":"2009-06-24T23:45:32","slug":"pedofile-gora","status":"publish","type":"post","link":"https:\/\/blog.polityka.pl\/passent\/2009\/06\/25\/pedofile-gora\/","title":{"rendered":"Pedofile g\u00f3r\u0105!"},"content":{"rendered":"<p><strong>Przyj\u0119cie przez Sejm poprawek Senatu i Donalda Tuska do ustawy o mediach publicznych przyczyni si\u0119 do ich dalszej tabloidyzacji<\/strong>.<\/p>\n<p>Dzi\u015b ju\u017c nikt nie kwestionuje, \u017ce media \u2013 publiczne i prywatne &#8211;\u00a0 staj\u0105 si\u0119 coraz l\u017cejsze (czytaj: g\u0142upsze). Tytu\u0142y i fotografie coraz wi\u0119ksze, artyku\u0142y coraz kr\u00f3tsze, pozbawione formy, a cz\u0119sto i tre\u015bci. W telewizyjnych wiadomo\u015bciach coraz wi\u0119cej okropno\u015bci, chorych dzieci, po\u017car\u00f3w i wypadk\u00f3w. Likwidacja abonamentu i pozbawienie telewizji publicznej gwarantowanego minimum subwencji spowoduje rozpychanie si\u0119 TVP na rynku reklam, a w konsekwencji dalszy merytoryczny upadek program\u00f3w na rzecz wi\u0119kszej ogl\u0105dalno\u015bci i reklam. W czasach kryzysu gospodarczego, kiedy reklamodawcy maj\u0105 w\u0119\u017ca w kieszeni, degradacja medi\u00f3w b\u0119dzie jeszcze bardziej widoczna.<\/p>\n<p>Niestety, jest to zjawisko \u015bwiatowe. Najbardziej znana dziennikarka telewizyjna USA, s\u0119dziwa ju\u017c dzi\u015b Barbara Walters, kt\u00f3ra rozmawia\u0142a ze wszystkimi \u2013 od Castro po Gold\u0119 Meir, i od Kennedy\u2019ego po Busha, w zako\u0144czeniu swojej autobiografii (\u201eEgzamin z \u017cycia\u201d) opisuje nast\u0119puj\u0105c\u0105 sytuacj\u0119. Marzy\u0142a o tym, \u017ceby swoj\u0105 karier\u0119 telewizyjn\u0105, kt\u00f3ra trwa\u0142a p\u00f3\u0142 wieku (1955-2005, czyli \u2013 <em>toutes proportions gardees<\/em>, hi!hi! &#8211; nieco mniej ni\u017c moja!!!), zako\u0144czy\u0107 wywiadem z prezydentem Georgem W. Bushem. Odpowiedziano jej, \u017ce prezydent si\u0119 zastanowi. Podczas kiedy Bush si\u0119 zastanawia\u0142, z wi\u0119zienia wysz\u0142a Mary Kay Letourneau, kt\u00f3ra odby\u0142a 7 lat kary za wsp\u00f3\u0142\u017cycie z nieletnim uczniem (p\u00f3\u017aniej si\u0119 pobrali). Po wyj\u015bciu z wi\u0119zienia, M.K.L. zadzwoni\u0142a do Barbary Walters, \u017ce jest gotowa powiedzie\u0107 jej jako pierwszej o swoich do\u015bwiadczeniach. (By\u0107 mo\u017ce pozazdro\u015bci\u0142a Monice Lewinsky, kt\u00f3rej rozmow\u0119 z Barbar\u0105 Walters ogl\u0105da\u0142o 50 mln widz\u00f3w.)<\/p>\n<p>Barbara Walters odpowiedzia\u0142a M.K.L, \u017ce ch\u0119tnie przeprowadzi z\u00a0 ni\u0105 wywiad i um\u00f3wi\u0142a si\u0119 na nast\u0119pny tydzie\u0144, w dalekim mie\u015bcie Seattle, stolicy stanu Washington. I wtedy rozleg\u0142 si\u0119 telefon z Bia\u0142ego Domu. Prezydent Bush zgodzi\u0142 si\u0119 udzieli\u0107 wywiadu dok\u0142adnie w tym samym czasie.<\/p>\n<p>Zmieszana Barbara Walters zawiadomi\u0142a central\u0119 telewizji ABC i zapyta\u0142a, co ma robi\u0107? Jaki ma by\u0107 jej ostatni program, ostatnia rozmowa? Prezydent Stan\u00f3w Zjednoczonych czy skazana za pedofili\u0119? Centrala wybra\u0142a skazan\u0105!<\/p>\n<p>Ta prawdziwa historia to podzwonne dla medi\u00f3w. Prywatne czy publiczne \u2013 wszystkie sko\u0144cz\u0105 tak samo.<\/p>\n","protected":false},"excerpt":{"rendered":"<p>Przyj\u0119cie przez Sejm poprawek Senatu i Donalda Tuska do ustawy o mediach publicznych przyczyni si\u0119 do ich dalszej tabloidyzacji. Dzi\u015b ju\u017c nikt nie kwestionuje, \u017ce media \u2013 publiczne i prywatne &#8211;\u00a0 staj\u0105 si\u0119 coraz l\u017cejsze (czytaj: g\u0142upsze). Tytu\u0142y i fotografie coraz wi\u0119ksze, artyku\u0142y coraz kr\u00f3tsze, pozbawione formy, a cz\u0119sto i tre\u015bci. W telewizyjnych wiadomo\u015bciach coraz [&hellip;]<\/p>\n","protected":false},"author":4,"featured_media":0,"comment_status":"open","ping_status":"open","sticky":false,"template":"","format":"standard","meta":{"footnotes":""},"categories":[1],"tags":[],"_links":{"self":[{"href":"https:\/\/blog.polityka.pl\/passent\/wp-json\/wp\/v2\/posts\/582"}],"collection":[{"href":"https:\/\/blog.polityka.pl\/passent\/wp-json\/wp\/v2\/posts"}],"about":[{"href":"https:\/\/blog.polityka.pl\/passent\/wp-json\/wp\/v2\/types\/post"}],"author":[{"embeddable":true,"href":"https:\/\/blog.polityka.pl\/passent\/wp-json\/wp\/v2\/users\/4"}],"replies":[{"embeddable":true,"href":"https:\/\/blog.polityka.pl\/passent\/wp-json\/wp\/v2\/comments?post=582"}],"version-history":[{"count":0,"href":"https:\/\/blog.polityka.pl\/passent\/wp-json\/wp\/v2\/posts\/582\/revisions"}],"wp:attachment":[{"href":"https:\/\/blog.polityka.pl\/passent\/wp-json\/wp\/v2\/media?parent=582"}],"wp:term":[{"taxonomy":"category","embeddable":true,"href":"https:\/\/blog.polityka.pl\/passent\/wp-json\/wp\/v2\/categories?post=582"},{"taxonomy":"post_tag","embeddable":true,"href":"https:\/\/blog.polityka.pl\/passent\/wp-json\/wp\/v2\/tags?post=582"}],"curies":[{"name":"wp","href":"https:\/\/api.w.org\/{rel}","templated":true}]}}