
{"id":5824,"date":"2019-12-15T18:18:26","date_gmt":"2019-12-15T17:18:26","guid":{"rendered":"https:\/\/passent.blog.polityka.pl\/?p=5824"},"modified":"2019-12-15T21:01:08","modified_gmt":"2019-12-15T20:01:08","slug":"kasta-rzadzaca-atakuje","status":"publish","type":"post","link":"https:\/\/blog.polityka.pl\/passent\/2019\/12\/15\/kasta-rzadzaca-atakuje\/","title":{"rendered":"Kasta rz\u0105dz\u0105ca atakuje"},"content":{"rendered":"\n<p>Zamiast sama zosta\u0107 \u201edobita\u201d \u2013 jak kilka lat temu wzywa\u0142 Rados\u0142aw Sikorski \u2013 pisowska wataha ruszy\u0142a do kolejnego ataku na system s\u0105downiczy. Je\u017celi w majowych wyborach nie ukr\u0119cimy \u0142ba hydrze autorytaryzmu, to demokracja d\u0142ugo si\u0119 w Polsce nie podniesie.<\/p>\n\n\n\n<!--more-->\n\n\n\n<p>Macierewicz: \u201eDo\u015b\u0107 ju\u017c panoszenia si\u0119 postkomunistycznej kasty. Chcemy przywr\u00f3ci\u0107 narodowi s\u0105downictwo\u201d. Prezydent Duda: \u201ePoziom zak\u0142amania TEGO TOWARZYSTWA [podkr. Pass.] i jego hipokryzji mnie os\u0142abia\u201d. Ile\u017c pogardy i lekcewa\u017cenia tkwi w s\u0142owach o \u201etym towarzystwie\u201d. Tak m\u00f3wi prezydent wszystkich Polak\u00f3w! Co prezydent ma na my\u015bli, m\u00f3wi\u0105c, \u017ce go \u201eos\u0142abia\u201d?<\/p>\n\n\n\n<p>Do\u015bwiadczeni komentatorzy b\u0119d\u0105 pisa\u0107, \u017ce tymi s\u0142owy oraz proponowan\u0105 ustaw\u0105 o ustroju s\u0105d\u00f3w powszechnych PiS \u201eprzemawia do swojego twardego elektoratu\u201d. Ten wy\u015bwiechtany zwrot ma oznacza\u0107, \u017ce tak naprawd\u0119 PiS \u201eprzesuwa si\u0119 ku centrum\u201d, tylko dla uspokojenia twardego elektoratu ryczy jak ranny lew.<\/p>\n\n\n\n<p>Ja mam powy\u017cej uszu \u201etwardego elektoratu\u201d i \u201ecentrum\u201d. Symbolicznego 13 grudnia PiS z\u0142o\u017cy\u0142 projekt ustawy o s\u0105downictwie, kt\u00f3ra zadaje cios stanowi s\u0119dziowskiemu, a po\u015brednio na wszystkim. Musieli\u015bmy zdyscyplinowa\u0107 s\u0119dzi\u00f3w \u2013 m\u00f3wi\u0142 tonem tresera dzikich zwierz\u0105t prezes PiS. Podobno kasta chce wysadzi\u0107 system s\u0105downictwa w powietrze. Ot\u00f3\u017c to nie s\u0119dziowie, lecz kasta rz\u0105dz\u0105ca od pi\u0119ciu lat podk\u0142ada \u0142adunki wybuchowe pod gmach Temidy.<\/p>\n\n\n\n<p>Unieszkodliwienie Trybuna\u0142u Konstytucyjnego i o\u015bmieszenie go przez szefow\u0105 kuchni, bomba pod S\u0105dem Najwy\u017cszym, sekretnie skompletowana i powo\u0142ana przez polityk\u00f3w KRS, bomba wybucha za bomb\u0105, rujnuj\u0105c dorobek dziesi\u0119cioleci.<\/p>\n\n\n\n<p>Najnowsza bomba przewiduje m.in. zakaz dyskutowania przez kolegium i samorz\u0105d s\u0119dziowski spraw politycznych, w szczeg\u00f3lno\u015bci zakazane jest przyjmowanie uchwa\u0142 wyra\u017caj\u0105cych wrogo\u015b\u0107 wobec innych w\u0142adz RP i jej konstytucyjnych organ\u00f3w. Zakazana ma by\u0107 w tych gremiach krytyka ustroju RP. Czy\u017c to nie jest tre\u015b\u0107 i forma obwieszczenia w\u0142adz PRL, rozlepianego na murach zburzonego miasta?<\/p>\n\n\n\n<p>S\u0119dziowie maj\u0105 by\u0107 zmuszeni do o\u015bwiadczenia m.in., do jakich nale\u017c\u0105 zrzesze\u0144 i stowarzysze\u0144 (z adresem w\u0142\u0105cznie), od kiedy i jakie piastuj\u0105 w nich funkcje etc. Da to ka\u015bcie rz\u0105dz\u0105cej spisy, kt\u00f3re nast\u0119pnie mog\u0105 si\u0119 przyda\u0107 w awansach, degradacjach, post\u0119powaniach dyscyplinarnych, a nawet do wprowadzenia zarz\u0105du komisarycznego, je\u015bli PiS tak postanowi.<\/p>\n\n\n\n<p>PiS k\u0142adzie \u0142ap\u0119 na dzia\u0142alno\u015bci s\u0119dzi\u00f3w w internecie, posiadanych i zak\u0142adanych kont, nick\u00f3w, pseudonim\u00f3w. Co wi\u0119cej, zapowiada kontrol\u0119 orzecznictwa, zw\u0142aszcza w sprawach zbli\u017conych do orzeczenia TSUE ws. Izby Dyscyplinarnej S\u0105du Najwy\u017cszego i KRS. Niedopuszczalne ma by\u0107 kwestionowanie umocowania s\u0105d\u00f3w, trybuna\u0142\u00f3w i podwa\u017canie cudzych plenipotencji. Do tego dochodzi zakaz dzia\u0142alno\u015bci politycznej i uchybianie godno\u015bci urz\u0119du. Kto b\u0119dzie ustala\u0142, co jest, a co nie jest dzia\u0142alno\u015bci\u0105 polityczn\u0105 i godno\u015bci\u0105?<\/p>\n\n\n\n<p>Czy np. prezydent Duda, m\u00f3wi\u0105c, \u017ce zak\u0142amanie i hipokryzja \u201etego towarzystwa\u201d (s\u0119dziowskiego?) go os\u0142abia \u2013 uchybia godno\u015bci jego urz\u0119du czy nie? Czy nie obra\u017ca tysi\u0119cy s\u0119dzi\u00f3w w Polsce? Czy uniewinnienie Mariusza Kami\u0144skiego i sp\u00f3\u0142ki, zanim zostali prawomocnie skazani (lub uniewinnieni), narusza godno\u015b\u0107 urz\u0119du prezydenta? A nocne nominacje, a sekretne, zawstydzaj\u0105ce nominacje pp Paw\u0142owicz i Piotrowicza w ukryciu przed mediami &#8211; to nie wstyd?<\/p>\n\n\n\n<p>W sumie nie ma w\u0105tpliwo\u015bci, kto i dlaczego wysadza wymiar sprawiedliwo\u015bci w powietrze.<\/p>\n","protected":false},"excerpt":{"rendered":"<p>Zamiast sama zosta\u0107 \u201edobita\u201d \u2013 jak kilka lat temu wzywa\u0142 Rados\u0142aw Sikorski \u2013 pisowska wataha ruszy\u0142a do kolejnego ataku.<\/p>\n","protected":false},"author":4,"featured_media":5829,"comment_status":"open","ping_status":"closed","sticky":false,"template":"","format":"standard","meta":{"footnotes":""},"categories":[1],"tags":[],"_links":{"self":[{"href":"https:\/\/blog.polityka.pl\/passent\/wp-json\/wp\/v2\/posts\/5824"}],"collection":[{"href":"https:\/\/blog.polityka.pl\/passent\/wp-json\/wp\/v2\/posts"}],"about":[{"href":"https:\/\/blog.polityka.pl\/passent\/wp-json\/wp\/v2\/types\/post"}],"author":[{"embeddable":true,"href":"https:\/\/blog.polityka.pl\/passent\/wp-json\/wp\/v2\/users\/4"}],"replies":[{"embeddable":true,"href":"https:\/\/blog.polityka.pl\/passent\/wp-json\/wp\/v2\/comments?post=5824"}],"version-history":[{"count":6,"href":"https:\/\/blog.polityka.pl\/passent\/wp-json\/wp\/v2\/posts\/5824\/revisions"}],"predecessor-version":[{"id":5831,"href":"https:\/\/blog.polityka.pl\/passent\/wp-json\/wp\/v2\/posts\/5824\/revisions\/5831"}],"wp:featuredmedia":[{"embeddable":true,"href":"https:\/\/blog.polityka.pl\/passent\/wp-json\/wp\/v2\/media\/5829"}],"wp:attachment":[{"href":"https:\/\/blog.polityka.pl\/passent\/wp-json\/wp\/v2\/media?parent=5824"}],"wp:term":[{"taxonomy":"category","embeddable":true,"href":"https:\/\/blog.polityka.pl\/passent\/wp-json\/wp\/v2\/categories?post=5824"},{"taxonomy":"post_tag","embeddable":true,"href":"https:\/\/blog.polityka.pl\/passent\/wp-json\/wp\/v2\/tags?post=5824"}],"curies":[{"name":"wp","href":"https:\/\/api.w.org\/{rel}","templated":true}]}}