
{"id":583,"date":"2009-06-28T23:18:06","date_gmt":"2009-06-28T21:18:06","guid":{"rendered":"http:\/\/passent.blog.polityka.pl\/?p=583"},"modified":"2009-06-28T23:23:32","modified_gmt":"2009-06-28T21:23:32","slug":"popracowac-nad-historia","status":"publish","type":"post","link":"https:\/\/blog.polityka.pl\/passent\/2009\/06\/28\/popracowac-nad-historia\/","title":{"rendered":"Popracowa\u0107 nad histori\u0105"},"content":{"rendered":"<p>Polacy ci\u0105gle nie uporali si\u0119 ze swoj\u0105 przesz\u0142o\u015bci\u0105. Mimo natr\u0119tnej pedagogiki a la Muzeum Powstania Warszawskiego, samo Powstanie nadal nas dzieli. Nie wszyscy podzielaj\u0105 punkt widzenia Jaros\u0142awa M. Rymkiewicza i tych, kt\u00f3rzy widz\u0105 w Powstaniu przede wszystkim wspania\u0142y zryw patriotyczny, jaki zaowocowa\u0142 Solidarno\u015bci\u0105 w 1980 r. W\u0105tpliwo\u015bci wobec Powstania uznaj\u0105 oni za szarganie\u00a0 \u015bwi\u0119to\u015bci i komunistyczn\u0105 robot\u0119.\u00a0 Nie lubi\u0105\u00a0 m\u00f3wi\u0107 o zag\u0142adzie miasta i jego mieszka\u0144c\u00f3w, o tym, \u017ce \u017caden z wy\u017cszych dow\u00f3dc\u00f3w Powstania nie zgin\u0105\u0142 w walce, o tym, \u017ce decyzja o Powstaniu pozwoli\u0142a Stalinowi czeka\u0107 z za\u0142o\u017conymi r\u0119koma, a\u017c Niemcy rozprawi\u0105 si\u0119 z Polakami. Nie osi\u0105gni\u0119to wojskowych ani politycznych cel\u00f3w Powstania. W zbiorowej, a zw\u0142aszcza oficjalnej,\u00a0 pami\u0119ci obowi\u0105zuje jednak\u00a0 \u201eromantyczna\u201d, zwyci\u0119ska\u00a0 wizja Powstania \u2013 najwi\u0119kszego i najpi\u0119kniejszego rozdzia\u0142u w \u017cyciu jego uczestnik\u00f3w, kt\u00f3ry ukszta\u0142towa\u0142 pokolenie \u201eS\u201d i nast\u0119pne, po wsze czasy.<\/p>\n<p>Brak tak\u017ce zgody na temat PRL. Jak wynika z najnowszych bada\u0144, prawie po\u0142owa Polak\u00f3w (44%) my\u015bli o PRL przychylnie, a druga po\u0142owa (43%) \u2013 negatywnie. Z biegiem czasu proporcje te ulegaj\u0105\u00a0 zmianie, przybywa krytyk\u00f3w, ubywa zwolennik\u00f3w, ale i tak pogl\u0105dy te s\u0105 sprzeczne z obowi\u0105zuj\u0105c\u0105 indoktrynacj\u0105. Coraz mniej jest tych, kt\u00f3rzy tamte czasy pami\u0119taj\u0105, coraz wi\u0119cej jest takich, kt\u00f3rzy wychowuj\u0105 si\u0119 na politycznie poprawnych podr\u0119cznikach szkolnych prof. Roszkowskiego, lub na programach Bronis\u0142awa Wildsteina w TVP.<\/p>\n<p>To, \u017ce znaczna cz\u0119\u015b\u0107 spo\u0142ecze\u0144stwa uwa\u017ca, i\u017c\u00a0 w PRL przewa\u017ca\u0142y elementy pozytywne, nie oznacza, \u017ce ktokolwiek (poza znikom\u0105 mniejszo\u015bci\u0105, np. w Niemczech\u00a0 10 proc) pragnie powrotu tamtych czas\u00f3w, ale i tak stanowi to problem dla uczonych i propagandyst\u00f3w. Ci ostatni, na wszystko maj\u0105 jedn\u0105 odpowied\u017a: NOSTALGIA, t\u0119sknota do czas\u00f3w, kiedy byli\u015bmy\u00a0 m\u0142odzi i pi\u0119kni. Pierwsza mi\u0142o\u015b\u0107, pierwszy kontakt z przyrod\u0105, \u201epierwsze\u201d S\u0142o\u0144ce i Ksi\u0119\u017cyc, letnie obozy, romantyzm odbudowy zniszczonego kraju, pierwszy motocykl, czasem w\u0142asny k\u0105t, matura, dyplom uniwersytetu, pierwsza praca, wakacje w Bu\u0142garii itd. Co prawda druga strona medalu by\u0142a okropna \u2013 stalinizm, egzekucje, Czerwiec \u201956, Grudzie\u0144 \u201970, brudne i brzydkie miasta, stare rudery, puste sklepy, cenzura, urz\u0119dowe k\u0142amstwa, wyborcza fikcja etc., to jednak istotna cz\u0119\u015b\u0107 spo\u0142ecze\u0144stwa pami\u0119ta, \u017ce szko\u0142a by\u0142a za darmo, lekarstwa by\u0142y tanie (albo tylko za dewizy\u2026),\u00a0 w garnku i na talerzu zawsze co\u015b w ko\u0144cu by\u0142o.<\/p>\n<p>Poza \u201enostalgi\u0105\u201d \u2013 jest jeszcze drugi argument\u00a0 \u2013 bez komunizmu Europa rozwija\u0142aby si\u0119 szybciej. Mo\u017ce to i prawda (w\u015br\u00f3d specjalist\u00f3w trwa \u017conglerka statystyk\u0105 Grecji czy Hiszpanii), ale co z tego, kiedy my\u015bmy \u017cyli tu, a nie tam?<\/p>\n<p>Nie da si\u0119 wszystkiego wyt\u0142umaczy\u0107 nostalgi\u0105,\u00a0 m\u0142odo\u015bci\u0105 i statystyk\u0105.\u00a0 Nostalgii za okupacj\u0105 hitlerowsk\u0105 jako\u015b nie wida\u0107. Nostalgii za stalinizmem \u2013 te\u017c nie.\u00a0 Muzea terroru, muzea komunizmu, Muzeum Powstania mog\u0105 wbija\u0107 do g\u0142\u00f3w wersj\u0119 politycznie poprawn\u0105, ale nie do ko\u0144ca prawdziw\u0105. Jeszcze nie powsta\u0142a prawdziwa ksi\u0105\u017cka, prawdziwy film o tamtych czasach. A lewica boi si\u0119 otworzy\u0107 usta w obronie historii\u00a0 \u2013 nie lukrowanej, nie nostalgicznej, ale i nie politycznie poprawnej. Jest zaledwie kilku jej przedstawicieli (Walicki, \u0141agowski), kt\u00f3rzy maj\u0105 odwag\u0119 otworzy\u0107 usta.<\/p>\n<p>Mo\u017ce zreszt\u0105 jedna prawda\u00a0 o tamtych czasach nie istnieje? Ostatnie kilka dni sp\u0119dzi\u0142em w Berlinie i tam jest podobnie. NRD \u2013 wydawa\u0142oby si\u0119 najbardziej ponury barak obozu,\u00a0 trzymany przez Ulbrichta za pot\u0119\u017cnym murem berli\u0144skim, gdzie rudery \u015bwiadcz\u0105 same za siebie \u2013 w oczach znacznej cz\u0119\u015bci wi\u0119\u017ani\u00f3w tego baraku zapisa\u0142 si\u0119 nie\u017ale (!). Wg bada\u0144 Instytutu Emnid, sporz\u0105dzonych na \u017cyczenie rz\u0105du i og\u0142oszonych w tych dniach, prawie po\u0142owa (49 proc.!) mieszka\u0144c\u00f3w by\u0142ej NRD zgadza si\u0119, \u017ce \u201eNRD mia\u0142a wi\u0119cej dobrych ni\u017c z\u0142ych stron. By\u0142o kilka problem\u00f3w, ale mo\u017cna tam by\u0142o dobrze \u017cy\u0107.\u201d Do tego nale\u017cy doda\u0107 8 proc. ankietowanych, kt\u00f3rzy uwa\u017caj\u0105, \u017ce \u201e\u017by\u0142o tam si\u0119 szcz\u0119\u015bliwiej ni\u017c dzisiaj w ponownie zjednoczonych\u00a0 Niemczech.\u201d A przecie\u017c Niemcy byli przebici na wylot przez mur i mieli jak na d\u0142oni podan\u0105 wy\u017cszo\u015b\u0107 Zachodu na Wschodem. Co wi\u0119cej, podczas kiedy Polacy s\u0105 kiepskiego zdania o NRD-owskiej opozycji demokratycznej, 80 proc. mieszka\u0144c\u00f3w zachodniej (!) cz\u0119\u015bci Niemiec\u00a0 uwa\u017ca, \u017ce mieszka\u0144cy b. NRD mog\u0105 by\u0107 dumni, \u017ce pokojowo pokonali \u00f3wczesny re\u017cim. Przedstawiciele rz\u0105du, ministrowie, ju\u017c zapowiadaj\u0105, \u017ce trzeba b\u0119dzie \u201epopracowa\u0107 nad histori\u0105 NRD\u201d (min. Wolfgang Tiefensee, z SPD).<\/p>\n<p>Ale kto ma \u201epopracowa\u0107\u201d nad histori\u0105? To, co\u00a0 inni my\u015bl\u0105 o niedawnej przesz\u0142o\u015bci, daleko odbiega od tego, co my uwa\u017camy. Nie jeden profesor\u00a0 z \u201epeerelowskim\u201d dyplomem, surowo ocenia tamte czasy, ale belwederskiej nominacji, otrzymanej z r\u0105k Henryka Jab\u0142o\u0144skiego czy Wojciecha Jaruzelskiego, nie odes\u0142a\u0142.\u00a0 Dlatego ro\u015bnie nowy zaci\u0105g historyk\u00f3w. Oni ju\u017c popracuj\u0105.<\/p>\n","protected":false},"excerpt":{"rendered":"<p>Polacy ci\u0105gle nie uporali si\u0119 ze swoj\u0105 przesz\u0142o\u015bci\u0105. Mimo natr\u0119tnej pedagogiki a la Muzeum Powstania Warszawskiego, samo Powstanie nadal nas dzieli. Nie wszyscy podzielaj\u0105 punkt widzenia Jaros\u0142awa M. Rymkiewicza i tych, kt\u00f3rzy widz\u0105 w Powstaniu przede wszystkim wspania\u0142y zryw patriotyczny, jaki zaowocowa\u0142 Solidarno\u015bci\u0105 w 1980 r. W\u0105tpliwo\u015bci wobec Powstania uznaj\u0105 oni za szarganie\u00a0 \u015bwi\u0119to\u015bci i [&hellip;]<\/p>\n","protected":false},"author":4,"featured_media":0,"comment_status":"open","ping_status":"open","sticky":false,"template":"","format":"standard","meta":{"footnotes":""},"categories":[1],"tags":[],"_links":{"self":[{"href":"https:\/\/blog.polityka.pl\/passent\/wp-json\/wp\/v2\/posts\/583"}],"collection":[{"href":"https:\/\/blog.polityka.pl\/passent\/wp-json\/wp\/v2\/posts"}],"about":[{"href":"https:\/\/blog.polityka.pl\/passent\/wp-json\/wp\/v2\/types\/post"}],"author":[{"embeddable":true,"href":"https:\/\/blog.polityka.pl\/passent\/wp-json\/wp\/v2\/users\/4"}],"replies":[{"embeddable":true,"href":"https:\/\/blog.polityka.pl\/passent\/wp-json\/wp\/v2\/comments?post=583"}],"version-history":[{"count":0,"href":"https:\/\/blog.polityka.pl\/passent\/wp-json\/wp\/v2\/posts\/583\/revisions"}],"wp:attachment":[{"href":"https:\/\/blog.polityka.pl\/passent\/wp-json\/wp\/v2\/media?parent=583"}],"wp:term":[{"taxonomy":"category","embeddable":true,"href":"https:\/\/blog.polityka.pl\/passent\/wp-json\/wp\/v2\/categories?post=583"},{"taxonomy":"post_tag","embeddable":true,"href":"https:\/\/blog.polityka.pl\/passent\/wp-json\/wp\/v2\/tags?post=583"}],"curies":[{"name":"wp","href":"https:\/\/api.w.org\/{rel}","templated":true}]}}