
{"id":584,"date":"2009-07-01T00:01:10","date_gmt":"2009-06-30T22:01:10","guid":{"rendered":"http:\/\/passent.blog.polityka.pl\/?p=584"},"modified":"2009-07-01T02:14:45","modified_gmt":"2009-07-01T00:14:45","slug":"minaret-jestem-za","status":"publish","type":"post","link":"https:\/\/blog.polityka.pl\/passent\/2009\/07\/01\/minaret-jestem-za\/","title":{"rendered":"Minaret? Jestem za!"},"content":{"rendered":"<p>Chocia\u017c s\u0105 tematy bardziej odpowiednie dla komentatora politycznego (np. decyzja Trybuna\u0142u Konstytucyjnego w Niemczech, \u017ce traktat lizbo\u0144ski nie jest sprzeczny z konstytucj\u0105, \u201eTusk zalany\u201d, czyli premier u powodzian, albo kolejna kolacja u prezydenta Kaczy\u0144skiego dla by\u0142ych ministr\u00f3w finans\u00f3w z wyj\u0105tkiem Leszka Balcerowicza), ja wybieram minaret na kominie. A dok\u0142adniej &#8211; projekt artystki, Joanny Rajkowskiej, aby komin starej papierni w centrum Poznania zamieni\u0107 na minaret. Gdyby si\u0119 kto\u015b pyta\u0142 &#8211; jestem za!<\/p>\n<p>Po pierwsze, popieram Rajkowsk\u0105, jej dotychczasowe projekty \u2013 palma na Rondzie de Gaulle\u2019a oraz staw (sadzawka?) na Pl. Grzybowskim w Warszawie \u2013 by\u0142y bardzo udane. Zw\u0142aszcza palma, kt\u00f3ra nie tylko przypomina, sk\u0105d pochodzi nazwa \u201eAl. Jerozolimskie\u201d, ale jest odrobin\u0119 zwariowana, szalona, absurdalna w tym miejscu, vis a vis oci\u0119\u017ca\u0142ych, solennych Gmach\u00f3w BGK i by\u0142ego domu partii rz\u0105dz\u0105cej.<\/p>\n<p>Po drugie, dziwnym zbiegiem okoliczno\u015bci projekt Rajkowskiej, kt\u00f3ry jest uk\u0142onem pod adresem Islamu, zbieg\u0142 si\u0119 z decyzj\u0105 polskiego parlamentu, \u017ce media publiczne maj\u0105 \u201ewspiera\u0107 warto\u015bci chrze\u015bcija\u0144skie\u201d, czyli w stron\u0119 pa\u0144stwa ko\u015bcielnego. Nic dziwnego, \u017ce projekt \u201eminaretu\u201d wywo\u0142a\u0142 ju\u017c polemiki, poniewa\u017c w jednorodnym, bia\u0142ym i katolickim spo\u0142ecze\u0144stwie polskim wygl\u0105da to na prowokacj\u0119, kt\u00f3r\u0105 faktycznie jest. I dobrze! To potrzebna prowokacja, kt\u00f3ra przypomina, \u017ce \u015bwiat jednorodny nie jest. Gdyby Rajkowska przewidzia\u0142a umieszczenie na szczycie komina symbolu religii chrze\u015bcija\u0144skiej, awantury by nie by\u0142o, szybko znalaz\u0142oby si\u0119 przyzwolenie mieszka\u0144c\u00f3w i fundusze publiczne. Ale gest w stron\u0119 innej religii? Co to, to nie.<\/p>\n<p>Pierwsi zaprotestowaliby pos\u0142owie i senatorowie, kt\u00f3rzy oczywi\u015bcie s\u0105 za tolerancj\u0105, ale wspiera\u0107 ka\u017c\u0105 warto\u015bci tylko jednej religii. Teraz zacznie si\u0119 lament i oburzenie, \u017ce sam islam tolerancyjny nie jest, jest okrutny dla innowierc\u00f3w, \u017ce terroryzm, \u017ce bia\u0142a chrze\u015bcija\u0144ska Europa jest zagro\u017cona przez miliony Muzu\u0142man\u00f3w, kt\u00f3rzy dotr\u0105 i do Polski (wi\u0119c po co wywo\u0142ywa\u0107 wilka z lasu), \u017ce symbioza jest trudna, jak o tym \u015bwiadcz\u0105 przyk\u0142ady Francji czy Niemiec, \u017ce wreszcie trudno sobie wyobrazi\u0107, by w Arabii Saudyjskiej tamtejszy re\u017cim zgodzi\u0142 si\u0119 umie\u015bci\u0107 krzy\u017c ponad miastem.<\/p>\n<p>Wszystko to prawda, ale nie ca\u0142a. Czy nam si\u0119 to podoba czy nie \u2013 Islam puka do naszych drzwi, coraz wi\u0119cej b\u0119dzie imigrant\u00f3w innej ni\u017c chrze\u015bcija\u0144ska religii. Troch\u0119 przypomina to stosunek bia\u0142ej wi\u0119kszo\u015bci do Murzyn\u00f3w w USA w czasie panowania rasizmu. Owszem, czarni s\u0105 biedniejsi, cz\u0119\u015bciej pope\u0142niaj\u0105 przest\u0119pstwa, gwa\u0142c\u0105 tak\u017ce bia\u0142e kobiety, nie chcieliby\u015bmy, aby nasze c\u00f3rki wychodzi\u0142y za m\u0105\u017c za Murzyn\u00f3w, kiedy Murzyni si\u0119 wprowadzaj\u0105, to ceny nieruchomo\u015bci spadaj\u0105, itd., itp. Wszystko to opisa\u0142 znakomity czarnosk\u00f3ry Amerykanin James Baldwin. Ale to s\u0105 p\u00f3\u0142prawdy.<\/p>\n<p>Tak naprawd\u0119 Rajkowskiej nie chodzi o Arab\u00f3w ani o Muzu\u0142man\u00f3w. Chodzi o nas \u2013 czy jeste\u015bmy w stanie pogodzi\u0107 si\u0119 z faktem, \u017ce \u015bwiat nie jest i nigdy nie b\u0119dzie taki jak Polska. Jest pi\u0119kny dzi\u0119ki swojej r\u00f3\u017cnorodno\u015bci. Dlatego popieram projekt Rajkowskiej. Mo\u017ce kiedy\u015b w Riadzie pojawi si\u0119 arabska Rajkowska, dzi\u015b odleg\u0142a o lata \u015bwietlne od tamtejszej rzeczywisto\u015bci. Zaproponuje krzy\u017c albo gwiazd\u0119 Dawida na szczycie komina, i nie zostanie za to ukamienowana.<\/p>\n","protected":false},"excerpt":{"rendered":"<p>Chocia\u017c s\u0105 tematy bardziej odpowiednie dla komentatora politycznego (np. decyzja Trybuna\u0142u Konstytucyjnego w Niemczech, \u017ce traktat lizbo\u0144ski nie jest sprzeczny z konstytucj\u0105, \u201eTusk zalany\u201d, czyli premier u powodzian, albo kolejna kolacja u prezydenta Kaczy\u0144skiego dla by\u0142ych ministr\u00f3w finans\u00f3w z wyj\u0105tkiem Leszka Balcerowicza), ja wybieram minaret na kominie. A dok\u0142adniej &#8211; projekt artystki, Joanny Rajkowskiej, aby [&hellip;]<\/p>\n","protected":false},"author":4,"featured_media":0,"comment_status":"open","ping_status":"open","sticky":false,"template":"","format":"standard","meta":{"footnotes":""},"categories":[1],"tags":[],"_links":{"self":[{"href":"https:\/\/blog.polityka.pl\/passent\/wp-json\/wp\/v2\/posts\/584"}],"collection":[{"href":"https:\/\/blog.polityka.pl\/passent\/wp-json\/wp\/v2\/posts"}],"about":[{"href":"https:\/\/blog.polityka.pl\/passent\/wp-json\/wp\/v2\/types\/post"}],"author":[{"embeddable":true,"href":"https:\/\/blog.polityka.pl\/passent\/wp-json\/wp\/v2\/users\/4"}],"replies":[{"embeddable":true,"href":"https:\/\/blog.polityka.pl\/passent\/wp-json\/wp\/v2\/comments?post=584"}],"version-history":[{"count":0,"href":"https:\/\/blog.polityka.pl\/passent\/wp-json\/wp\/v2\/posts\/584\/revisions"}],"wp:attachment":[{"href":"https:\/\/blog.polityka.pl\/passent\/wp-json\/wp\/v2\/media?parent=584"}],"wp:term":[{"taxonomy":"category","embeddable":true,"href":"https:\/\/blog.polityka.pl\/passent\/wp-json\/wp\/v2\/categories?post=584"},{"taxonomy":"post_tag","embeddable":true,"href":"https:\/\/blog.polityka.pl\/passent\/wp-json\/wp\/v2\/tags?post=584"}],"curies":[{"name":"wp","href":"https:\/\/api.w.org\/{rel}","templated":true}]}}