
{"id":5840,"date":"2019-12-19T23:14:58","date_gmt":"2019-12-19T22:14:58","guid":{"rendered":"https:\/\/passent.blog.polityka.pl\/?p=5840"},"modified":"2019-12-20T08:11:25","modified_gmt":"2019-12-20T07:11:25","slug":"jak-wygrac-wybory-na-kanapie","status":"publish","type":"post","link":"https:\/\/blog.polityka.pl\/passent\/2019\/12\/19\/jak-wygrac-wybory-na-kanapie\/","title":{"rendered":"Jak wygra\u0107 wybory na kanapie"},"content":{"rendered":"\n<p>To ja, ponad 80-letni dziad, mog\u0142em by\u0107 na manifestacji przed Sejmem, a damy i huzary z opozycji, w liczbie 27 os\u00f3b, nie raczy\u0142y pojawi\u0107 si\u0119 w Sejmie na najwa\u017cniejszym g\u0142osowaniu w tej kadencji?<\/p>\n\n\n\n<!--more-->\n\n\n\n<p>Jestem zdegustowany, ale nie zaskoczony. Cz\u0119\u015b\u0107 opozycji, zw\u0142aszcza Koalicji Obywatelskiej, ma wa\u017cniejsze sprawy na g\u0142owie ni\u017c walka. Budka walczy ze Schetyn\u0105, Schetyna z Budk\u0105, walcz\u0105 o w\u0142adz\u0119 w partii, potem b\u0119d\u0105 my\u015ble\u0107 o kraju. Padaj\u0105 rozmaite wyja\u015bnienia masowej nieobecno\u015bci: s\u0142aba praca klubu parlamentarnego, wielu pos\u0142\u00f3w jest m\u0142odych (!! Poncyljusz, Kluzik-Rostkowska, Zwiefka i inni m\u0142odzi, ha, ha, ha), ukarano ich finansowo, Schetyna wini Budk\u0119 i odwrotnie, a to wszystko s\u0105 \u201eargumenty\u201d o kant sto\u0142u pot\u0142uc. PP. Borowczak, Kluzik-Rostkowska, Poncyljusz, Zwiefka, Napieralski, Gdula, Rozenek i inni dobrze wiedz\u0105, czym kaczka wod\u0119 pije.&nbsp;Gdyby im zale\u017ca\u0142o, toby tam warowali.<\/p>\n\n\n\n<p>Nie przyszli, bo im nie zale\u017cy tak, \u017ceby gry\u017a\u0107 ziemi\u0119. Nie przyszli, bo nie wiedz\u0105, co to walka do ostatniego g\u0142osu. Powinni si\u0119 wstydzi\u0107 na widok Jaros\u0142awa Kaczy\u0144skiego, kt\u00f3ry o kulach (a nie \u201eszwedkach\u201d) i mimo&nbsp; zaawansowanego wieku&nbsp;przyszed\u0142, natomiast nasze damy i paniska nie raczy\u0142y si\u0119 pofatygowa\u0107. Usprawiedliwiali si\u0119 jak dzieci w szkole. A ich nieobecno\u015b\u0107 i skandaliczne zaniechanie nie powinny by\u0107 niczyim zaskoczeniem.&nbsp;Koalicja bez szerzej znanego programu i hase\u0142 wyborczych, nieobecna na co dzie\u0144, bez porywaj\u0105cych kandydatek (-\u00f3w) &#8211; dlaczeg\u00f3\u017c jej pos\u0142owie i pos\u0142anki mieliby si\u0119 zwlec ze swoich legowisk i czyha\u0107 na Wiejskiej? Woleli odda\u0107 g\u0142osowanie walkowerem, ni\u017c podnie\u015b\u0107 r\u0119k\u0119 w \u201ez g\u00f3ry przegranej\u201d sprawie, bo szansa na wygran\u0105 ze Zjednoczon\u0105 Prawic\u0105 by\u0142a znikoma.<\/p>\n\n\n\n<p>Bez serc, bez ducha \u2013 taka jest ta opozycja i obawiam si\u0119, \u017ce pani marsza\u0142ek Kidawa-B\u0142o\u0144ska niewiele tu zmieni. Jak taka Koalicja, jak taka Platforma z o\u0142owiem w ty\u0142ku zerwie si\u0119 do lotu, by przeprowadzi\u0107&nbsp;wymagaj\u0105c\u0105 tytanicznej pracy kampani\u0119 wyborcz\u0105? Czy kto\u015b w to wierzy? Ja wierz\u0119, \u017ce pani marsza\u0142ek jest uosobieniem wielu zalet: genealogia, kultura, skromno\u015b\u0107, takt, ma\u0142y elektorat negatywny, ale jako\u015b trudno sobie wyobrazi\u0107, \u017ceby taka osoba sama da\u0142a rad\u0119 Dudzie i PiS-owi. Jak Duda zacznie krzycze\u0107, a kibole skandowa\u0107, to kto b\u0119dzie s\u0142ysza\u0142 nawet najbardziej eleganck\u0105 pani\u0105 M.K-B? Troch\u0119 rozumiem wo\u0142anie Frasyniuka: Zdj\u0105\u0107 r\u0119kawiczki, wi\u0119cej ognia!<\/p>\n\n\n\n<p>I z jakim programem, z jakimi has\u0142ami, z czym do go\u015bcia, kt\u00f3ry straszy uchod\u017acami, zbocze\u0144cami z LGBT, rozda\u0142 miliony i&nbsp;ma si\u0119 czym chwali\u0107? Konstytucja, KRS, Bana\u015b, Srebrne Wie\u017ce, KNF \u2013 ilu ludzi to wzrusza? Wczoraj, mimo \u015bwietnej pogody, nie by\u0142o nas osza\u0142amiaj\u0105co wiele,&nbsp;a \u015bredni wiek manifestant\u00f3w nie napawa\u0142 optymizmem. Ani si\u0119 wyborca tym nie nakarmi, ani nie napije jak za 500+, trzynast\u0105 emerytur\u0119 (a w\u0142a\u015bciwie jej cz\u0119\u015b\u0107), obni\u017cenie progu podatkowego, skr\u00f3cenie wieku emerytalnego i inne korzy\u015bci, kt\u00f3re \u201eopozycja zabierze\u201d.<\/p>\n\n\n\n<p>Niekt\u00f3rzy m\u0119drcy m\u00f3wi\u0105, \u017ce Duda jest do ogrania. Oby mieli racj\u0119. Ale \u017ceby wygra\u0107, trzeba mie\u0107 wsp\u00f3ln\u0105 taktyk\u0119, plan, zgod\u0119 w szatni, trzeba mie\u0107 trenera z prawdziwego zdarzenia, trzeba gry\u017a\u0107 traw\u0119 i gra\u0107 wszyscy za jednego i jeden za wszystkich, a nie ka\u017cdy na siebie, najlepiej w domu, przed telewizorem ogl\u0105da\u0107 mecz Real\u2013Barcelona. \u017beby si\u0119 chocia\u017c od nich czego\u015b nauczyli\u2026<\/p>\n\n\n\n<p><strong>Zaproszenie<\/strong><br>Red. naczelny Bogus\u0142aw Chrabota (&#8222;Rzeczpospolita&#8221;), dr Anna Materska-Sosnowska (politolo\u017cka, UW) oraz Marek Ostrowski (&#8222;Polityka&#8221;) b\u0119d\u0105 naszymi go\u015b\u0107mi w TOK FM &#8211; niedziela 22 grudnia, godz. 10:05. Zapraszam od\u015bwi\u0119tnie!<\/p>\n","protected":false},"excerpt":{"rendered":"<p>Jestem zdegustowany, ale nie zaskoczony. Cz\u0119\u015b\u0107 opozycji, zw\u0142aszcza Koalicji Obywatelskiej, ma wa\u017cniejsze sprawy na g\u0142owie ni\u017c walka.<\/p>\n","protected":false},"author":4,"featured_media":5843,"comment_status":"open","ping_status":"closed","sticky":false,"template":"","format":"standard","meta":{"footnotes":""},"categories":[1],"tags":[],"_links":{"self":[{"href":"https:\/\/blog.polityka.pl\/passent\/wp-json\/wp\/v2\/posts\/5840"}],"collection":[{"href":"https:\/\/blog.polityka.pl\/passent\/wp-json\/wp\/v2\/posts"}],"about":[{"href":"https:\/\/blog.polityka.pl\/passent\/wp-json\/wp\/v2\/types\/post"}],"author":[{"embeddable":true,"href":"https:\/\/blog.polityka.pl\/passent\/wp-json\/wp\/v2\/users\/4"}],"replies":[{"embeddable":true,"href":"https:\/\/blog.polityka.pl\/passent\/wp-json\/wp\/v2\/comments?post=5840"}],"version-history":[{"count":4,"href":"https:\/\/blog.polityka.pl\/passent\/wp-json\/wp\/v2\/posts\/5840\/revisions"}],"predecessor-version":[{"id":5846,"href":"https:\/\/blog.polityka.pl\/passent\/wp-json\/wp\/v2\/posts\/5840\/revisions\/5846"}],"wp:featuredmedia":[{"embeddable":true,"href":"https:\/\/blog.polityka.pl\/passent\/wp-json\/wp\/v2\/media\/5843"}],"wp:attachment":[{"href":"https:\/\/blog.polityka.pl\/passent\/wp-json\/wp\/v2\/media?parent=5840"}],"wp:term":[{"taxonomy":"category","embeddable":true,"href":"https:\/\/blog.polityka.pl\/passent\/wp-json\/wp\/v2\/categories?post=5840"},{"taxonomy":"post_tag","embeddable":true,"href":"https:\/\/blog.polityka.pl\/passent\/wp-json\/wp\/v2\/tags?post=5840"}],"curies":[{"name":"wp","href":"https:\/\/api.w.org\/{rel}","templated":true}]}}