
{"id":5848,"date":"2019-12-23T18:54:23","date_gmt":"2019-12-23T17:54:23","guid":{"rendered":"https:\/\/passent.blog.polityka.pl\/?p=5848"},"modified":"2019-12-23T19:32:55","modified_gmt":"2019-12-23T18:32:55","slug":"my-z-pokolenia-polanskiego","status":"publish","type":"post","link":"https:\/\/blog.polityka.pl\/passent\/2019\/12\/23\/my-z-pokolenia-polanskiego\/","title":{"rendered":"My z pokolenia Pola\u0144skiego"},"content":{"rendered":"\n<p>Znakomita publicystka Dominika Wielowieyska tym razem zaj\u0119\u0142a si\u0119 spraw\u0105 Romana Pola\u0144skiego (\u201ePokoleniowy sp\u00f3r o Pola\u0144skiego\u201d, &#8222;GW&#8221;, 23 grudnia). Nie zabieram g\u0142osu po to, \u017ceby os\u0105dza\u0107\u00a0wybitnego artyst\u0119, tylko \u017ceby zdystansowa\u0107 si\u0119 od logiki pokoleniowej, kt\u00f3r\u0105 stosuje red. Wielowieyska, zwalaj\u0105c jak gdyby przyczyny zjawiska na dawne czasy i obyczaje.<\/p>\n\n\n\n<!--more-->\n\n\n\n<p>\u201eW tym \u015bwiecie [dominacji m\u0119\u017cczyzn \u2013 Pass.] normalne jest, \u017ce szef sypia z podw\u0142adn\u0105&#8221; \u2013 pisze Wielowieyska. Nie ma w tym nic z\u0142ego, sama chcia\u0142a. Nie\u00a0ma w tym nic nadzwyczajnego, \u017ce 40-latek uwodzi nastolatki poni\u017cej 18. roku \u017cycia. Przecie\u017c chcia\u0142y tego. Jest wolno\u015b\u0107 obyczaj\u00f3w, jest rewolucja seksualna. Ka\u017cdy \u015bpi, z kim chce.<\/p>\n\n\n\n<p>To jest \u015bwiat pokolenia Pola\u0144skiego \u2013 czytamy dalej. Ten \u015bwiat odchodzi w przesz\u0142o\u015b\u0107, a jego mieszka\u0144cy nie mog\u0105 tego przebole\u0107. Przecie\u017c by\u0142o tak fajnie. &#8222;Tymczasem tak naprawd\u0119 to jest opowie\u015b\u0107 o wykorzystywaniu w\u0142adzy i wp\u0142yw\u00f3w w sferze seksu i stosunk\u00f3w damsko-m\u0119skich. I ta opowie\u015b\u0107 si\u0119 zmienia\u201d.<\/p>\n\n\n\n<p>Nieco dalej\u00a0red. Wielowieyska \u00a0stawia kropk\u0119 nad i: \u201eW \u015bwiecie pokolenia Pola\u0144skiego jest inaczej. Oni sypiaj\u0105 z kobietami, kt\u00f3rych kariera i pensja\u00a0 od nich zale\u017c\u0105. I gdy po kilku latach b\u0119d\u0105 oskar\u017ceni o wymuszanie seksu, o nadu\u017cywanie w\u0142adzy\u00a0wobec kobiet, (\u2026) to b\u0119d\u0105 bardzo zdziwieni. Jak to? Oni niczego z\u0142ego nie zrobili. Sama chcia\u0142a\u201d.<\/p>\n\n\n\n<p>Tyle Dominika Wielowieyska. A teraz ja jako samozwa\u0144czy przedstawiciel \u201epokolenia Pola\u0144skiego\u201d, te\u017c 80+ i o podobnym (<em>tout proportions garde<\/em>) przebiegu: Holokaust, ocale\u0144cy, wielka (w przypadku Romana Pola\u0144skiego) kariera i udane \u017cycie zawodowe w moim przypadku. Wydaje mi si\u0119, \u017ce pani Wielowieyska ma troch\u0119 uproszczony pogl\u0105d na sfer\u0119 m\u0119sko-damsk\u0105 w naszym, Pola\u0144skiego i moim, \u201epokoleniu\u201d. Nie istnieje co\u015b takiego jak \u201epokolenie Pola\u0144skiego\u201d. Stosunki w Hollywood ma\u0142o przypominaj\u0105 \u00a0stosunki w Polsce. P\u00f3\u0142 wieku temu wykorzystywanie seksualne kobiet nie by\u0142o tak rozpowszechnione,\u00a0jak by wynika\u0142o z artyku\u0142u pani Wielowieyskiej. Los kobiet bardziej ni\u017c dzisiaj zale\u017ca\u0142 od prze\u0142o\u017conych p\u0142ci\u00a0m\u0119skiej, ale awans przez \u0142\u00f3\u017cko nie by\u0142 tak powszechny, by m\u00f3wi\u0107 o \u201epokoleniu\u201d Pola\u0144skiego.<\/p>\n\n\n\n<p>\u015arodowiska, w kt\u00f3rych ja si\u0119 obraca\u0142em i o kt\u00f3rych mog\u0119 mie\u0107 swoje zdanie, od koedukacyjnego domu akademickiego w St. Petersburgu (1955\/56) i \u0142\u0105cznie siedmiu lat w USA,\u00a0poprzez \u015brodowisko dziennikarskie i dyplomatyczne II po\u0142owy XX w., w tym odpowiedzialne stanowisko w ameryka\u0144skiej redakcji w Bostonie w latach 90. &#8211; nie potwierdzaj\u0105 tak kategorycznej diagnozy red. Wielowieyskiej. Nie by\u0142o to takie proste. Za czas\u00f3w naszego \u201epokolenia\u201d dziewczyny i kobiety mia\u0142y co\u015b do powiedzenia w sprawie swoich relacji z m\u0119\u017cczyznami, umia\u0142y zapala\u0107 zielone, \u017c\u00f3\u0142te lub czerwone \u015bwiat\u0142o. Owszem, by\u0142y kontakty interesowne, ale to by\u0142 margines. O awansach w\u00a0du\u017cym stopniu decydowa\u0142y inne wzgl\u0119dy. Poza historiami z Hollywood nie s\u0142ysza\u0142em o przypadkach wykorzystywania substancji narkotycznych czy innych powoduj\u0105cych\u00a0zgod\u0119 kobiet na wsp\u00f3\u0142\u017cycie. Jedyn\u0105 tak\u0105 \u201esubstancj\u0105\u201d, do\u015b\u0107 powszechnie stosowan\u0105,\u00a0by\u0142 alkohol, ale to inna sprawa.<\/p>\n\n\n\n<p>Wydaje si\u0119, \u017ce je\u015bli ju\u017c artyku\u0142 p. Wielowieyskiej jest po cz\u0119\u015bci trafny, to w odniesieniu do pewnych \u015brodowisk, a nie do \u201epokolenia\u201d. W naszym pokoleniu ogromna wi\u0119kszo\u015b\u0107 wiedzia\u0142a, co jest dobre, a co z\u0142e, kto to jest nieletnia, kto jest d\u017centelmenem, co to jest\u00a0kultura i odpowiedzialno\u015b\u0107.\u00a0A \u017ce nie ka\u017cdy bra\u0142 to sobie do\u00a0serca, to inna sprawa.<\/p>\n\n\n\n<p>Przy okazji: najlepsze \u017cyczenia \u015bwi\u0105teczne i noworoczne dla pani redaktor, a tak\u017ce dla ca\u0142ego blogowiska!<\/p>\n\n\n\n<p>PS W niedziel\u0119 29 grudnia o godz. 10:05 \u00a0naszym go\u015bciem w TOK FM b\u0119dzie znany historyk prof. Marcin Kula. B\u0119dziemy rozmawiali o tzw. polityce historycznej. Zapraszam!<\/p>\n","protected":false},"excerpt":{"rendered":"<p>To jest \u015bwiat pokolenia Pola\u0144skiego \u2013 czytamy.<\/p>\n","protected":false},"author":4,"featured_media":5851,"comment_status":"open","ping_status":"closed","sticky":false,"template":"","format":"standard","meta":{"footnotes":""},"categories":[1],"tags":[],"_links":{"self":[{"href":"https:\/\/blog.polityka.pl\/passent\/wp-json\/wp\/v2\/posts\/5848"}],"collection":[{"href":"https:\/\/blog.polityka.pl\/passent\/wp-json\/wp\/v2\/posts"}],"about":[{"href":"https:\/\/blog.polityka.pl\/passent\/wp-json\/wp\/v2\/types\/post"}],"author":[{"embeddable":true,"href":"https:\/\/blog.polityka.pl\/passent\/wp-json\/wp\/v2\/users\/4"}],"replies":[{"embeddable":true,"href":"https:\/\/blog.polityka.pl\/passent\/wp-json\/wp\/v2\/comments?post=5848"}],"version-history":[{"count":2,"href":"https:\/\/blog.polityka.pl\/passent\/wp-json\/wp\/v2\/posts\/5848\/revisions"}],"predecessor-version":[{"id":5852,"href":"https:\/\/blog.polityka.pl\/passent\/wp-json\/wp\/v2\/posts\/5848\/revisions\/5852"}],"wp:featuredmedia":[{"embeddable":true,"href":"https:\/\/blog.polityka.pl\/passent\/wp-json\/wp\/v2\/media\/5851"}],"wp:attachment":[{"href":"https:\/\/blog.polityka.pl\/passent\/wp-json\/wp\/v2\/media?parent=5848"}],"wp:term":[{"taxonomy":"category","embeddable":true,"href":"https:\/\/blog.polityka.pl\/passent\/wp-json\/wp\/v2\/categories?post=5848"},{"taxonomy":"post_tag","embeddable":true,"href":"https:\/\/blog.polityka.pl\/passent\/wp-json\/wp\/v2\/tags?post=5848"}],"curies":[{"name":"wp","href":"https:\/\/api.w.org\/{rel}","templated":true}]}}