
{"id":585,"date":"2009-07-05T23:08:11","date_gmt":"2009-07-05T21:08:11","guid":{"rendered":"http:\/\/passent.blog.polityka.pl\/?p=585"},"modified":"2009-07-06T00:39:07","modified_gmt":"2009-07-05T22:39:07","slug":"strach-paralizuje-tvp","status":"publish","type":"post","link":"https:\/\/blog.polityka.pl\/passent\/2009\/07\/05\/strach-paralizuje-tvp\/","title":{"rendered":"Strach parali\u017cuje TVP"},"content":{"rendered":"<p><strong>Kilka dni sp\u0119dzi\u0142em nad morzem, a konkretnie w Ustce. Wia\u0142 taki wiatr, \u017ce gdyby nie imponuj\u0105cy falochron, to by\u0142bym ju\u017c chyba na Bornholmie. Za to wieczorem ogl\u0105da\u0142em Wiadomo\u015bci TVP i tam znajdowa\u0142em ukojenie<\/strong>.<\/p>\n<p>W ubieg\u0142ym tygodniu na tzw. scenie politycznej grano dwie farsy. Pierwsza to zamieszanie w TVP, w rolach g\u0142\u00f3wnych PP. Farfa\u0142 i Siwek (a za kulisami PP. Giertych i Kaczy\u0144ski). Farsa druga \u2013 to ta z PP. Olechowskim i Piskorskim w rolach g\u0142\u00f3wnych.<\/p>\n<p>Wieczorem, o godzinie 19.30 zasiada\u0142em przed telewizorem, \u017ceby prosto u \u017ar\u00f3d\u0142a, czyli w Wiadomo\u015bciach TVP, dowiedzie\u0107 si\u0119, co nowego w rozgrywce o telewizje publiczn\u0105. Prasa codzienna podsyca\u0142a zainteresowanie. \u201ePiS ZNOWU BIERZE TVP\u201d \u2013 g\u0142osi\u0142 wielki tytu\u0142 na czo\u0142\u00f3wce \u201eGazety Wyborczej\u201d. \u201eKolejny przewr\u00f3t na Woronicza\u201d. Potrzeszcz \u2013 czytamy \u2013 nieoczekiwanie zawiesi\u0142 Farfa\u0142a, a odwiesi\u0142 Siwka z Bochenkiem, ale bez Urba\u0144skiego. Na czo\u0142\u00f3wce \u201eDziennika\u201d r\u00f3wnie wielki tytu\u0142 \u201ePiS USUWA FARFA\u0141A I CHCE ODBI\u0106 TVP\u201d.<\/p>\n<p>Nic dziwnego, \u017ce by\u0142em ciekaw, co na ten temat maj\u0105 do powiedzenia Wiadomo\u015bci TVP. I prosz\u0119 sobie wyobrazi\u0107, \u017ce przez kolejne wieczory, do 5 lipca, kiedy pisz\u0119 te s\u0142owa, nie pad\u0142o na ten temat ani jedno s\u0142owo! Najbardziej ogl\u0105dany program informacyjny w Polsce nie wspomina ani s\u0142owem o tym, co wydawa\u0142o si\u0119 by\u0107 oczywiste, \u017ce w jego sercu, w TVP, trwa walka o w\u0142adz\u0119, kt\u00f3ra b\u0119dzie mia\u0142a by\u0107 mo\u017ce decyduj\u0105cy wp\u0142yw na los Wiadomo\u015bci, a wi\u0119c na to, co ogl\u0105daj\u0105 miliony Polak\u00f3w. C\u00f3\u017c za brak profesjonalizmu! A mo\u017ce po prostu asekuranctwo, fa\u0142szywa skromno\u015b\u0107 (\u201enie b\u0119dziemy zawraca\u0107 g\u0142owy telewidzom naszymi sprawami\u201d), strach redaktor\u00f3w i wydawc\u00f3w, kt\u00f3rzy nie wiedz\u0105, co powiedzie\u0107, po prostu boj\u0105 si\u0119. Rozumiem strach przed zaj\u0119ciem stanowiska, ale mo\u017cna by\u0142o cho\u0107by odby\u0107 dwie kr\u00f3tkie rozmowy, odda\u0107 g\u0142os innym, zacytowa\u0107 media, a nie udawa\u0107, \u017ce na Woronicza nic si\u0119 nie dzieje.<\/p>\n<p>Michael Jackson \u2013 oczywi\u015bcie by\u0142, do Kalifornii dotar\u0142 nawet spec &#8211; wys\u0142annik Wiadomo\u015bci. Zjazd \u017caglowc\u00f3w w Gdyni \u2013 by\u0142, bo to temat fotogeniczny i wdzi\u0119czny. By\u0142y tak\u017ce sprawy wa\u017cne (np. Tusk o podatkach), ale przysz\u0142o\u015b\u0107 TVP, w czasie kiedy decyduj\u0105 si\u0119 losy ustawy o mediach publicznych i kierownictwa tej instytucji \u2013 przez kilka ostatnich dni do Wiadomo\u015bci nie trafi\u0142a.<\/p>\n<p>To milczenie ma tylko jedno usprawiedliwienie \u2013 parali\u017cuj\u0105cy strach.<\/p>\n<p>***<\/p>\n<p><strong>PS<\/strong>: Pr\u00f3by pomniejszenia sukcesu Polski, Buzka i Tuska w Brukseli s\u0105 \u017cenuj\u0105ce. Od kiedy <a href=\"http:\/\/www.polityka.pl\/buzek-szefem-pe\/Lead33,934,295960,18\/\" target=\"_blank\"><strong>sukces polskiego kandydata<\/strong><\/a> na stanowisko przewodnicz\u0105cego PE sta\u0142 si\u0119 realny, zaczyna sie g\u0119ganie, \u017ce to jest stanowisko dekoracyjne, a tak\u017ce, \u017ce wa\u017cniejsza jest teka, jak\u0105 otrzyma polski komisarz. (Tak m\u00f3wi m.in. eurodeputowany PiS, Marek Migalski).\u00a0 To g\u0119ganie to \u017cenada. Ciekawe, jak by g\u0119gali g\u0119gacze, gdyby szefem PE mia\u0142 zosta\u0107 polityk PiS, np. Adam Bielan czy Micha\u0142 Kami\u0144ski. Nigdy nie wypada by\u0107 ma\u0142ostkowym ani zawistnym, a ju\u017c w takiej chwili &#8211; szczeg\u00f3lnie.<\/p>\n","protected":false},"excerpt":{"rendered":"<p>Kilka dni sp\u0119dzi\u0142em nad morzem, a konkretnie w Ustce. Wia\u0142 taki wiatr, \u017ce gdyby nie imponuj\u0105cy falochron, to by\u0142bym ju\u017c chyba na Bornholmie. Za to wieczorem ogl\u0105da\u0142em Wiadomo\u015bci TVP i tam znajdowa\u0142em ukojenie. W ubieg\u0142ym tygodniu na tzw. scenie politycznej grano dwie farsy. Pierwsza to zamieszanie w TVP, w rolach g\u0142\u00f3wnych PP. Farfa\u0142 i Siwek [&hellip;]<\/p>\n","protected":false},"author":4,"featured_media":0,"comment_status":"open","ping_status":"open","sticky":false,"template":"","format":"standard","meta":{"footnotes":""},"categories":[1],"tags":[],"_links":{"self":[{"href":"https:\/\/blog.polityka.pl\/passent\/wp-json\/wp\/v2\/posts\/585"}],"collection":[{"href":"https:\/\/blog.polityka.pl\/passent\/wp-json\/wp\/v2\/posts"}],"about":[{"href":"https:\/\/blog.polityka.pl\/passent\/wp-json\/wp\/v2\/types\/post"}],"author":[{"embeddable":true,"href":"https:\/\/blog.polityka.pl\/passent\/wp-json\/wp\/v2\/users\/4"}],"replies":[{"embeddable":true,"href":"https:\/\/blog.polityka.pl\/passent\/wp-json\/wp\/v2\/comments?post=585"}],"version-history":[{"count":0,"href":"https:\/\/blog.polityka.pl\/passent\/wp-json\/wp\/v2\/posts\/585\/revisions"}],"wp:attachment":[{"href":"https:\/\/blog.polityka.pl\/passent\/wp-json\/wp\/v2\/media?parent=585"}],"wp:term":[{"taxonomy":"category","embeddable":true,"href":"https:\/\/blog.polityka.pl\/passent\/wp-json\/wp\/v2\/categories?post=585"},{"taxonomy":"post_tag","embeddable":true,"href":"https:\/\/blog.polityka.pl\/passent\/wp-json\/wp\/v2\/tags?post=585"}],"curies":[{"name":"wp","href":"https:\/\/api.w.org\/{rel}","templated":true}]}}