
{"id":5858,"date":"2019-12-31T18:21:57","date_gmt":"2019-12-31T17:21:57","guid":{"rendered":"https:\/\/passent.blog.polityka.pl\/?p=5858"},"modified":"2020-01-01T09:24:50","modified_gmt":"2020-01-01T08:24:50","slug":"zatruty-zloty-wiek","status":"publish","type":"post","link":"https:\/\/blog.polityka.pl\/passent\/2019\/12\/31\/zatruty-zloty-wiek\/","title":{"rendered":"Zatruty z\u0142oty wiek"},"content":{"rendered":"\n<p>Jaki b\u0119dzie rok nast\u0119pny? Kto poszed\u0142 w g\u00f3r\u0119, a kto w d\u00f3\u0142? Uprzedzaj\u0105c ewentualne pytania, napisz\u0119 bez zaproszenia, jaki to by\u0142 rok dla Polski.<\/p>\n\n\n\n<!--more-->\n\n\n\n<p>Na d\u0142ug\u0105 met\u0119 w takim sensie, w jakim historycy pisz\u0105 o \u201ed\u0142ugim\u00a0trwaniu\u201d, trwa\u0142y zjawiska\u00a0zepsu\u0107, ale o tym ni\u017cej. Trwa ju\u017c \u00f3sma dekada bez\u00a0wojny, to znaczy dwa\u2013trzy pokolenia\u00a0bez\u00a0trwogi, w kraju o bezpiecznych granicach, od lat w NATO i Unii Europejskiej, kt\u00f3re prze\u017cywaj\u0105 pewien\u00a0kryzys, ale to jest nasz kryzys, a nie tylko ich problem. Je\u017celi pozycja Polski ulega os\u0142abieniu, to z naszej winy. Putin mo\u017ce si\u0119 na Polsk\u0119 z\u017cyma\u0107 za wsparcie dla Ukrainy, za obecno\u015b\u0107 wojsk USA na naszym terytorium,\u00a0za\u00a0 bazy\u00a0ameryka\u0144skie w kraju b\u0105d\u017a co b\u0105d\u017a s\u0105siednim, ale to jest nasza gwarancja pokoju. Jak\u017ce to inna sytuacja ni\u017c Ukrainy i Bia\u0142orusi.<\/p>\n\n\n\n<p>Pod wzgl\u0119dem gospodarczym w Polsce (z pewn\u0105 przesad\u0105) trwa z\u0142oty wiek. Ponad 30 lat nieprzerwanego wzrostu. Polska\u00a0nale\u017cy do czo\u0142\u00f3wki europejskiej i \u015bwiatowej. Dystans mi\u0119dzy ni\u0105 a Zachodem\u00a0si\u0119 skraca i je\u015bli\u00a0nie b\u0119dzie \u017cadnej katastrofy, pewnego dnia oka\u017ce si\u0119, \u017ce Chruszczow mia\u0142 racj\u0119 \u2013 \u201edogonimy i przegonimy\u201d (hi! hi! to\u00a0dotyczy\u0142o nieistniej\u0105cego ju\u017c ZSRR). Oczywi\u015bcie by\u0142y b\u0142\u0119dy i koszty, kto\u015b za t\u0119 transformacj\u0119 zap\u0142aci\u0142, kto inny si\u0119 wzbogaci\u0142, mo\u017ce nale\u017ca\u0142o wolniej, ale sprawiedliwiej, tyle \u017ce to ju\u017c s\u0105 spory genera\u0142\u00f3w po wygranej wojnie.\u00a0Poka\u017ccie mi kraj, w kt\u00f3rym zrobiono to lepiej. Pewn\u0105 korekt\u0105 jest 500+, ale rozpi\u0119to\u015b\u0107 dochod\u00f3w i kryzys demograficzny pozostaj\u0105 problemami.<\/p>\n\n\n\n<p>W polityce wewn\u0119trznej by\u0142 to kolejny rok fatalny. Trwa degradacja instytucji pa\u0144stwa, Trybuna\u0142u Konstytucyjnego, Sejmu, urz\u0119du prezydenta, s\u0105downictwa, medi\u00f3w publicznych, kt\u00f3re s\u0105 sprowadzone do medi\u00f3w partyjnych, ogromne subwencje p\u0142yn\u0105 z bud\u017cetu pa\u0144stwa do prorz\u0105dowych medi\u00f3w prywatnych oraz do instytucji ko\u015bcielnych. Trwa obr\u00f3bka \u201enowego cz\u0142owieka\u201d, pisanie historii i prawa od nowa na potrzeby rz\u0105dz\u0105cych. Trwa \u201enaprawa\u201d\u00a0muze\u00f3w, kinematografii, \u201etrzeciego sektora\u201d, prokuratury. Afera goni\u00a0afer\u0119: Srebrna, Piebiak, szubienice dla europos\u0142\u00f3w i pos\u0142anek, Marian\u00a0Bana\u015b \u2013 czego jeszcze potrzeba?<\/p>\n\n\n\n<p>Sprawiedliwo\u015b\u0107 jednakowa dla wszystkich pozostaje frazesem. Wbrew gadaninie o jedno\u015bci, wsp\u00f3lnocie, prezydenturze dla wszystkich Polak\u00f3w \u2013 podzia\u0142 trwa i si\u0119 pog\u0142\u0119bia. Prezydent m\u00f3wi, \u017ce wstydzi si\u0119 (!) za pierwsz\u0105 prezes S\u0105du Najwy\u017cszego, grozi palcem i po nazwisku. Najwa\u017cniejsze ustawy przyjmuje si\u0119 bez konsultacji, w tempie ekspresowym, a nominacje odbywaj\u0105 si\u0119 pod os\u0142on\u0105 nocy, bez udzia\u0142u medi\u00f3w.<\/p>\n\n\n\n<p>Na arenie mi\u0119dzynarodowej jeste\u015bmy coraz bardziej osamotnieni. Werbalna napa\u015b\u0107 Putina na Polsk\u0119 nie spotka\u0142a si\u0119 z nale\u017cytym odporem pa\u0144stw trzecich (\u017caden z przyw\u00f3dc\u00f3w zachodnich nie zabra\u0142 g\u0142osu). Kosztowne transakcje z Trumpem to jedno, a os\u0142abiona pozycja w Unii Europejskiej i w regionie \u2013 to drugie. Sen o pot\u0119dze si\u0119 nie sprawdzi\u0142.<\/p>\n\n\n\n<p>W nowym roku ka\u017cdy z nas musi robi\u0107 swoje, tak jak s\u0119dziowie, kt\u00f3rzy m\u00f3wi\u0105 \u201enie\u201d, bo nikt tego za nas nie zrobi. Oby 2020 r. by\u0142 lepszy ni\u017c 2019! Najlepsze \u017cyczenia sk\u0142ada gospodarz bloga!<\/p>\n\n\n\n<p><strong>Zaproszenie<\/strong><br>Profesor Antoni DUDEK, historyk i politolog, dr Karolina WIGURA (UW, &#8222;Krytyka Liberalna&#8221;) i Witold JURASZ (dyplomata, dyr. O\u015brodka Studi\u00f3w Strategicznych) b\u0119d\u0105 naszymi go\u015b\u0107mi w TOK FM, niedziela 5 stycznia, godz. 10:05.<\/p>\n","protected":false},"excerpt":{"rendered":"<p>Jaki b\u0119dzie rok nast\u0119pny? Kto poszed\u0142 w g\u00f3r\u0119, a kto w d\u00f3\u0142?<\/p>\n","protected":false},"author":4,"featured_media":5864,"comment_status":"open","ping_status":"closed","sticky":false,"template":"","format":"standard","meta":{"footnotes":""},"categories":[1],"tags":[],"_links":{"self":[{"href":"https:\/\/blog.polityka.pl\/passent\/wp-json\/wp\/v2\/posts\/5858"}],"collection":[{"href":"https:\/\/blog.polityka.pl\/passent\/wp-json\/wp\/v2\/posts"}],"about":[{"href":"https:\/\/blog.polityka.pl\/passent\/wp-json\/wp\/v2\/types\/post"}],"author":[{"embeddable":true,"href":"https:\/\/blog.polityka.pl\/passent\/wp-json\/wp\/v2\/users\/4"}],"replies":[{"embeddable":true,"href":"https:\/\/blog.polityka.pl\/passent\/wp-json\/wp\/v2\/comments?post=5858"}],"version-history":[{"count":4,"href":"https:\/\/blog.polityka.pl\/passent\/wp-json\/wp\/v2\/posts\/5858\/revisions"}],"predecessor-version":[{"id":5865,"href":"https:\/\/blog.polityka.pl\/passent\/wp-json\/wp\/v2\/posts\/5858\/revisions\/5865"}],"wp:featuredmedia":[{"embeddable":true,"href":"https:\/\/blog.polityka.pl\/passent\/wp-json\/wp\/v2\/media\/5864"}],"wp:attachment":[{"href":"https:\/\/blog.polityka.pl\/passent\/wp-json\/wp\/v2\/media?parent=5858"}],"wp:term":[{"taxonomy":"category","embeddable":true,"href":"https:\/\/blog.polityka.pl\/passent\/wp-json\/wp\/v2\/categories?post=5858"},{"taxonomy":"post_tag","embeddable":true,"href":"https:\/\/blog.polityka.pl\/passent\/wp-json\/wp\/v2\/tags?post=5858"}],"curies":[{"name":"wp","href":"https:\/\/api.w.org\/{rel}","templated":true}]}}