
{"id":5866,"date":"2020-01-05T20:01:48","date_gmt":"2020-01-05T19:01:48","guid":{"rendered":"https:\/\/passent.blog.polityka.pl\/?p=5866"},"modified":"2020-01-06T01:42:37","modified_gmt":"2020-01-06T00:42:37","slug":"grodzki-do-budy","status":"publish","type":"post","link":"https:\/\/blog.polityka.pl\/passent\/2020\/01\/05\/grodzki-do-budy\/","title":{"rendered":"Grodzki do budy!"},"content":{"rendered":"\n<p>Zbrodnia to nies\u0142ychana: marsza\u0142ek Senatu Tomasz Grodzki wybiera si\u0119 do Brukseli na spotkanie z wiceprzewodnicz\u0105c\u0105 Komisji Europejskiej Vier\u0105 Jourov\u0105, by&nbsp;rozmawia\u0107 na temat&nbsp;ustawy o s\u0105downictwie. Jak on \u015bmie? \u2013 gotuj\u0105 si\u0119 z oburzenia przedstawiciele w\u0142adz: prof. Krzysztof Szczerski, szef gabinetu prezydenta, eurodeputowany prof. Karol Karski i inni. Oraz prorz\u0105dowe media.<\/p>\n\n\n\n<!--more-->\n\n\n\n<p>Jeden i drugi szczuj\u0105 i szanta\u017cuj\u0105. Karski m\u00f3wi, \u017ce wyjazd marsza\u0142ka jest sprzeczny z konstytucj\u0105, kt\u00f3ra wyra\u017anie okre\u015bla, kto prowadzi polityk\u0119 zagraniczn\u0105. Europose\u0142 orzeka, \u017ce marsza\u0142ek prowadzi polityk\u0119 odr\u0119bn\u0105 od pa\u0144stwa polskiego, czyli ma go za zdrajc\u0119. Minister Szczerski zarzuca Grodzkiemu, \u017ce jad\u0105c do Brukseli, realizuje polityk\u0119 Putina.\u00a0Czyli Targowica.<\/p>\n\n\n\n<p>Grodzki zignorowa\u0142 Karskiego (s\u0142usznie), a Szczerskiemu odpowiedzia\u0142, \u017ce urz\u0119dnik nie b\u0119dzie zabrania\u0142 wyje\u017cd\u017ca\u0107 trzeciej osobie w pa\u0144stwie. (Ta\u00a0\u201etrzecia osoba w pa\u0144stwie\u201d bardzo uwiera prawic\u0119. Karski przeprowadzi\u0142 d\u0142u\u017cszy wyw\u00f3d, i\u017c okre\u015blenie to ma wy\u0142\u0105cznie protokolarne znaczenie). Wypowied\u017a Szczerskiego niew\u0105tpliwie by\u0142a uzgodniona z prezydentem i \u015bwiadczy o tym, \u017ce Duda zamierza prowadzi\u0107 swoj\u0105 kampani\u0119 ostro, w tonie, do jakiego przywykli\u015bmy, gdy np. wypowiada si\u0119 o s\u0119dziach i obra\u017ca pierwsz\u0105 prezes SN prof. Ma\u0142gorzat\u0119 Gersdorf (\u201ejest mi wstyd\u201d itd.).<\/p>\n\n\n\n<p>Tymczasem panowie niepotrzebnie si\u0119 denerwuj\u0105. Unia Europejska to nie jest taka sama zagranica jak Rosja, Ukraina czy Chiny, poza tym \u017cadne z tych pa\u0144stw nie jest miarodajne w sprawach s\u0105downictwa i praw cz\u0142owieka. Nie mieliby\u015bmy nic przeciwko temu, \u017ceby zast\u0119pc\u0105 przewodnicz\u0105cego KE do spraw praworz\u0105dno\u015bci by\u0142(a) przedstawiciel naszego kraju. Jeste\u015bmy cz\u0142onkami Unii, obowi\u0105zuj\u0105 nas traktaty, podzielamy wsp\u00f3lne warto\u015bci, a nie tylko bud\u017cet.<\/p>\n\n\n\n<p>Szczerski i Karski chc\u0105 wyda\u0107 Grodzkiemu \u201ezakaz opuszczania koszar\u201d, poniewa\u017c nie mog\u0105 \u015bcierpie\u0107 niezale\u017cno\u015bci w\u0142adzy ustawodawczej (Senatu) od w\u0142adzy wykonawczej (prezydenta). Sama my\u015bl, \u017ce Senat nie jest maszynk\u0105 do g\u0142osowania, napawa ich oburzeniem.\u00a0A co dopiero deliberowa\u0107, zamiast g\u0142osowa\u0107.\u00a0Znikoma przewaga opozycji w Senacie boli Zjednoczon\u0105 Prawic\u0119 jak zadra. Kto to s\u0142ysza\u0142, \u017ceby dyskutowa\u0107 \u201eposelski\u201d projekt ustawy \u201eMade by Ziobro and his boys\u201d, skoro jest to projekt\u00a0 doskona\u0142y i po poprawkach PiS w Sejmie.<\/p>\n\n\n\n<p>Co prawda Senat nie mo\u017ce odrzuci\u0107 projektu ustawy, ale sam fakt dyskusji i namys\u0142u przed g\u0142osowaniem ju\u017c ma swoje znaczenie i mo\u017ce by\u0107 zara\u017aliwy. St\u0105d wo\u0142anie: \u201eGrodzki do budy!\u201d.<\/p>\n","protected":false},"excerpt":{"rendered":"<p>Jak on \u015bmie? \u2013 gotuj\u0105 si\u0119 z oburzenia przedstawiciele w\u0142adz.<\/p>\n","protected":false},"author":4,"featured_media":5869,"comment_status":"open","ping_status":"closed","sticky":false,"template":"","format":"standard","meta":{"footnotes":""},"categories":[1],"tags":[],"_links":{"self":[{"href":"https:\/\/blog.polityka.pl\/passent\/wp-json\/wp\/v2\/posts\/5866"}],"collection":[{"href":"https:\/\/blog.polityka.pl\/passent\/wp-json\/wp\/v2\/posts"}],"about":[{"href":"https:\/\/blog.polityka.pl\/passent\/wp-json\/wp\/v2\/types\/post"}],"author":[{"embeddable":true,"href":"https:\/\/blog.polityka.pl\/passent\/wp-json\/wp\/v2\/users\/4"}],"replies":[{"embeddable":true,"href":"https:\/\/blog.polityka.pl\/passent\/wp-json\/wp\/v2\/comments?post=5866"}],"version-history":[{"count":6,"href":"https:\/\/blog.polityka.pl\/passent\/wp-json\/wp\/v2\/posts\/5866\/revisions"}],"predecessor-version":[{"id":5873,"href":"https:\/\/blog.polityka.pl\/passent\/wp-json\/wp\/v2\/posts\/5866\/revisions\/5873"}],"wp:featuredmedia":[{"embeddable":true,"href":"https:\/\/blog.polityka.pl\/passent\/wp-json\/wp\/v2\/media\/5869"}],"wp:attachment":[{"href":"https:\/\/blog.polityka.pl\/passent\/wp-json\/wp\/v2\/media?parent=5866"}],"wp:term":[{"taxonomy":"category","embeddable":true,"href":"https:\/\/blog.polityka.pl\/passent\/wp-json\/wp\/v2\/categories?post=5866"},{"taxonomy":"post_tag","embeddable":true,"href":"https:\/\/blog.polityka.pl\/passent\/wp-json\/wp\/v2\/tags?post=5866"}],"curies":[{"name":"wp","href":"https:\/\/api.w.org\/{rel}","templated":true}]}}