
{"id":5874,"date":"2020-01-07T23:40:13","date_gmt":"2020-01-07T22:40:13","guid":{"rendered":"https:\/\/passent.blog.polityka.pl\/?p=5874"},"modified":"2020-01-08T17:55:43","modified_gmt":"2020-01-08T16:55:43","slug":"nieobecni-nie-maja-racji","status":"publish","type":"post","link":"https:\/\/blog.polityka.pl\/passent\/2020\/01\/07\/nieobecni-nie-maja-racji\/","title":{"rendered":"Nieobecni nie maj\u0105 racji"},"content":{"rendered":"\n<p>Tak \u017ale i tak niedobrze. Przed \u015awiatowym Forum Holocaustu w Jerozolimie 23 stycznia 2020 r. prezydent Duda znalaz\u0142 si\u0119 w sytuacji nie do pozazdroszczenia.<\/p>\n\n\n\n<!--more-->\n\n\n\n<p>Forum organizowane jest przez Instytut Yad VaShem oraz przez fundacj\u0119 prywatn\u0105.&nbsp;S\u0105 podstawy,&nbsp;by przypuszcza\u0107, \u017ce Forum pomy\u015blane jest jako konkurencja dla obchod\u00f3w 75-lecia wyzwolenia obozu Auschwitz-Birkenau w Polsce. (Pisz\u0119 \u201ewyzwolenia\u201d, cho\u0107 nie wszystkim w Polsce to s\u0142owo przechodzi przez gard\u0142o. Nie brak takich, kt\u00f3rzy m\u00f3wi\u0105 \u201ewkroczenie\u201d wojsk sowieckich lub \u201eprzej\u0119cie\u201d obozu przez Sowiet\u00f3w. Mam dla nich propozycj\u0119: niech poka\u017c\u0105 tych wi\u0119\u017ani\u00f3w, kt\u00f3rzy woleli zosta\u0107 za drutami\u2026). Zapraszaj\u0105c przyw\u00f3dc\u00f3w z ca\u0142ego \u015bwiata, organizatorzy (celowo lub nie) tworz\u0105 konkurencj\u0119 dla obchod\u00f3w w Polsce trzy dni p\u00f3\u017aniej.<\/p>\n\n\n\n<p>Co wi\u0119cej, program przewiduje tylko wyst\u0105pienia przedstawicieli wielkich mocarstw, Niemiec, Rosji i Izraela. Oznacza\u0142oby to, \u017ce bezsilny Duda musia\u0142by wys\u0142uchiwa\u0107 ewentualnych k\u0142amstw Putina. Na to prezydent Polski nie m\u00f3g\u0142 si\u0119 zgodzi\u0107, pozosta\u0142a mu wi\u0119c nieobecno\u015b\u0107.<\/p>\n\n\n\n<p>To, \u017ce Polska nie b\u0119dzie obecna, nie jest w \u017cadnym wypadku naszym sukcesem. Nieobecni nie maj\u0105 racji. Pozostaje pytanie, czy dysponuj\u0105c zaproszeniem i znaj\u0105c program Forum, dyplomacja polska uczyni\u0142a wszystko, co mo\u017cliwe,&nbsp;\u017ceby stworzy\u0107 warunki dla udzia\u0142u prezydenta? By\u0142oby dobrze, gdyby kancelaria prezydenta i&nbsp;MSZ poda\u0142y do wiadomo\u015bci publicznej, jakie by\u0142y ich wysi\u0142ki.<\/p>\n\n\n\n<p>Cztery miesi\u0105ce to szmat&nbsp;czasu. Jak je wykorzystano? Ambasador Polski w Izraelu Marek Magierowski (by\u0142y publicysta) ma w Polsce dobr\u0105 opini\u0119 \u2013 by\u0142oby dobrze, gdyby poszed\u0142 za ciosem i ujawni\u0142 przynajmniej niekt\u00f3re starania Polski o udzia\u0142 naszego prezydenta. W przeciwnym razie nara\u017camy nas za zarzut, \u017ce nieobecno\u015b\u0107 Dudy ma na celu umniejszenie znaczenia Forum w Jerozolimie, co jest bezsensowne, ale chwytliwe.<\/p>\n\n\n\n<p>Ca\u0142\u0105 spraw\u0119 nale\u017cy widzie\u0107 na tle stosunk\u00f3w Polski z Izraelem i diaspor\u0105. Te, niestety, nie s\u0105 tak dobre jak by\u0142y za czas\u00f3w prezydent\u00f3w Aleksandra Kwa\u015bniewskiego i Lecha Kaczy\u0144skiego. Nowa polityka historyczna, w tym nieszcz\u0119sna nowelizacja ustawy o IPN, przewiduj\u0105cej penalizacj\u0119 negatywnych opinii o stosunkach polsko-\u017cydowskich w czasie II wojny \u015bwiatowej, zwalczanie historyk\u00f3w nieprawomy\u015blnych, pisanie historii od nowa &#8211; nie pozosta\u0142y bez konsekwencji. Duda i premier Morawiecki mogliby na ten temat powiedzie\u0107 wi\u0119cej.<\/p>\n\n\n\n<p>Na razie polska nieobecno\u015b\u0107 na obchodach w Jerozolimie b\u0119dzie interpretowana przeciwko Polsce. Wa\u017cne, by strona polska ujawni\u0142a, jak do tego dosz\u0142o.<\/p>\n\n\n\n<p>I jeszcze jedno: podzielam t\u0119sknot\u0119 Bartosza W\u0119glarczyka, szefa Onetu, do czas\u00f3w, kiedy prezydent&nbsp;Polski m\u00f3g\u0142 poprosi\u0107 Lecha Wa\u0142\u0119s\u0119, \u017ceby nas reprezentowa\u0142 w Jerozolimie. Niestety, stosunki prezydenta Dudy z Gda\u0144skiem s\u0105 chyba nie lepsze ni\u017c z Jerozolim\u0105.<\/p>\n","protected":false},"excerpt":{"rendered":"<p>Stosunki prezydenta Dudy z Gda\u0144skiem s\u0105 chyba nie lepsze ni\u017c z Jerozolim\u0105.<\/p>\n","protected":false},"author":4,"featured_media":5877,"comment_status":"open","ping_status":"closed","sticky":false,"template":"","format":"standard","meta":{"footnotes":""},"categories":[1],"tags":[],"_links":{"self":[{"href":"https:\/\/blog.polityka.pl\/passent\/wp-json\/wp\/v2\/posts\/5874"}],"collection":[{"href":"https:\/\/blog.polityka.pl\/passent\/wp-json\/wp\/v2\/posts"}],"about":[{"href":"https:\/\/blog.polityka.pl\/passent\/wp-json\/wp\/v2\/types\/post"}],"author":[{"embeddable":true,"href":"https:\/\/blog.polityka.pl\/passent\/wp-json\/wp\/v2\/users\/4"}],"replies":[{"embeddable":true,"href":"https:\/\/blog.polityka.pl\/passent\/wp-json\/wp\/v2\/comments?post=5874"}],"version-history":[{"count":3,"href":"https:\/\/blog.polityka.pl\/passent\/wp-json\/wp\/v2\/posts\/5874\/revisions"}],"predecessor-version":[{"id":5878,"href":"https:\/\/blog.polityka.pl\/passent\/wp-json\/wp\/v2\/posts\/5874\/revisions\/5878"}],"wp:featuredmedia":[{"embeddable":true,"href":"https:\/\/blog.polityka.pl\/passent\/wp-json\/wp\/v2\/media\/5877"}],"wp:attachment":[{"href":"https:\/\/blog.polityka.pl\/passent\/wp-json\/wp\/v2\/media?parent=5874"}],"wp:term":[{"taxonomy":"category","embeddable":true,"href":"https:\/\/blog.polityka.pl\/passent\/wp-json\/wp\/v2\/categories?post=5874"},{"taxonomy":"post_tag","embeddable":true,"href":"https:\/\/blog.polityka.pl\/passent\/wp-json\/wp\/v2\/tags?post=5874"}],"curies":[{"name":"wp","href":"https:\/\/api.w.org\/{rel}","templated":true}]}}